{"id":5084,"date":"2012-04-10T02:28:39","date_gmt":"2012-04-10T02:28:39","guid":{"rendered":null},"modified":"-0001-11-30T00:00:00","modified_gmt":"-0001-11-30T00:00:00","slug":"churches-censorship-improvisation-and-lack-of-coordination-of-the-government-by-cutting-one-week-after-the-pge","status":"publish","type":"post","link":"https:\/\/www.best-dentist-dentistry.com\/de\/churches-censorship-improvisation-and-lack-of-coordination-of-the-government-by-cutting-one-week-after-the-pge\/5084","title":{"rendered":"Kirchen Zensur &#8220;Improvisation&#8221; und &#8220;mangelnde Koordinierung&#8221; der Regierung von schneiden eine Woche nach der PGE"},"content":{"rendered":"<p class=\"first\"> MADRID, 9 (EUROPA PRESS)<\/p>\n<p>Der Sozialisten im Senat, Marcelino Iglesias, Sprecher verpr\u00fcgelnd &#8220;Improvisation&#8221; und &#8220;mangelnde Koordinierung&#8221; von der Regierung von Mariano Rajoy, nachdem das neue Paket von Reformen in Bildung und Gesundheit, mit denen sie erwarteten Einsparungen in H\u00f6he von 10 Milliarden Euro, eine Ank\u00fcndigung, die die sozialistische F\u00fchrer, angegeben, durch eine Pressemitteilung wurde eine Woche nach der Einf\u00fchrung des allgemeinen Staatshaushalts (PGE).<\/p>\n<p>&#8220;Es ist ein Mangel an Improvisation und mangelnde Koordinierung \u00e4u\u00dferst Besorgnis erregend f\u00fcr eine Regierung, die uns gesagt hatte, hatte alles geplant, sie die Formel von das Labyrinth h\u00e4tten, in dem sie alle Volkswirtschaften S\u00fcdeuropas sind&#8221;, hat gesch\u00e4tzte Kirchen in einem Interview auf Kanal 24 Stunden, die von Europa Press gesammelt.<\/p>\n<p>Kirchen wurde beschrieben als &#8220;Unsinn&#8221; den Schnitt von la Moncloa nach einem Treffen des Pr\u00e4sidenten der Regierung Mariano Rajoy, mit einigen seiner Minister und seiner wirtschaftlichen Team angek\u00fcndigt.<\/p>\n<p>Hat auch darauf bestanden, dass die PSOE weiterhin das Gesetz ablehnen, die den Stabilit\u00e4tspakt versiegelt zwischen beliebten und sozialistischen entwickelt in der vergangenen Wahlperiode zu verstehen, dass die erste &#8220;was vers\u00e4umt haben&#8221; vereinbart wurde. &#8220;Die PSOE ist laut Stabilit\u00e4t aber nicht mit Null-Defizit, das hinterl\u00e4sst keinen Spielraum f\u00fcr die Regierungen&#8221;, argumentierte er. <\/p>\n<p>Verteidigung der CCAA<\/p>\n<p>Kirchen wurde der Sprecher der PP-Regierung in Spanien &#8220;unter der Lupe&#8221; die Schuld der M\u00e4rkte mit ihren Erkl\u00e4rungen, zum Beispiel wenn sie bezweifeln die Konten der autonomen Regionen wie Andalusien. Auf diese Region hat es gesagt, dass es eine Frage der Transparenz &#8220;Unsinn&#8221; von einigen \u00f6ffentlichen Konten bekannt, dass die Zentralregierung und es hat schon hoffen, dass die Exekutive der sozialistischen Jos\u00e9 Antonio Gri\u00f1\u00e1n zuk\u00fcnftige Verpflichtungen mit Europa &#8220;\u00fcbernehmen&#8221; wird. <\/p>\n<p>Sozialdemokratische Sprecher im Oberhaus hat verteidigt die autonomen Gemeinschaften sind nicht &#8220;Manirrotas&#8221; und dass aufgrund eines &#8220;brutalen Umsatzr\u00fcckgang&#8221; der Versto\u00df gegen das Defizit durch die Regierung von Jos\u00e9 Luis Rodr\u00edguez Zapatero angenommen wurde.<\/p>\n<p>Der Gesundheitszustand<\/p>\n<p>In diesem Sinne hat betont, dass die Sozialisten Wetten, dass Gesundheitswesen kostenlos ist und &#8220;f\u00fcr alle gleich&#8221;, daher abgelehnt, die Ma\u00dfnahme durch den Minister f\u00fcr Wirtschaft, Luis Guindos, so dass h\u00f6here Einkommen zahlen Teil der Gesundheitsf\u00fcrsorge, das Sie verteilen den Zustand ausgel\u00f6st.<\/p>\n<p>&#8220;Spanish Public Health&#8221;, wurde hinzugef\u00fcgt, um Kirchen, &#8220;Es ist eines der besten in der Welt und eines der billigsten in Europa&#8221;. Nicht beunruhigt die Bev\u00f6lkerung, obwohl es zutrifft, dass m\u00fcssen wir Dinge zu modernisieren, hat es Apostils vor der Erinnerung an, die das nationale Gesundheitssystem &#8220;verbessert&#8221; nach der Dezentralisierung, angenommen durch die Regierung von Jos\u00e9 Mar\u00eda Aznar.  <\/p>\n","protected":false},"excerpt":{"rendered":"<p>MADRID, 9 (EUROPA PRESS) Der Sozialisten im Senat, Marcelino Iglesias, Sprecher verpr\u00fcgelnd &#8220;Improvisation&#8221; und &#8220;mangelnde Koordinierung&#8221; von der Regierung von Mariano Rajoy, nachdem das neue Paket von Reformen in Bildung und Gesundheit, mit denen sie erwarteten Einsparungen in H\u00f6he von 10 Milliarden Euro, eine Ank\u00fcndigung, die die sozialistische F\u00fchrer, angegeben, durch eine Pressemitteilung wurde eine [&hellip;]<\/p>\n","protected":false},"author":1,"featured_media":0,"comment_status":"close","ping_status":"open","sticky":false,"template":"","format":"standard","meta":{"footnotes":""},"categories":[3],"tags":[14814,14816,14815],"class_list":["post-5084","post","type-post","status-publish","format-standard","hentry","category-allgemeine","tag-kirchen","tag-pge","tag-zensur","et-doesnt-have-format-content","et_post_format-et-post-format-standard"],"_links":{"self":[{"href":"https:\/\/www.best-dentist-dentistry.com\/de\/wp-json\/wp\/v2\/posts\/5084","targetHints":{"allow":["GET"]}}],"collection":[{"href":"https:\/\/www.best-dentist-dentistry.com\/de\/wp-json\/wp\/v2\/posts"}],"about":[{"href":"https:\/\/www.best-dentist-dentistry.com\/de\/wp-json\/wp\/v2\/types\/post"}],"author":[{"embeddable":true,"href":"https:\/\/www.best-dentist-dentistry.com\/de\/wp-json\/wp\/v2\/users\/1"}],"replies":[{"embeddable":true,"href":"https:\/\/www.best-dentist-dentistry.com\/de\/wp-json\/wp\/v2\/comments?post=5084"}],"version-history":[{"count":0,"href":"https:\/\/www.best-dentist-dentistry.com\/de\/wp-json\/wp\/v2\/posts\/5084\/revisions"}],"wp:attachment":[{"href":"https:\/\/www.best-dentist-dentistry.com\/de\/wp-json\/wp\/v2\/media?parent=5084"}],"wp:term":[{"taxonomy":"category","embeddable":true,"href":"https:\/\/www.best-dentist-dentistry.com\/de\/wp-json\/wp\/v2\/categories?post=5084"},{"taxonomy":"post_tag","embeddable":true,"href":"https:\/\/www.best-dentist-dentistry.com\/de\/wp-json\/wp\/v2\/tags?post=5084"}],"curies":[{"name":"wp","href":"https:\/\/api.w.org\/{rel}","templated":true}]}}