{"id":5118,"date":"2012-04-11T02:27:55","date_gmt":"2012-04-11T02:27:55","guid":{"rendered":null},"modified":"-0001-11-30T00:00:00","modified_gmt":"-0001-11-30T00:00:00","slug":"france-ruled-out-brutal-reforms-to-find-the-balance-of-health","status":"publish","type":"post","link":"https:\/\/www.best-dentist-dentistry.com\/de\/france-ruled-out-brutal-reforms-to-find-the-balance-of-health\/5118","title":{"rendered":"Frankreich ausgeschlossen &#8220;brutalen Reformen&#8221;, die Balance der Gesundheit finden"},"content":{"rendered":"<p class=\"first\"> Paris, 10 Apr (EFE).-die franz\u00f6sische Volksgesundheit Defizit sank auf 8.360 Milliarden im Jahr 2011, im Vergleich zu 11.360 Milliarde ein Jahr zuvor angek\u00fcndigt, Direktor des Management-Agentur, Fr\u00e9d\u00e9ric van Roekeghem, die &#8220;brutale Reformen&#8221; des finanziellen Gleichgewichts des Systems ausgeschlossen.<\/p>\n<p>&#8220;Die Balance ist innerhalb der Reichweite ohne Start brutal Reformen&#8221;, betonte in einem Interview, heute von &#8220;Les Echos&#8221; Van Roekeghem ver\u00f6ffentlicht, als Reaktion auf die Arbeitgeber Medef, deren Pr\u00e4sident vor ein paar Tagen der \u00f6ffentlichen Gesundheit als ist &#8220;am Rande des Bankrotts&#8221; und dieser Sieg wer die Fr\u00fchling Wahlen gewinnt wird es fehlt eine weit reichende Reform.<\/p>\n<p>Der Direktor der Krankenversicherung anerkannt, dass Sozialschutz nicht ausreichend finanziert ist aber, dass &#8220;seit mehreren Jahren wir kontrollieren besser verbringen&#8221;.<\/p>\n<p>Damit erkl\u00e4rt, dass Management-Kosten, die 5,5 % des Haushaltsplans im Jahr 2000 ihre Relative reduziert auf 3,6 % Gewicht und St\u00e4rke in diesen Funktionen haben sank von 85.000 Ende 2003 auf 72.000 derzeit Dank vor allem der &#8220;Dematerialisierung&#8221; von all den Papierkram, die in vielen F\u00e4llen \u00fcber das Internet hergestellt werden.<\/p>\n<p>Stellte fest, dass die zwei wichtigsten Kandidaten bei den franz\u00f6sischen Pr\u00e4sidentschaftswahlen, der konservative Nicolas Sarkozy und der Sozialist Fran\u00e7ois Hollande zwischen, &#8220;Es gibt ein Konsens deutlich auf die Notwendigkeit, die Ausgaben zu kontrollieren und ein hohes Ma\u00df an Sozialschutz aufrechtzuerhalten&#8221;.<\/p>\n<p>Sarkozy in seinem Programm bietet f\u00fcr ein Anstieg der Gesundheitsausgaben von 2,5 Prozent pro Jahr wenn gibt Wiederwahl als Staatsoberhaupt, w\u00e4hrend Hollande 3 % soll.<\/p>\n<p>In ihr Mandat endet jetzt, hat das erste Steuerelement Pop zwingen Pharma-Konzerne, die Preise f\u00fcr Medikamente zu reduzieren, als auch mit \u00c4rzten oder anderen Angeh\u00f6rigen der Gesundheitsberufe, einige seiner Tarife nach unten Neuverhandlung wollte.<\/p>\n<p>Van Roekeghem erinnerte daran, dass die Regierung f\u00fcr dieses Jahr weitere Begrenzung des Defizits auf 5,9 Milliarden Euro geplant hat, aber der Auffassung, dass &#8220;es noch zu fr\u00fch ist&#8221; zu wissen, ob es halten wird, weil es vor allem auf den Lohn abh\u00e4ngen, welche Sozialversicherung Beitr\u00e4ge abh\u00e4ngen.<\/p>\n<p>War auf jeden Fall davon \u00fcberzeugt, dass &#8220;das Ziel der Ausgaben wieder respektiert werden muss&#8221;. EFE<\/p>\n","protected":false},"excerpt":{"rendered":"<p>Paris, 10 Apr (EFE).-die franz\u00f6sische Volksgesundheit Defizit sank auf 8.360 Milliarden im Jahr 2011, im Vergleich zu 11.360 Milliarde ein Jahr zuvor angek\u00fcndigt, Direktor des Management-Agentur, Fr\u00e9d\u00e9ric van Roekeghem, die &#8220;brutale Reformen&#8221; des finanziellen Gleichgewichts des Systems ausgeschlossen. &#8220;Die Balance ist innerhalb der Reichweite ohne Start brutal Reformen&#8221;, betonte in einem Interview, heute von &#8220;Les [&hellip;]<\/p>\n","protected":false},"author":1,"featured_media":0,"comment_status":"close","ping_status":"open","sticky":false,"template":"","format":"standard","meta":{"footnotes":""},"categories":[3],"tags":[14925,14924],"class_list":["post-5118","post","type-post","status-publish","format-standard","hentry","category-allgemeine","tag-rutalen","tag-reorganisation","et-doesnt-have-format-content","et_post_format-et-post-format-standard"],"_links":{"self":[{"href":"https:\/\/www.best-dentist-dentistry.com\/de\/wp-json\/wp\/v2\/posts\/5118","targetHints":{"allow":["GET"]}}],"collection":[{"href":"https:\/\/www.best-dentist-dentistry.com\/de\/wp-json\/wp\/v2\/posts"}],"about":[{"href":"https:\/\/www.best-dentist-dentistry.com\/de\/wp-json\/wp\/v2\/types\/post"}],"author":[{"embeddable":true,"href":"https:\/\/www.best-dentist-dentistry.com\/de\/wp-json\/wp\/v2\/users\/1"}],"replies":[{"embeddable":true,"href":"https:\/\/www.best-dentist-dentistry.com\/de\/wp-json\/wp\/v2\/comments?post=5118"}],"version-history":[{"count":0,"href":"https:\/\/www.best-dentist-dentistry.com\/de\/wp-json\/wp\/v2\/posts\/5118\/revisions"}],"wp:attachment":[{"href":"https:\/\/www.best-dentist-dentistry.com\/de\/wp-json\/wp\/v2\/media?parent=5118"}],"wp:term":[{"taxonomy":"category","embeddable":true,"href":"https:\/\/www.best-dentist-dentistry.com\/de\/wp-json\/wp\/v2\/categories?post=5118"},{"taxonomy":"post_tag","embeddable":true,"href":"https:\/\/www.best-dentist-dentistry.com\/de\/wp-json\/wp\/v2\/tags?post=5118"}],"curies":[{"name":"wp","href":"https:\/\/api.w.org\/{rel}","templated":true}]}}