{"id":5176,"date":"2012-04-15T06:10:17","date_gmt":"2012-04-15T06:10:17","guid":{"rendered":null},"modified":"-0001-11-30T00:00:00","modified_gmt":"-0001-11-30T00:00:00","slug":"cycle-6-oj-pro-odonto-aesthetics","status":"publish","type":"post","link":"https:\/\/www.best-dentist-dentistry.com\/de\/cycle-6-oj-pro-odonto-aesthetics\/5176","title":{"rendered":"Zyklus 6 ABl PRO ODONTO \u00c4sthetik"},"content":{"rendered":"<h3>O Zyklus Apresenta Novas Techniken gibt Spezialit\u00e4ten.<\/h3>\n<p>Imagesourceden <\/p>\n<p>f\u00fcr ausgew\u00e4hlte Papiere oder Zyklus 6 ABl PRO &#8211; ODONTO \u00e4sthetische Abordam Novas T\u00e9cnicas e Materiais. OS Diretores Acad\u00eamicos Dr. Jos\u00e9 Carlos Pereira und Dr. Marco Ant\u00f4nio Masioli Ordenaram os Themen in einer Weise, dass als Informa\u00e7\u00f5es Em ist Complementem kein Decorrer Zyklus zu tun. Oder Atualiza\u00e7\u00e3o Em Odontologia \u00e4sthetische \u00c9 Desenvolvido Pela Partnerschaft zwischen Associa\u00e7\u00e3o Brasileira Zahnmedizin (ABO) und Artmed Pan American Editor-Programm, SESCAD \u00ae tun Meio.<\/p>\n<p>Dr. Pereira H\u00f6hepunkte um zwei Themen, &#8220;Missbildungen und Anomalien Dentais \u00e4sthetische Erkrankungen wissen&#8221;, die klinische Ao Premium Calcio da Melhor technische restaurativen \u00e4sthetischen aktivieren erforderlich ist. &#8220;Tamb\u00e9m Possibilita oder Progn\u00f3stico tun Em Longo Prazo Behandlung&#8221;, erkl\u00e4rt. Von Sua Zeit, Dr. Masioli Salienta oder Artigo &#8220;Microabras\u00e3o verbundenen Clareamento Ao&#8221;, weil Ao Zahnarzt Otimiza\u00e7\u00e3o den f\u00fchren zu Associa\u00e7\u00e3o Dessa technische com o dental Clareamento Possibilita, um \u00e4sthetische, bereitgestellten Pela Microabras\u00e3o.<\/p>\n<\/p>\n<p><strong>Wie es funktioniert oder PRO-ODONTO-\u00c4sthetik<\/strong><\/p>\n<p>Oder Ingresso Zyklus nicht ABl PRO-ODONTO \u00c4sthetik Pode Ocorrer Em Qualquer Ao Longo Dos dauert 12 Monate Land tun Vig\u00eancia e Qualquer Platz 6, POI os Module S\u00e3o kann Em Casa. ABO zugelassenen zertifizierten Outorga von 180 Stunden\/Klassenzimmer Aos Na Abschlussbewertung von jedem Zyklus. Al\u00e9m Desse Programm Atualiza\u00e7\u00e3o Em \u00c4sthetik, H\u00e1 Mais f\u00fcnf Spezialit\u00e4ten: Pr\u00f3tese, Cir\u00fargica Ortodontia Odontologia, pr\u00e4ventive e Sa\u00fade Coletiva und Implantodontia.<\/p>\n<p>Os registriert teniamos Acesso Ao e-Learning, um virtuelle Lernumgebung. Nele \u00c9 Poss\u00edvel suchen oder Clipping Sa\u00fade, interviews Atualizado t\u00e4glich com, Mat\u00e9rias, Not\u00edcias wissenschaftliche und Resumos der blidgets Internacionais. Mais Uma Vantagem, \u00c9 o 15 % Rabatt auf Kauf eines Livros Katalog tun Gruppe A, die Artmed E M\u00e9dicas Kunstredakteur enth\u00e4lt. OS Module Est\u00e3o Dispon\u00edveis Tamb\u00e9m, Ms e-Book-Format. Oder Semelhante \u00c0 Vers\u00e3o Impressa \u00c9 Conte\u00fado, Mas Acess\u00edvel Vers\u00f5es Digitais E, Por Isso, com Interatividade Merkmale. NESSE-Format, ich habe mich registriert, Podem Fazer Anota\u00e7\u00f5es, Compartilhar com nimmt seine Freunde, Ler Seu com-Modul verschiedene Veredelung von Layout, unter anderem. Acompanhe als abonnieren SESCAD Nas drive sociais:.facebook.br\/sescad. Twitter. Br\/Sescad.<\/p>\n<p>Mais Informa\u00e7\u00f5es Podem aufgezogen werden von Meio tun Tefefone (51) 3025-2550 Ou durch info@sescad.br e-mail.<\/p>\n<\/p>\n<p>. sescad.br \/ &gt;<\/p>\n","protected":false},"excerpt":{"rendered":"<p>O Zyklus Apresenta Novas Techniken gibt Spezialit\u00e4ten. Imagesourceden f\u00fcr ausgew\u00e4hlte Papiere oder Zyklus 6 ABl PRO &#8211; ODONTO \u00e4sthetische Abordam Novas T\u00e9cnicas e Materiais. OS Diretores Acad\u00eamicos Dr. Jos\u00e9 Carlos Pereira und Dr. Marco Ant\u00f4nio Masioli Ordenaram os Themen in einer Weise, dass als Informa\u00e7\u00f5es Em ist Complementem kein Decorrer Zyklus zu tun. Oder Atualiza\u00e7\u00e3o [&hellip;]<\/p>\n","protected":false},"author":1,"featured_media":0,"comment_status":"closed","ping_status":"open","sticky":false,"template":"","format":"standard","meta":{"footnotes":""},"categories":[3],"tags":[15037,15036,15038],"class_list":["post-5176","post","type-post","status-publish","format-standard","hentry","category-allgemeine","tag-abl","tag-dentaria","tag-pro-odonto-sthetik","et-doesnt-have-format-content","et_post_format-et-post-format-standard"],"_links":{"self":[{"href":"https:\/\/www.best-dentist-dentistry.com\/de\/wp-json\/wp\/v2\/posts\/5176","targetHints":{"allow":["GET"]}}],"collection":[{"href":"https:\/\/www.best-dentist-dentistry.com\/de\/wp-json\/wp\/v2\/posts"}],"about":[{"href":"https:\/\/www.best-dentist-dentistry.com\/de\/wp-json\/wp\/v2\/types\/post"}],"author":[{"embeddable":true,"href":"https:\/\/www.best-dentist-dentistry.com\/de\/wp-json\/wp\/v2\/users\/1"}],"replies":[{"embeddable":true,"href":"https:\/\/www.best-dentist-dentistry.com\/de\/wp-json\/wp\/v2\/comments?post=5176"}],"version-history":[{"count":0,"href":"https:\/\/www.best-dentist-dentistry.com\/de\/wp-json\/wp\/v2\/posts\/5176\/revisions"}],"wp:attachment":[{"href":"https:\/\/www.best-dentist-dentistry.com\/de\/wp-json\/wp\/v2\/media?parent=5176"}],"wp:term":[{"taxonomy":"category","embeddable":true,"href":"https:\/\/www.best-dentist-dentistry.com\/de\/wp-json\/wp\/v2\/categories?post=5176"},{"taxonomy":"post_tag","embeddable":true,"href":"https:\/\/www.best-dentist-dentistry.com\/de\/wp-json\/wp\/v2\/tags?post=5176"}],"curies":[{"name":"wp","href":"https:\/\/api.w.org\/{rel}","templated":true}]}}