{"id":5227,"date":"2012-04-16T02:26:13","date_gmt":"2012-04-16T02:26:13","guid":{"rendered":null},"modified":"-0001-11-30T00:00:00","modified_gmt":"-0001-11-30T00:00:00","slug":"pope-calls-for-greater-social-role-of-church-in-cuba","status":"publish","type":"post","link":"https:\/\/www.best-dentist-dentistry.com\/de\/pope-calls-for-greater-social-role-of-church-in-cuba\/5227","title":{"rendered":"pope calls for greater social role of church in cuba"},"content":{"rendered":"<p class=\"first\"> SANTIAGO DE CUBA (Reuters) &#8211; Papst Benedikt XVI. kam am Montag in Kuba mit dem Ziel der F\u00f6rderung der sozialen Rolle der Kirche auf der Insel und St\u00e4rkung der Beziehungen mit der Regierung von Raul Castro, trotz ihrer Visionen \u00fcber die Zukunft des bestehenden sozialistischen Modells f\u00fcr mehr als f\u00fcnf Jahrzehnten widerspr\u00fcchliche.<\/p>\n<p>Der Heilige Vater erhielt von der kubanische Pr\u00e4sident bei der Flughafen von Santiago De Cuba unter der donnernden Salut der Kanonen und den Beifall von Tausenden von Menschen, starten Sie einen dreit\u00e4gigen Besuch um zu Ehren der Jungfrau der Barmherzigkeit, nationale F\u00f6rderer in seinem 400-j\u00e4hrigen Jubil\u00e4um.<\/p>\n<p>Seit die historische Begegnung zwischen Papst Johannes Paul II und ehemalige Pr\u00e4sident Fidel Castro in 1998, ist die katholische Kirche die wichtigsten Gespr\u00e4chspartner der Regierung geworden und viele hoffen des Besuchs in seiner Rolle als Mediation auf Probleme als politische Gefangene und Dissidenten-Gruppen als empfindlich erh\u00f6hen.<\/p>\n<p>&#8220;Eine der wichtigsten Fr\u00fcchte dieses Besuchs war die Einweihung einer neuen Etappe in den Beziehungen zwischen der Kirche und dem kubanischen Staat,&#8221; sagte der Papst die Bedeutung des polnischen Papstes zu Feindschaft zwischen beiden Institutionen seit dem Triumph der Revolution 1959 mildern.<\/p>\n<p>&#8220;zwar es noch viele M\u00f6glichkeiten gibt, in dem Sie k\u00f6nnen und sollten nach vorne verschieben, insbesondere im Hinblick auf den wesentlichen Beitrag, dass Religion wird aufgerufen, um in der \u00d6ffentlichkeit der Gesellschaft zu spielen&#8221;, sagte Benedikt XVI. in makellos wei\u00df gekleidet.<\/p>\n<p>Obwohl mit weniger magnetische Medien, die ihre jeweiligen Vorg\u00e4nger, Ra\u00fal Castro und Papst Benedikt XVI. sind als pragmatischer F\u00fchrer gesehen und konnte die Sitzung Zement einen Schl\u00fcssel Alliance in die die Regierung versucht, die Wirtschaft zu aktualisieren, ohne Verzicht auf seine sozialistischen Ideologie.<\/p>\n<p>&#8220;die Nation verfolgt ausnahmslos alles \u00e4ndern, was ge\u00e4ndert werden soll, im Einklang mit den h\u00f6chsten Bestrebungen des kubanischen Volkes und die kostenlose Teilnahme dieser bedeutsamen Entscheidungen unserer Gesellschaft,&#8221; sagte Castro, gekleidet in schwarzen Anzug und Krawatte Maroon ein get\u00f6ntem Glas.<\/p>\n<p>Tausende von Menschen gaben ein jubelnder Willkommen zu den deutschen Pontifex Geschrei und winken Flaggen in einer beeindruckenden 8 km-Menschenkette, dass Flanque\u00f3 die Papamobil-Strecke, dem Zentrum von Santiago, der zweitgr\u00f6\u00dften Stadt des Landes 900 Kilometer \u00f6stlich von Havanna.<\/p>\n<p>Eine kleine Tour zur Wiederbelebung des katholischen Glaubens gegen die wachsende Dynamik der beliebten protestantischen Religionen in der Region 84-j\u00e4hrige Benedict eingeschlagen. In seiner Passage durch Mexiko, verurteilte der Papst die Gewalt f\u00fcr den Drogenhandel, die mehr als 50.000 getroffen hat in den vergangenen f\u00fcnf Jahren lebt.<\/p>\n<p>AGENDA ohne DISSIDENTEN<\/p>\n<p>Pertrechadas mit Flaschen Wasser um die dr\u00fcckende Hitze der Karibik zu unterdr\u00fccken, einige 200.000 Menschen besuchen am Nachmittag Masse, die Datens\u00e4tze den Pontifex in Santiago de Chile, einschliesslich Hunderten von Kubaner in Florida, die viele im Land noch schief aussehen.<\/p>\n<p>&#8220;Die Mitbr\u00fcder der Diaspora willkommen.&#8221; &#8220;Alle Br\u00fcder&#8221;, ein gro\u00dfes Plakat in der Plaza der Revolution in Santiago gelesen.<\/p>\n<p>wir alle wissen, dass Kuba \u00e4ndern muss &#8220;, sagte Carlos Saladrigas, wer lebt in Miami.&#8221;dieser Besuch fordert von uns alle Kubaner zur\u00fccklassen, Konfrontation, Streit, Hass, uns in Einklang zu bringen und uns in Br\u00fcder verwandeln&#8221;, versichert er auf politische Spannungen, die zwischen den beiden Gruppen beibehalten werden.<\/p>\n<p>Das grau gesungen, getanzt und skandierten Parolen in zugunsten des Papstes vor der Predigt. Die Spannung stieg als kam das Virgen De La Caridad mit Str\u00e4u\u00dfe von Blumen und seine jeweled, Hauptrolle in die vierte Ausfahrt, die das urspr\u00fcngliche Bild des Heiligtums von El Cobre, wenige Kilometer von Santiago hat.<\/p>\n<p>Am Dienstag, dem Papst zahlt Tribut an die nationalen Schutzpatron, ein Symbol f\u00fcr Gl\u00e4ubige und Atheisten in der Insel, da Schwimmen im Meer von den Fischern im Jahr 1612 wurde festgestellt, dass und am Nachmittag fliegt nach Havanna formell mit Ra\u00fal erf\u00fcllen.<\/p>\n<p>Es ist unklar, ob Benedikt XVI. auch mit Fidel, 85 Jahre, oder mit dem venezolanischen Pr\u00e4sidenten Hugo Ch\u00e1vez, erf\u00fcllen wird, ist in Kuba in der Strahlentherapie gegen Krebs, die im letzten Jahr diagnostiziert wurde.<\/p>\n<p>Allerdings der Heilige Vater hat keinen geplant in ihrer Agenda dissident F\u00fchrer empfangen, die eine Minute Ihrer Zeit, die Forderungen nach mehr politischer Freiheit und Achtung der Menschenrechte im Land zu erh\u00f6hen aufgerufen hatte.<\/p>\n<p>Las Damas de Blanco, eine Gruppe von katholischen Frauen fordern die Freilassung von politischen Gefangenen, sagte, dass die Beh\u00f6rden ein Kuba Ihnen zeigen &#8220;das ist nicht vorhanden&#8221; und behaupten, die sie verboten haben w\u00e4hrend des Besuchs des Papstes manifestiert.<\/p>\n<p>Some 30 Frauen in dieser Gruppe zeigte am Sonntag ohne R\u00fcckschl\u00e4ge in Havanna unter gro\u00dfen Medien seit die Verhaftung letzte Woche von mehreren der Gegner die \u00c4ngste der Konflikt w\u00e4hrend der Papst traf der bleiben.<\/p>\n<p>Kommunismus NI und NI-EMBARGO<\/p>\n<p>Besuchen Sie Crown eine s\u00fc\u00dfe Zeit zwischen der Kirche und der Regierung, trotz der Tatsache, die der Kritik von Benedikt XVI., zum Kommunismus vor der Reise nach Lateinamerika die enorme Unterschiede zeigen, die noch zwischen den beiden Seiten beibehalten werden.<\/p>\n<p>&#8220;Kuba, in diesem besonders wichtigen Punkt in ihrer Geschichte, ist morgen bereits zu suchen, und so bem\u00fcht sich erneuern und erweitern ihren Horizont zu erweitern&#8221;, sagte der h\u00f6chste Hierarch der katholischen Kirche, genannt f\u00fcr eine globale Ver\u00e4nderungen entstehen aus der wirtschaftlichen und moralischen Krise, die die Seele des Menschen bedroht.<\/p>\n<p>Trotz Kritik des Kommunismus lehnt der Vatikan auch offen das Embargo der USA gegen Kuba vor 50 Jahren durch ihre Auswirkungen auf die Bev\u00f6lkerung verh\u00e4ngte.<\/p>\n<p>Der Papst hat angeboten Hilfe voraus &#8220;glatt&#8221; zu neuen Modellen, etwas, das Erwartungen geweckt hat, dass seine Reise helfen werden Hunderte von Reformen zu f\u00f6rdern die Regierung zu geben mehr Raum f\u00fcr privates Unternehmertum und erheblich erleichtern die pralle Zustand Abrechnung Umsetzung ist.<\/p>\n<p>Obwohl sie noch entstehen, generiert \u00c4nderungen &#8211; wie z. B. eine Reduzierung der eine Million Arbeitspl\u00e4tze State &#8211; Illusion und Zweifel in das Land der 11 Millionen Einwohner, daran gew\u00f6hnt, Jahrzehnte der Sowjet-Stil Zentralisierung.<\/p>\n<p>&#8220;das kubanische Volk hat hartn\u00e4ckigen Widerstand, zu wissen, dass wir auch das legitimes Recht haben, wenn wir unseren eigenen Weg zu gehen&#8221;, sagte Castro, der offiziell in 2008 nach dem R\u00fccktritt von seinem Bruder aus Gr\u00fcnden der Gesundheit an die Macht kam.<\/p>\n<p>&#8220;Keinen Grund, zu Cuba sind Sie Verleumdung.&#8221; &#8220;Aber wir sind zuversichtlich, die Wahrheit die wir nie beiseite macht immer seinen Weg&#8221;, den kubanischen Vertreter abgeschlossen.<\/p>\n<p>(Mit zus\u00e4tzlichen Bericht von Miguel Angel Guti\u00e9rrez in Le\u00f3n, Mexiko.) (Herausgegeben von Enrique Andr\u00e9s Brezel, Silene Ramirez und Javier Leira)<\/p>\n","protected":false},"excerpt":{"rendered":"<p>SANTIAGO DE CUBA (Reuters) &#8211; Papst Benedikt XVI. kam am Montag in Kuba mit dem Ziel der F\u00f6rderung der sozialen Rolle der Kirche auf der Insel und St\u00e4rkung der Beziehungen mit der Regierung von Raul Castro, trotz ihrer Visionen \u00fcber die Zukunft des bestehenden sozialistischen Modells f\u00fcr mehr als f\u00fcnf Jahrzehnten widerspr\u00fcchliche. Der Heilige Vater [&hellip;]<\/p>\n","protected":false},"author":1,"featured_media":0,"comment_status":"close","ping_status":"open","sticky":false,"template":"","format":"standard","meta":{"footnotes":""},"categories":[3],"tags":[],"class_list":["post-5227","post","type-post","status-publish","format-standard","hentry","category-allgemeine","et-doesnt-have-format-content","et_post_format-et-post-format-standard"],"_links":{"self":[{"href":"https:\/\/www.best-dentist-dentistry.com\/de\/wp-json\/wp\/v2\/posts\/5227","targetHints":{"allow":["GET"]}}],"collection":[{"href":"https:\/\/www.best-dentist-dentistry.com\/de\/wp-json\/wp\/v2\/posts"}],"about":[{"href":"https:\/\/www.best-dentist-dentistry.com\/de\/wp-json\/wp\/v2\/types\/post"}],"author":[{"embeddable":true,"href":"https:\/\/www.best-dentist-dentistry.com\/de\/wp-json\/wp\/v2\/users\/1"}],"replies":[{"embeddable":true,"href":"https:\/\/www.best-dentist-dentistry.com\/de\/wp-json\/wp\/v2\/comments?post=5227"}],"version-history":[{"count":0,"href":"https:\/\/www.best-dentist-dentistry.com\/de\/wp-json\/wp\/v2\/posts\/5227\/revisions"}],"wp:attachment":[{"href":"https:\/\/www.best-dentist-dentistry.com\/de\/wp-json\/wp\/v2\/media?parent=5227"}],"wp:term":[{"taxonomy":"category","embeddable":true,"href":"https:\/\/www.best-dentist-dentistry.com\/de\/wp-json\/wp\/v2\/categories?post=5227"},{"taxonomy":"post_tag","embeddable":true,"href":"https:\/\/www.best-dentist-dentistry.com\/de\/wp-json\/wp\/v2\/tags?post=5227"}],"curies":[{"name":"wp","href":"https:\/\/api.w.org\/{rel}","templated":true}]}}