{"id":5266,"date":"2012-04-16T03:29:34","date_gmt":"2012-04-16T03:29:34","guid":{"rendered":null},"modified":"-0001-11-30T00:00:00","modified_gmt":"-0001-11-30T00:00:00","slug":"the-spinal-lesionado-foundation-receives-the-prize-queen-sofaa-2011","status":"publish","type":"post","link":"https:\/\/www.best-dentist-dentistry.com\/de\/the-spinal-lesionado-foundation-receives-the-prize-queen-sofaa-2011\/5266","title":{"rendered":"Die spinalen Lesionado Stiftung erh\u00e4lt den Preis K\u00f6nigin Sof\u00eda 2011"},"content":{"rendered":"<p><font   size=\"2\"> <strong><font size=\"3\"> die Stiftung von der spinalen Lesionado erh\u00e4lt den Preis K\u00f6nigin Sof\u00eda 2011<\/font> <\/p>\n<p> einberufen wird durch den Royal Trust f\u00fcr Behinderung<\/strong> <\/p>\n<p>-wurde erkannte seine Arbeit in der Kategorie  Rehabilitation und Integration &#8221; <\/p>\n<p> <strong><br \/> Madrid, April 2012.-<\/strong> das Fundament der Wirbels\u00e4ule Lesionado erhalten hat, in den Palacio De La Zarzuela, den Preis K\u00f6nigin Sof\u00eda 2011 von  Rehabilitation und Integration &#8221;. <\/p>\n<p>Diese Auszeichnungen, gerufen vom Royal Trust f\u00fcr Behinderung, Jury hervorgehoben die Wette der Stiftung durch die funktionelle Rehabilitation und sozialen Integration von Menschen mit R\u00fcckenmarksverletzungen, einen Beitrag zur Innovation mit Autonomie und soziale Teilhabe-Programme. Es ist mit 50.000 Euro dotiert. <\/p>\n<p>Die Auszeichnung wurde von SM die K\u00f6nigin, der Pr\u00e4sident der Stiftung der spinalen Lesionado, Miguel \u00c1ngel Garc\u00eda Oca, wer das betont hat  erreichen Eingliederung und sozialer Beteiligung f\u00fchrte die Stiftung mit der Systematik der \u00e4hnliche Zentren, wegweisende bundesweit brechen &#8221;. <\/p>\n<p>  Bieten die M\u00f6glichkeit, 300 Benutzer pro Woche Teil der Gesellschaft, verbessern ihre Kreativit\u00e4t und die Entwicklung von F\u00e4higkeiten und pers\u00f6nlichen Kompetenzen von einem integrativen Konzept &#8221;, wurde hinzugef\u00fcgt. <\/p>\n<p> Erhalten diese Auszeichnung f\u00fchlen, dass ihre Arbeit ist anerkannt und ermutigt uns, weiterhin Hindernisse und das Potential der Personen mit R\u00fcckenmarksverletzung durch die Dienste unserer Stiftung weiterzuentwickeln &#8221;, Garc\u00eda Oca geschlossen hat. <\/p>\n<p>Die Zeremonie wurde vom Minister f\u00fcr Gesundheit, Soziales und Gleichstellung, Ana Mato besucht; der Minister f\u00fcr Entwicklung, Ana Pastor, und die Besch\u00e4ftigung und soziale Sicherheit, F\u00e1tima B\u00e1\u00f1ez. <\/p>\n<p>Mato betonte in seiner Rede, die diese Auszeichnungen eine gewaltige Tool sind  belohnen die weitere Arbeit der lokalen Verwaltungen, Einrichtungen ohne Geist des Profits und Unternehmen mit einem starken Engagements f\u00fcr soziale &#8221;. <\/p>\n<p>  Sind eine Anerkennung durch, die mit ihrer Arbeit tun, dass Menschen mit Behinderungen die echte und wirksame Aus\u00fcbung ihrer Rechte, einschlie\u00dflich des Rechts auf menschenw\u00fcrdige Arbeit und Qualit\u00e4t genie\u00dfen &#8221;. <\/p>\n<p><strong>Allgemeines Gesetz \u00fcber Behinderung<\/strong> <\/p>\n<p>Der Minister f\u00fcr Gesundheit, Soziales und Gleichstellung hat darauf hingewiesen, dass die Regierung w\u00fcrde Start allgemeine Behinderung Recht, die  Harmonisierung der bestehenden Rechtsvorschriften \u00fcber die Angelegenheit und erlauben, erleichtern das Verst\u00e4ndnis und erh\u00f6hen die Transparenz &#8221;. <\/p>\n<p>So erkl\u00e4rt, dass Spanien ein Land sein wollen, muss  in haben eine Behinderung keines Hindernis mit insgesamt und komplette Freiheit entwickeln beinhaltet &#8221;. Aus diesem Grund, die Exekutive  f\u00f6rdert mit Beschluss die uneingeschr\u00e4nkte soziale Integration von Menschen mit Behinderungen im gesamten Staatsgebiet, Bek\u00e4mpfung von Diskriminierungen auftritt wo &#8221;. <\/p>\n<p><strong>Andere preisgekr\u00f6nten<\/strong> <\/p>\n<p>Abgesehen von der Gr\u00fcndung der spinalen Lesionado wurden in der gleichen Kategorie Dr. Jes\u00fas Vaquero Crespo, Hospital Universitario Puerta de Hierro-Majadahonda und inklusive Vereinigung f\u00fcr Menschen mit psychischen Leiden Argentinien ausgezeichnet. <\/p>\n<p>In Form von  universeller Zugang zu Gemeinden &#8221;, R\u00e4te der Buenavista del Norte (Teneriffa), Torrent (Valencia), Vitoria und Valencia die Ehre erhalten haben. In Lateinamerika sind die chilenischen Gemeinden Frutillar und RCA ausgezeichnet worden. <\/p>\n<p>Zus\u00e4tzlich in der Kategorie  F\u00f6rderung der Arbeitskr\u00e4fte Einf\u00fcgung von Menschen mit Behinderungen &#8221; ASEPEYO-MATEPSS arbeiten, indem Sie die Start-up und Durchf\u00fchrung der Programme der sozialen Integration und der Chancengleichheit in der Unternehmenspolitik anerkannt wurde. <\/p>\n<p><strong>Stiftung des verletzten R\u00fcckenmarks<\/strong> <\/p>\n<p>LWB hat eine Residenz, Pionier in Spanien, die 7.000 Quadratmeter Ausstattung speziell und zur Verbesserung der Lebensqualit\u00e4t seiner Nutzer vollst\u00e4ndig gewidmet hat. <\/p>\n<p>Es ist das einzige Zentrum in Spanien Leben wo Menschen mit Paraplegie und Tetraplegie mit einem Dienst mit die neuesten technologischen Entwicklungen. Es geht \u00fcber die station\u00e4re Behandlung, die sie begr\u00fc\u00dft, dass diejenigen, die ihre Bed\u00fcrfnisse und\/oder ihre Familienangeh\u00f6rigen brauchen ein spezialisiertes Zentrum zu leben und unabh\u00e4ngig voneinander entwickeln k\u00f6nnen. <\/p>\n<p>Diese Residenz ist Heimat f\u00fcr innovative Einrichtungen zur Verbesserung der Zug\u00e4nglichkeit und Unabh\u00e4ngigkeit der Einwohner, mit dem Ziel, einen physischen Raum, wo das verletzte R\u00fcckenmark die Dienste ein standardisiertes Lebens notwendig haben kann. <\/p>\n<p>Es ist ein Wohngebiet mit 74 Sitzpl\u00e4tzen, f\u00fcr beide langfristige Aufenthalte, wie tempor\u00e4re oder Notfall, die Bed\u00fcrfnisse der Bewerber. Es hat auch ein Rehabilitationszentrum und den Tag Zentrum, welche kommen w\u00f6chentlich mehr als 200 spinal Cord verletzt. <br \/><\/font><\/p>\n","protected":false},"excerpt":{"rendered":"<p>die Stiftung von der spinalen Lesionado erh\u00e4lt den Preis K\u00f6nigin Sof\u00eda 2011 einberufen wird durch den Royal Trust f\u00fcr Behinderung -wurde erkannte seine Arbeit in der Kategorie Rehabilitation und Integration &#8221; Madrid, April 2012.- das Fundament der Wirbels\u00e4ule Lesionado erhalten hat, in den Palacio De La Zarzuela, den Preis K\u00f6nigin Sof\u00eda 2011 von Rehabilitation und [&hellip;]<\/p>\n","protected":false},"author":1,"featured_media":0,"comment_status":"close","ping_status":"open","sticky":false,"template":"","format":"standard","meta":{"footnotes":""},"categories":[3],"tags":[15145,15147,15146],"class_list":["post-5266","post","type-post","status-publish","format-standard","hentry","category-allgemeine","tag-brbogota","tag-lesionado","tag-spinalen","et-doesnt-have-format-content","et_post_format-et-post-format-standard"],"_links":{"self":[{"href":"https:\/\/www.best-dentist-dentistry.com\/de\/wp-json\/wp\/v2\/posts\/5266","targetHints":{"allow":["GET"]}}],"collection":[{"href":"https:\/\/www.best-dentist-dentistry.com\/de\/wp-json\/wp\/v2\/posts"}],"about":[{"href":"https:\/\/www.best-dentist-dentistry.com\/de\/wp-json\/wp\/v2\/types\/post"}],"author":[{"embeddable":true,"href":"https:\/\/www.best-dentist-dentistry.com\/de\/wp-json\/wp\/v2\/users\/1"}],"replies":[{"embeddable":true,"href":"https:\/\/www.best-dentist-dentistry.com\/de\/wp-json\/wp\/v2\/comments?post=5266"}],"version-history":[{"count":0,"href":"https:\/\/www.best-dentist-dentistry.com\/de\/wp-json\/wp\/v2\/posts\/5266\/revisions"}],"wp:attachment":[{"href":"https:\/\/www.best-dentist-dentistry.com\/de\/wp-json\/wp\/v2\/media?parent=5266"}],"wp:term":[{"taxonomy":"category","embeddable":true,"href":"https:\/\/www.best-dentist-dentistry.com\/de\/wp-json\/wp\/v2\/categories?post=5266"},{"taxonomy":"post_tag","embeddable":true,"href":"https:\/\/www.best-dentist-dentistry.com\/de\/wp-json\/wp\/v2\/tags?post=5266"}],"curies":[{"name":"wp","href":"https:\/\/api.w.org\/{rel}","templated":true}]}}