{"id":5310,"date":"2012-04-19T03:29:28","date_gmt":"2012-04-19T03:29:28","guid":{"rendered":null},"modified":"-0001-11-30T00:00:00","modified_gmt":"-0001-11-30T00:00:00","slug":"the-cecova-is-confident-that-the-constitutional-court-annul-the-decree-of-the-generalitat-adjustment-measures-and-gives-protection-to-the-rights-of-health-professionals","status":"publish","type":"post","link":"https:\/\/www.best-dentist-dentistry.com\/de\/the-cecova-is-confident-that-the-constitutional-court-annul-the-decree-of-the-generalitat-adjustment-measures-and-gives-protection-to-the-rights-of-health-professionals\/5310","title":{"rendered":"the cecova is confident that the constitutional court annul the decree of the generalitat adjustment measures and gives protection to the rights of health professionals"},"content":{"rendered":"<p><strong>El CECOVA hofft, dass das Verfassungsgericht das Dekret der Generalitat aufzuheben Einstellung misst und sch\u00fctzt die Rechte der Fachkr\u00e4fte des Gesundheitswesens. <\/p>\n<p><\/strong> <font size=\"2\"> <strong>\u00c1vila erinnert, die die Aktion der Verfassungswidrigkeit vor der B\u00fcrgerbeauftragte und der PSOE aufrufen wurde eine Vereinbarung \u00fcber die Assembly of Collegiate Krankenpflege.<\/strong> <\/p>\n<p><strong>Valencia, April 2012.-<\/strong> Der Krankenpflege-Rat die Valencianische Gemeinschaft (CECOVA) und die beruflichen Schulen der Krankenpflege von Valencia, Alicante und Castell\u00f3n zeigte sein vollen Vertrauen, dass das Verfassungsgericht genehmigt die Nichtigerkl\u00e4rung der Verordnung 1\/2012, am 5 Januar, dringende Ma\u00dfnahmen zur Reduzierung des Defizits von Valencia undSo, Lohn und Arbeit Rechte von Krankenschwestern und Krankenpflegern zu sch\u00fctzen  erlitt eine schwere Emp\u00f6rung mit Zustimmung des eine v\u00f6llig willk\u00fcrlich und aufwendige standard R\u00fccken soziale Akteure &#8221;. <\/p>\n<p>Drang die Erhebung der Klage auf Verfassungswidrigkeit des Dekrets der Schnitte war eine der Ma\u00dfnahmen in den verschiedenen K\u00f6rperschaften der Stiftskirche der Krankenpflege von Valencia und zu diesem Zweck die CECOVA gesendet Sendschreiben an den B\u00fcrgerbeauftragten, der parlamentarischen Gruppe der PSOE in den Cortes Generales und die Valencianische Gemeinschaft B\u00fcrgerbeauftragten S\u00edndic fordert die Vorlage der oben genannten Beschwerde gegen das Dekret 1\/2012. <\/p>\n<p>In den Briefen, 21. M\u00e4rz 2012, die CECOVA, in Ihrem Namen verschickt die Berufsgruppe der Pflege der valencianischen Gemeinschaft, dass vor allem dient f\u00fcr die Verwaltung des Valencia-Gesundheit, erinnert daran, dass des Dekrets 1\/2012  ist gekommen, um schwere K\u00fcrzungen bei den Personalkosten der valencianische regionale Verwaltung einzuf\u00fchren, die ohne Begr\u00fcndung, zum Abbau der wichtige Rechte f\u00fcr alle Mitarbeiter, die Gesundheit als ein ganze, abh\u00e4ngig von der Generalitat Valenciana, gef\u00fchrt haben und folglich auch von Krankenschwestern und Krankenpflegern &#8221;. <\/p>\n<p><strong>Abweichende Antworten <br \/><\/strong> <br \/>Der Pr\u00e4sident des CECOVA, Jos\u00e9 Antonio \u00c1vila, erkl\u00e4rte, dass der Brief abweichende Antworten von einer Partei des people&rsquo;s Advocate, Mar\u00eda Luisa Cava de Llano, die geantwortet mit einem begr\u00fcndeten Brief vom 27. M\u00e4rz in dem Anruf abgelehnt hatte die Aktion der Verfassungswidrigkeit unter Ber\u00fccksichtigung, dass  gibt es die Verletzung der Verfassungsgrunds\u00e4tze &#8221;; und auf der anderen Seite, von der Sozialistischen Fraktion in den Cortes Generales, die effektiv ging gestern Appell an das Verfassungsgericht mit der Unterzeichnung der 50 Senatoren. <\/p>\n<p>In diesem Sinne wurde Jos\u00e9 Antonio Avila setzte auf gerichtliche Initiative gedeihen in das Verfassungsgericht f\u00fcr nichtig erkl\u00e4rt willk\u00fcrliche und ungerechte Gesetz, das unter anderem reduziert die Arbeitsrechte der Mitarbeiter im Dienst der \u00f6ffentlichen Verwaltung von Valencia und halbiert das Snap durch die berufliche Laufbahn von Angeh\u00f6rigen der Gesundheitsberufe. <\/p>\n<p>Dar\u00fcber hinaus bekr\u00e4ftigt er, dass autonome Hochschule der Krankenpflege seit der Organisation weiterhin unsere frontale Ablehnung der K\u00fcrzungen manifestieren, dass eine Berufsgruppe, die kein Schuld f\u00fcr die aktuelle Krisensituation zu bestrafen. <\/p>\n<p><\/font><\/p>\n","protected":false},"excerpt":{"rendered":"<p>El CECOVA hofft, dass das Verfassungsgericht das Dekret der Generalitat aufzuheben Einstellung misst und sch\u00fctzt die Rechte der Fachkr\u00e4fte des Gesundheitswesens. \u00c1vila erinnert, die die Aktion der Verfassungswidrigkeit vor der B\u00fcrgerbeauftragte und der PSOE aufrufen wurde eine Vereinbarung \u00fcber die Assembly of Collegiate Krankenpflege. Valencia, April 2012.- Der Krankenpflege-Rat die Valencianische Gemeinschaft (CECOVA) und die [&hellip;]<\/p>\n","protected":false},"author":1,"featured_media":0,"comment_status":"close","ping_status":"open","sticky":false,"template":"","format":"standard","meta":{"footnotes":""},"categories":[3],"tags":[],"class_list":["post-5310","post","type-post","status-publish","format-standard","hentry","category-allgemeine","et-doesnt-have-format-content","et_post_format-et-post-format-standard"],"_links":{"self":[{"href":"https:\/\/www.best-dentist-dentistry.com\/de\/wp-json\/wp\/v2\/posts\/5310","targetHints":{"allow":["GET"]}}],"collection":[{"href":"https:\/\/www.best-dentist-dentistry.com\/de\/wp-json\/wp\/v2\/posts"}],"about":[{"href":"https:\/\/www.best-dentist-dentistry.com\/de\/wp-json\/wp\/v2\/types\/post"}],"author":[{"embeddable":true,"href":"https:\/\/www.best-dentist-dentistry.com\/de\/wp-json\/wp\/v2\/users\/1"}],"replies":[{"embeddable":true,"href":"https:\/\/www.best-dentist-dentistry.com\/de\/wp-json\/wp\/v2\/comments?post=5310"}],"version-history":[{"count":0,"href":"https:\/\/www.best-dentist-dentistry.com\/de\/wp-json\/wp\/v2\/posts\/5310\/revisions"}],"wp:attachment":[{"href":"https:\/\/www.best-dentist-dentistry.com\/de\/wp-json\/wp\/v2\/media?parent=5310"}],"wp:term":[{"taxonomy":"category","embeddable":true,"href":"https:\/\/www.best-dentist-dentistry.com\/de\/wp-json\/wp\/v2\/categories?post=5310"},{"taxonomy":"post_tag","embeddable":true,"href":"https:\/\/www.best-dentist-dentistry.com\/de\/wp-json\/wp\/v2\/tags?post=5310"}],"curies":[{"name":"wp","href":"https:\/\/api.w.org\/{rel}","templated":true}]}}