{"id":5446,"date":"2012-04-25T02:27:32","date_gmt":"2012-04-25T02:27:32","guid":{"rendered":null},"modified":"-0001-11-30T00:00:00","modified_gmt":"-0001-11-30T00:00:00","slug":"cases-of-dementia-in-the-world-will-double-in-20-years-by-longevity","status":"publish","type":"post","link":"https:\/\/www.best-dentist-dentistry.com\/de\/cases-of-dementia-in-the-world-will-double-in-20-years-by-longevity\/5446","title":{"rendered":"F\u00e4lle von Demenz in der Welt werden durch Langlebigkeit in 20 Jahren verdoppeln."},"content":{"rendered":"<p class=\"first\"> <span class=\"yshortcuts\" id=\"lw_1334141544_0\"> Genf<\/span>, 11 Apr (<span class=\"yshortcuts\" id=\"lw_1334141544_1\"> EFE<\/span>).-nahe 35,6 Millionen Menschen weltweit leiden an <span class=\"yshortcuts\" id=\"lw_1334141544_2\"> Demenz<\/span>, eine <span class=\"yshortcuts\" id=\"lw_1334141544_3\"> Abbildung<\/span>, die sch\u00e4tzungsweise wird sich bis 2030 verdoppeln (\u00fcbertrifft die 65,7 Mio.) und Dreibettzimmer bis 2050 (115,4 Mio.) aufgrund der Zunahme der Bev\u00f6lkerung und der <span class=\"yshortcuts\" id=\"lw_1334141544_4\"> erh\u00f6hen<\/span> <span class=\"yshortcuts\" id=\"lw_1334141544_5\"> Langlebigkeit<\/span>.<\/p>\n<p>Heute, zwischen zwei und acht von hundert Menschen \u00fcber 60 Jahren in der Welt leiden unter Demenz.<\/p>\n<p>Der Demenz F\u00e4llen auftreten in allen L\u00e4ndern, aber vor allem Affekte (58 %) Menschen in L\u00e4ndern mit mittleren oder niedrigen, einen Anteil von 25 Prozent aufgrund der zunehmenden Langlebigkeit in jenen Nationen gesch\u00e4tzt ist.<\/p>\n<p>&#8220;Wir diese Epidemie aufh\u00f6ren m\u00fcssen weil die Folgen f\u00fcr die \u00f6ffentlichen Gesundheitssysteme k\u00f6nnen katastrophal sein.&#8221; &#8220;Wir sch\u00e4tzen, dass es ein neuer Fall von Demenz alle vier Sekunden, was 7,7 Mio. j\u00e4hrlich, wenn vor einem Jahrzehnt geh\u00f6rte alle zehn Sekunden, ist&#8221; Press <span class=\"yshortcuts\" id=\"lw_1334141544_6\"> Marc Wortmann<\/span>, executive Director der Krankheit <span class=\"yshortcuts\" id=\"lw_1334141544_7\"> Alzheimer&rsquo;s Disease international<\/span> (<span class=\"yshortcuts\" id=\"lw_1334141544_8\"> ADI<\/span>) des Unternehmens gewarnt.<\/p>\n<p>Dieser Agentur und der Weltgesundheitsorganisation (who) einen Bericht mit dem Titel vorbereitet haben &#8220;Demenz: eine Priorit\u00e4t der \u00f6ffentlichen Gesundheit&#8221; in die Echos, die Entwicklung und Trends in der eine Krankheit, die exponentiell ansteigt.<\/p>\n<p>Drei Gr\u00fcnde erkl\u00e4ren diese Entwicklung: die strenge Bev\u00f6lkerungswachstum, der allgemeine Anstieg der Lebenserwartung und der Anstieg der Erkennung der Krankheit dank verbesserter Methoden der Diagnostik.<\/p>\n<p>Demenz ist ein in der Regel chronischen Syndrom, das gr\u00f6\u00dfer ist als die verursachte Verschlechterung der kognitiven Funktionen normalerweise Alterung verursacht.<\/p>\n<p>Demenz beeintr\u00e4chtigt Ged\u00e4chtnis, Argumentation, Anleitung, Verst\u00e4ndnis, Berechnung, lernen, F\u00e4higkeit, Sprache, Verhalten und die F\u00e4higkeit, die t\u00e4gliche Aktivit\u00e4ten ausf\u00fchren.<\/p>\n<p>Der Alzheimer-Krankheit ist die h\u00e4ufigste Ursache von Demenz und ist der Ursprung von fast 70 Prozent der F\u00e4lle.<\/p>\n<p>ADI und die sch\u00e4tzen, die versuchen zu versuchen, die Verbesserung der Lebensqualit\u00e4t von Menschen mit Demenz j\u00e4hrlich kostet 604.000 Mio. $.<\/p>\n<p>In diesem Betrag ist die Summe der Kosten f\u00fcr die medizinische und palliative Behandlungen und Einkommen, die verlassen wahrnehmen, sowohl die Kranken und diejenigen, die daf\u00fcr verantwortlich sind.<\/p>\n<p>Nur acht L\u00e4nder der Welt haben ein nationales Programm zur Bek\u00e4mpfung der Demenz, macht es schwierig zu Fr\u00fcherkennung, eines der wichtigsten Hindernisse im Kampf gegen die Krankheit, laut Bericht.<\/p>\n<p>Das Fehlen der Diagnose ist ein gro\u00dfes Problem, und sogar in den einkommensstarken L\u00e4ndern Demenz nur der fr\u00fche Form zwischen einem F\u00fcnftel und der H\u00e4lfte der F\u00e4lle erkennt.<\/p>\n<p>In der Regel ist die Erkrankung diagnostiziert, wenn es in einem ziemlich fortgeschrittenen Stadium ist.<\/p>\n<p>&#8220;Wir haben keine Heilung f\u00fcr die Krankheit, aber eine fr\u00fche Diagnose erm\u00f6glicht Start-Behandlungen, die die Verschlechterung ver\u00e4ndern k\u00f6nnen verarbeiten und erkl\u00e4ren die Enden von der Krankheit in der Familie,&#8221; sagte Sheckhar Saxena, Direktor der who geistige Gesundheit.<\/p>\n<p>Zus\u00e4tzlich zur Verbesserung der Fr\u00fcherkennung, der Bericht schl\u00e4gt eine allgemeine vor der Krankheit-Bewusstsein zu lassen ein Stigma, das die soziale Isolation des Patienten und seiner Bezugsperson beitr\u00e4gt.<\/p>\n<p>In der Tat der Text erinnert daran, dass Personen, die Pflege f\u00fcr Demenzpatienten besonders anf\u00e4llig sind f\u00fcr psychische, Leiden wie Depressionen oder Angstst\u00f6rungen.<\/p>\n<p>Auch Betreuer, die \u00fcberwiegende Mehrheit sind Betreuer, stehen wirtschaftlichen not, weil sie Arbeit beenden oder reduzieren ihre Arbeitszeit um Patienten k\u00fcmmern sollten. EFE<\/p>\n","protected":false},"excerpt":{"rendered":"<p>Genf, 11 Apr ( EFE).-nahe 35,6 Millionen Menschen weltweit leiden an Demenz, eine Abbildung, die sch\u00e4tzungsweise wird sich bis 2030 verdoppeln (\u00fcbertrifft die 65,7 Mio.) und Dreibettzimmer bis 2050 (115,4 Mio.) aufgrund der Zunahme der Bev\u00f6lkerung und der erh\u00f6hen Langlebigkeit. Heute, zwischen zwei und acht von hundert Menschen \u00fcber 60 Jahren in der Welt leiden [&hellip;]<\/p>\n","protected":false},"author":1,"featured_media":0,"comment_status":"close","ping_status":"open","sticky":false,"template":"","format":"standard","meta":{"footnotes":""},"categories":[3],"tags":[15407],"class_list":["post-5446","post","type-post","status-publish","format-standard","hentry","category-allgemeine","tag-langlebigkeit","et-doesnt-have-format-content","et_post_format-et-post-format-standard"],"_links":{"self":[{"href":"https:\/\/www.best-dentist-dentistry.com\/de\/wp-json\/wp\/v2\/posts\/5446","targetHints":{"allow":["GET"]}}],"collection":[{"href":"https:\/\/www.best-dentist-dentistry.com\/de\/wp-json\/wp\/v2\/posts"}],"about":[{"href":"https:\/\/www.best-dentist-dentistry.com\/de\/wp-json\/wp\/v2\/types\/post"}],"author":[{"embeddable":true,"href":"https:\/\/www.best-dentist-dentistry.com\/de\/wp-json\/wp\/v2\/users\/1"}],"replies":[{"embeddable":true,"href":"https:\/\/www.best-dentist-dentistry.com\/de\/wp-json\/wp\/v2\/comments?post=5446"}],"version-history":[{"count":0,"href":"https:\/\/www.best-dentist-dentistry.com\/de\/wp-json\/wp\/v2\/posts\/5446\/revisions"}],"wp:attachment":[{"href":"https:\/\/www.best-dentist-dentistry.com\/de\/wp-json\/wp\/v2\/media?parent=5446"}],"wp:term":[{"taxonomy":"category","embeddable":true,"href":"https:\/\/www.best-dentist-dentistry.com\/de\/wp-json\/wp\/v2\/categories?post=5446"},{"taxonomy":"post_tag","embeddable":true,"href":"https:\/\/www.best-dentist-dentistry.com\/de\/wp-json\/wp\/v2\/tags?post=5446"}],"curies":[{"name":"wp","href":"https:\/\/api.w.org\/{rel}","templated":true}]}}