{"id":5638,"date":"2012-04-29T02:28:31","date_gmt":"2012-04-29T02:28:31","guid":{"rendered":null},"modified":"-0001-11-30T00:00:00","modified_gmt":"-0001-11-30T00:00:00","slug":"black-cherry-defends-reform-package-that-rajoy-for-conviction-in-catalonia","status":"publish","type":"post","link":"https:\/\/www.best-dentist-dentistry.com\/de\/black-cherry-defends-reform-package-that-rajoy-for-conviction-in-catalonia\/5638","title":{"rendered":"Black Cherry verteidigt Reformpaket, dass Rajoy f\u00fcr &#8220;\u00dcberzeugung&#8221; in Katalonien"},"content":{"rendered":"<p class=\"first\"> er gesteht, dass vor <span class=\"yshortcuts\" id=\"lw_1334160947_0\"> ein paar Monaten<\/span> weniger pessimistisch und prognostiziert Wachstum positiv im Jahr 2013<\/p>\n<p><span class=\"yshortcuts\" id=\"lw_1334160947_1\"> BARCELONA<\/span>, 11 (<span class=\"yshortcuts\" id=\"lw_1334160947_2\"> EUROPA PRESS<\/span>)<\/p>\n<p>Die <span class=\"yshortcuts\" id=\"lw_1334160947_3\"> Minister der Wirtschaft<\/span> und die Wettbewerbsf\u00e4higkeit, Luis Guindos, hat verteidigt Mittwoch das Reformpaket, das die Regierung durchgef\u00fchrt hat und hat daf\u00fcr gesorgt, dass Haushalte und Reformen hat sie getan &#8220;durch eigene \u00dcberzeugung und nicht durch Druck von den M\u00e4rkten oder weil es aus ist au\u00dferhalb&#8221;.<\/p>\n<p>In einem Almuerzo-Coloquio Arbeit Geb\u00e4ude, von Black Cherry hat bekr\u00e4ftigt, dass Spanien eine Reform der Gesundheitsf\u00fcrsorge und Bildung braucht zu ihrer Nachhaltigkeit auf lange Sicht zu gew\u00e4hrleisten, so dass es den Schnitt in H\u00f6he von 10 Milliarden Euro verteidigt hat, die die Regierung am Montag in einer Pressemitteilung angek\u00fcndigt.<\/p>\n<p>Hat versichert, dass alle Reformen, einschlie\u00dflich der Gesundheits- und Bildungswesen, sind Teil eines Plans der Exekutive und &#8220;\u00fcberhaupt nicht, durch Auferlegung&#8221; tun, aber er zugegeben hat, dass &#8220;Sie eine fehlerhafte Kommunikation haben k\u00f6nnen&#8221;.<\/p>\n<p>Nach der Black Cherry, die einzige alternative zu einer universal Qualit\u00e4t und nachhaltige Gesundheit zu gew\u00e4hrleisten ist, &#8220;den Prozess der Rationalisierung zu f\u00f6rdern&#8221;, denn wenn nicht, er versichert, es eine undurchf\u00fchrbar System ist.<\/p>\n<p>&#8220;Was wir bisher hatten war ein sehr schwierig, in Zukunft pflegen.&#8221; &#8220;Wenn wir wollen qualitativ hochwertige \u00f6ffentliche Dienste, zu Reformen&#8221;, hinzugef\u00fcgt wurde.<\/p>\n<p>&#8220;Die wichtigsten Feinde des \u00f6ffentlich-rechtlichen Systems sind diejenigen, die sich weigern, Reformen,&#8221; beigelegt hat.<\/p>\n<p>Verteidigung der Arbeitsreform<\/p>\n<p>Der Minister f\u00fcr Wirtschaft hat auch die Reform der Arbeit, verteidigt und bietet Anreize f\u00fcr Arbeitgeber zu verwenden, um Arbeitspl\u00e4tze zu schaffen, weil es best\u00e4tigt, dass der Staat kann nicht zur\u00fcck.<\/p>\n<p>&#8220;Haben nie, in den letzten Jahrzehnten so viele M\u00f6glichkeiten zur Schaffung von Arbeitspl\u00e4tzen gegeben.&#8221; &#8220;Sie m\u00fcssen nutzen sie und verwenden sie&#8221;, sagte vor hundert Pers\u00f6nlichkeiten der katalanischen Unternehmer.<\/p>\n<p>Anwesenden auf das Mittagessen inbegriffen, der Pr\u00e4sident des Aufbaus Arbeit, Joaquim Montell\u00e0 Gay, Generaldirektor von La Caixa, Juan Maria Nin, der Pr\u00e4sident des Abertis, Salvador Alemany; der Pr\u00e4sident der Barcelona Stock Exchange, Joan Hortal\u00e0, und der Pr\u00e4sident von der spanischen Association des Directors (AED), Ramon Adell.<\/p>\n<p>Auch als Minister f\u00fcr Wirtschaft und wissen, von politischen Pers\u00f6nlichkeiten besucht Andreu Mas-Colell, der Pr\u00e4sident des katalanischen, Alicia S\u00e1nchez-Camacho, PP und der Delegat spezielle Stand der Zona Franca Consortium, Jordi Cornet.<\/p>\n<p>Weniger PESSIMISTISCH<\/p>\n<p>Der Black Cherry hat erkl\u00e4rt, dass die Regierung das prognostizierte negative Wachstum von 1,7 Prozent des BIP f\u00fcr dieses Jahr behauptet, aber hat mehr optimistisch, dass ein paar Monate zur\u00fcck.<\/p>\n<p>&#8220;Vor ein paar Monaten, die wir gehofft hatten, dass im erste Quartal dieses Jahres mehr negative h\u00e4tte, aber der Eindruck, den wir derzeit haben nicht der Fall ist.&#8221; &#8220;Weiterhin die Zerst\u00f6rung der Besch\u00e4ftigung ohne einen Zweifel, aber nicht gehen weiterhin die intensive Beschleunigung, wir seit Mitte letzten Jahres Leben,&#8221; argumentierte.<\/p>\n<p>Darauf hingewiesen, dass es beginnt, eine Stabilisierung der Verschlechterung in Spanien, siehe die n\u00e4chsten Datensatz &#8220;etwas positives Wachstum&#8221; Jahr erm\u00f6glichen wird.<\/p>\n<p>&#8220;Reformen, fr\u00fcher als sp\u00e4ter, seine Wirkungen machen.&#8221; &#8220;Ich bin \u00fcberzeugt, dass es gehen wird die Sonne&#8221;, abgeschlossen wurde.<\/p>\n","protected":false},"excerpt":{"rendered":"<p>er gesteht, dass vor ein paar Monaten weniger pessimistisch und prognostiziert Wachstum positiv im Jahr 2013 BARCELONA, 11 ( EUROPA PRESS) Die Minister der Wirtschaft und die Wettbewerbsf\u00e4higkeit, Luis Guindos, hat verteidigt Mittwoch das Reformpaket, das die Regierung durchgef\u00fchrt hat und hat daf\u00fcr gesorgt, dass Haushalte und Reformen hat sie getan &#8220;durch eigene \u00dcberzeugung und [&hellip;]<\/p>\n","protected":false},"author":1,"featured_media":0,"comment_status":"close","ping_status":"open","sticky":false,"template":"","format":"standard","meta":{"footnotes":""},"categories":[3],"tags":[15660,15661,15662],"class_list":["post-5638","post","type-post","status-publish","format-standard","hentry","category-allgemeine","tag-black","tag-cherry","tag-reformpaket","et-doesnt-have-format-content","et_post_format-et-post-format-standard"],"_links":{"self":[{"href":"https:\/\/www.best-dentist-dentistry.com\/de\/wp-json\/wp\/v2\/posts\/5638","targetHints":{"allow":["GET"]}}],"collection":[{"href":"https:\/\/www.best-dentist-dentistry.com\/de\/wp-json\/wp\/v2\/posts"}],"about":[{"href":"https:\/\/www.best-dentist-dentistry.com\/de\/wp-json\/wp\/v2\/types\/post"}],"author":[{"embeddable":true,"href":"https:\/\/www.best-dentist-dentistry.com\/de\/wp-json\/wp\/v2\/users\/1"}],"replies":[{"embeddable":true,"href":"https:\/\/www.best-dentist-dentistry.com\/de\/wp-json\/wp\/v2\/comments?post=5638"}],"version-history":[{"count":0,"href":"https:\/\/www.best-dentist-dentistry.com\/de\/wp-json\/wp\/v2\/posts\/5638\/revisions"}],"wp:attachment":[{"href":"https:\/\/www.best-dentist-dentistry.com\/de\/wp-json\/wp\/v2\/media?parent=5638"}],"wp:term":[{"taxonomy":"category","embeddable":true,"href":"https:\/\/www.best-dentist-dentistry.com\/de\/wp-json\/wp\/v2\/categories?post=5638"},{"taxonomy":"post_tag","embeddable":true,"href":"https:\/\/www.best-dentist-dentistry.com\/de\/wp-json\/wp\/v2\/tags?post=5638"}],"curies":[{"name":"wp","href":"https:\/\/api.w.org\/{rel}","templated":true}]}}