{"id":5757,"date":"2012-04-30T02:25:17","date_gmt":"2012-04-30T02:25:17","guid":{"rendered":null},"modified":"-0001-11-30T00:00:00","modified_gmt":"-0001-11-30T00:00:00","slug":"cardoso-and-villepin-asked-that-the-environmental-issue-is-discussed-in-elections","status":"publish","type":"post","link":"https:\/\/www.best-dentist-dentistry.com\/de\/cardoso-and-villepin-asked-that-the-environmental-issue-is-discussed-in-elections\/5757","title":{"rendered":"cardoso and villepin asked that the environmental issue is discussed in elections"},"content":{"rendered":"<p class=\"first\"> Manaus (Brasilien), 23 M\u00e4r (EFE).-der ehemalige brasilianische Pr\u00e4sident Fernando Henrique Cardoso und ehemaligen franz\u00f6sischen Premierminister Dominique de Villepin heute vorgeschlagen, dass Diskussionen \u00fcber die Umwelt in Wahlk\u00e4mpfen eingebaut werden.<\/p>\n<p>Cardoso und Villepin sprach am zweiten Tag des dritten World Forum f\u00fcr nachhaltige Entwicklung, die morgen in die City Amazonas Manaus abschlie\u00dfen wird.<\/p>\n<p>&#8220;Jugend befasst sich mit Umweltthema, aber die politischen Parteien sind nicht daran interessiert, diese Angelegenheit zu einer Wahlkampagne&#8221; Cardoso sagte in seiner Rede.<\/p>\n<p>Laut Cardoso, regierte Brasilien f\u00fcr zwei Amtsperioden zwischen 1995 und 2002, Umsetzung in die Diskussion \u00fcber die \u00f6kologische Frage w\u00e4hrend der Wahlkampagnen &#8220;durchl\u00e4uft eine moralische Herausforderung&#8221;.<\/p>\n<p>&#8220;Wenn ich sage, moralische ist politisch, weil nach dem Kyoto-Protokoll (1997 und in Kraft seit 2005 unterzeichneten) wir nicht geschafft haben, die brasilianische Demokratie auf den Wert des Beibehaltens des Amazonas-Regenwaldes zu Fu\u00df, zu \u00fcberzeugen&#8221;, erinnerte der Soziologen und Exgobernante.<\/p>\n<p>Cardoso auch ehemalige US Pr\u00e4sident Bill Clinton, die &#8220;auch mehr wollte&#8221; im Zusammenhang mit dem Kyoto-Protokoll \u00fcber Klima\u00e4nderungen zitiert, &#8220;aber konnte nicht vorankommen in der Politik der Vereinigten Staaten&#8221;.<\/p>\n<p>&#8220;Mit dem Willen, in Brasilien gibt allen Bedingungen zu gew\u00e4hrleisten, dass Fortschritte in dieser Angelegenheit&#8221;, sagte der Exmandatario.<\/p>\n<p>In der gleichen Vene, Villepin bedauert, dass die Frage der nachhaltigen Entwicklung nicht zu den meisten der Wahlen in Europa gef\u00fchrt hat.<\/p>\n<p>&#8220;Wahlen in Europa wurden nicht nachhaltige Entwicklung in der Diskussion.&#8221; &#8220;Es war nicht in Frankreich oder in Spanien und muss es nicht nehmen in Deutschland n\u00e4chstes Jahr&#8221;, sagte.<\/p>\n<p>F\u00fcr Villepin, Premierminister zwischen 2005 und 2007 war, der beste Weg, um Regierungen zu geben, das Problem des Umweltschutzes mehr Aufmerksamkeit zu zwingen ist &#8220;\u00dcbung beliebte Druck auf die F\u00fchrer durch Abstimmung&#8221;.<\/p>\n<p>In seinem Vortrag, Cardoso verwies auf die &#8220;Herausforderungen&#8221; der nachhaltigen Entwicklung und behauptet, dass die wichtigsten von ihnen f\u00fcr Brasilien Amazonas ist.<\/p>\n<p>&#8220;Unser gr\u00f6\u00dfte Problem ist die Herausforderung des Umgangs mit der Situation der W\u00e4lder, weil ich immer noch glauben, dass es an der gleichen Zeit Entwicklung und Achtung der Umwelt, mit M\u00f6glichkeiten sein kann, so dass Menschen mit Dschungel, ohne Sie zu zerst\u00f6ren Leben k\u00f6nnen&#8221;, sagte der ehemaligen Pr\u00e4sident.<\/p>\n<p>Cardoso als die Angelegenheit als &#8220;dringend&#8221;gekennzeichnet, aber gewarnt, die &#8220;Dringlichkeit nicht in Brasilien Leben ist und bekr\u00e4ftigt werden, nicht f\u00fcr die Zukunft&#8221;.<\/p>\n<p>Die beiden ehemaligen Herrscher ausgedr\u00fcckt auch ihre Ansichten \u00fcber die globale Krise trifft vor allem Europa.<\/p>\n<p>Cardoso angegeben, dass der Planet neue Technologien ben\u00f6tigen und, dass die Ausgabe des &#8220;depressiven Zyklus&#8221; nur mit einem &#8220;neuen Zyklus von Investitionen&#8221;, aber ohne Suche nur hohe Wachstumsraten, weil wirtschaftlichen Fortschritt &#8220;oft&#8221; nicht in soziale Leistungen widerspiegeln.<\/p>\n<p>&#8220;gr\u00fcne Wirtschaft kann \u00f6ffnen den Weg f\u00fcr die Ausfahrt aus der Krise&#8221; geschlossenen Cardoso, der in seiner Rede gegen den Bau des Belo Monte Wasserkraft umstritten, im Herzen des Amazonas, und das Kernkraftwerk Angra III, in der Provinz Rio de Janeiro.<\/p>\n<p>Villepin, in der Zwischenzeit schlug &#8220;verfolgen&#8221; den Prozess der &#8220;gr\u00fcnen Wirtschaft&#8221; in den Vereinigten Staaten und China, L\u00e4nder wies als gro\u00dfe Verschmutzer Umwelt- und anderen Nationen als ein gutes Beispiel in diesem Zusammenhang, darunter Frankreich, Deutschland und Brasilien.<\/p>\n<p>Franz\u00f6sischer Politiker bezeichnet auch die UN-Konferenz \u00fcber nachhaltige Entwicklung Rio + 20, Juni n\u00e4chsten Jahres in Rio De Janeiro, Termin stattfinden, die &#8220;vielen&#8221; mitten in einer tiefen finanziellen Krise Schwierigkeiten wird.<\/p>\n<p>&#8220;Wir m\u00fcssen erreichen Aktien unseres Engagements, die \u00fcbersetzt in Rio + 20, weil wir den Schwung nicht verlieren darf, ohne eine Entscheidung zu treffen,&#8221; sagte Villepin, f\u00fcr wen das Bruttoinlandsprodukt (BIP) als Faktor einer nachhaltigen Entwicklung die gr\u00fcne Wirtschaft, Gl\u00fcck und andere Indizes enthalten muss.<\/p>\n<p>&#8220;Menschheit kann einen sehr hohen Preis bezahlen, wenn er nicht die richtigen Entscheidungen treffen,&#8221; sagte. Waldheim Garcia Montoya<\/p>\n<p>Manaus (Brasilien), 23 M\u00e4r (EFE).-ehemaligen franz\u00f6sischen Premierminister Dominique de Villepin schlug heute eine &#8220;realistische&#8221; Reduzierung der Welt der Kernenergie Abh\u00e4ngigkeit, zu intervenieren im Forum nachhaltige Entwicklung Welt.<\/p>\n<p>&#8220;In unserem Land, 75 % der Energie stammt aus Kernkraftwerken und nach der Katastrophe von Fukushima gab es eine wichtige Debatte&#8221; Villepin trat im vergangenen Jahr als ein japanisches Kernkraftwerk wurde durch das Erdbeben vom 11. M\u00e4rz in diesem Land, sagte den Journalisten in die City Amazonas Manaus betroffen.<\/p>\n<p>Laut Villepin, Fukushima-Unfall f\u00fchrte zu einer Debatte in Frankreich \u00fcber die Nutzung der Kernenergie.<\/p>\n<p>&#8220;einige glauben, dass wir weiterhin diese Art von Energie verwenden und andere glauben, dass wir unsere Abh\u00e4ngigkeit, zun\u00e4chst von 75 Prozent auf 50 Prozent reduzieren m\u00fcssen&#8221;, sagte er.<\/p>\n<p>Villepin darauf hingewiesen, dass diese Reduzierung sollte &#8220;realistisch&#8221; und zitiert den Fall Deutschlands, eine Reduktion auf NULL, z.B. der Ersatz der Kernenergie durch gr\u00fcne Energien vorsieht.<\/p>\n<p>&#8220;die Frage ist, wie die \u00c4nderung in einem industrialisierten Land realistisch sein kann?&#8221; &#8220;Es ist nicht einfach zu kurzfristig, dieses Ziel zu erreichen&#8221; in Frage gestellt.<\/p>\n<p>Villepin f\u00fchlte, dass jeder Prozess der Verringerung der Abh\u00e4ngigkeit von Kernenergie &#8220;eine neue gr\u00fcne Wirtschaft braucht&#8221; erlauben &#8220;ein besseres Gleichgewicht zwischen Kernenergie, Elektrizit\u00e4t und neue erneuerbare Energien&#8221;.<\/p>\n<p>Betont, &#8220;das ist heute eine der wichtigsten Fragen, die verschiedenen globalen Interessen mitten in der Finanzkrise und lange Sicht Probleme der moralischen und politischen, in Einklang zu bringen, da die Umgebung ist keine Frage, die nicht auf ein einzelnes Land beschr\u00e4nkt ist&#8221;.<\/p>\n<p>F\u00fcr franz\u00f6sische Politiker, ist erforderlich, &#8220;auf die individuellen Bed\u00fcrfnisse der einzelnen L\u00e4nder reagieren ohne die anderen, da gibt es Probleme, die sofort, wie Entwaldung und Mangel an Wasser behandelt werden m\u00fcssen&#8221;.<\/p>\n<p>&#8220;M\u00fcssen akzeptieren Vielfalt und finden Tools, als neue Einrichtung der Vereinten Nationen f\u00fcr nachhaltige Entwicklung&#8221;, hingewiesen.<\/p>\n<p>Die ehemalige franz\u00f6sische Ministerin, Dominique de Villepin. Villepin glaubt der beste Weg, um Regierungen zu geben, die Frage der Umwelt mehr Aufmerksamkeit zu zwingen ist Druckmittel durch die Abstimmung. EFE\/Datei<\/p>\n","protected":false},"excerpt":{"rendered":"<p>Manaus (Brasilien), 23 M\u00e4r (EFE).-der ehemalige brasilianische Pr\u00e4sident Fernando Henrique Cardoso und ehemaligen franz\u00f6sischen Premierminister Dominique de Villepin heute vorgeschlagen, dass Diskussionen \u00fcber die Umwelt in Wahlk\u00e4mpfen eingebaut werden. Cardoso und Villepin sprach am zweiten Tag des dritten World Forum f\u00fcr nachhaltige Entwicklung, die morgen in die City Amazonas Manaus abschlie\u00dfen wird. &#8220;Jugend befasst sich [&hellip;]<\/p>\n","protected":false},"author":1,"featured_media":0,"comment_status":"close","ping_status":"open","sticky":false,"template":"","format":"standard","meta":{"footnotes":""},"categories":[3],"tags":[],"class_list":["post-5757","post","type-post","status-publish","format-standard","hentry","category-allgemeine","et-doesnt-have-format-content","et_post_format-et-post-format-standard"],"_links":{"self":[{"href":"https:\/\/www.best-dentist-dentistry.com\/de\/wp-json\/wp\/v2\/posts\/5757","targetHints":{"allow":["GET"]}}],"collection":[{"href":"https:\/\/www.best-dentist-dentistry.com\/de\/wp-json\/wp\/v2\/posts"}],"about":[{"href":"https:\/\/www.best-dentist-dentistry.com\/de\/wp-json\/wp\/v2\/types\/post"}],"author":[{"embeddable":true,"href":"https:\/\/www.best-dentist-dentistry.com\/de\/wp-json\/wp\/v2\/users\/1"}],"replies":[{"embeddable":true,"href":"https:\/\/www.best-dentist-dentistry.com\/de\/wp-json\/wp\/v2\/comments?post=5757"}],"version-history":[{"count":0,"href":"https:\/\/www.best-dentist-dentistry.com\/de\/wp-json\/wp\/v2\/posts\/5757\/revisions"}],"wp:attachment":[{"href":"https:\/\/www.best-dentist-dentistry.com\/de\/wp-json\/wp\/v2\/media?parent=5757"}],"wp:term":[{"taxonomy":"category","embeddable":true,"href":"https:\/\/www.best-dentist-dentistry.com\/de\/wp-json\/wp\/v2\/categories?post=5757"},{"taxonomy":"post_tag","embeddable":true,"href":"https:\/\/www.best-dentist-dentistry.com\/de\/wp-json\/wp\/v2\/tags?post=5757"}],"curies":[{"name":"wp","href":"https:\/\/api.w.org\/{rel}","templated":true}]}}