{"id":5873,"date":"2012-05-03T03:29:20","date_gmt":"2012-05-03T03:29:20","guid":{"rendered":null},"modified":"-0001-11-30T00:00:00","modified_gmt":"-0001-11-30T00:00:00","slug":"the-semg-held-its-xiii-international-congress-of-clinical-ultrasound-in-the-framework-of-the-european-meeting-that-co-organises-this-year","status":"publish","type":"post","link":"https:\/\/www.best-dentist-dentistry.com\/de\/the-semg-held-its-xiii-international-congress-of-clinical-ultrasound-in-the-framework-of-the-european-meeting-that-co-organises-this-year\/5873","title":{"rendered":"Die SEMG statt seiner XIII internationale Kongress der klinischen Ultraschall im Rahmen der Europ\u00e4ischen Tagung, die in diesem Jahr beteiligt sich an Organisation."},"content":{"rendered":"<p><strong>Der SEMG hielt seine XIII internationale Kongress der klinischen Ultraschall im Rahmen der Europ\u00e4ischen Tagung, die in diesem Jahr beteiligt sich an Organisation. <\/p>\n<p><font size=\"2\"> el EUROSON 2012 startete am vergangenen Wochenende in Madrid und besuchte von Hunderten von Profis wurde.<\/strong><font size=\"2\"> <\/p>\n<p><strong>Spanien, Mai 2012.-<\/strong> Am vergangene Wochenende eingeweiht am Palacio Municipal de Congresos de Madrid EUROSON 2012, die Ernennung von Spezialisten in klinischen Ultraschall des Kontinents und alle jene \u00c4rzte, die laut Experten, n\u00fctzliche Diagnose-Tool in die richtige Handhabung dieser vertiefen m\u00f6chten. Die spanische Gesellschaft f\u00fcr allgemeine \u00c4rzte und Familie (SEMG) ist einer der organisierenden Fachgesellschaften, die nur optionalen in der ersten Ebene der Pflege, nicht umsonst ist Vorl\u00e4ufer des klinischen Ultraschall in der Prim\u00e4rversorgung und Pionier in Spanien, um die erforderliche Schulung f\u00fcr den richtigen Umgang mit dieser Technik zu bieten. <\/p>\n<p>Genau im Rahmen dieser Europ\u00e4ischen Begegnung statt der SEMG seine XIII internationalen Kongress der Ultraschall-Klinik, die am vergangenen Samstag mit einem pre-congressual Kurs speziell f\u00fcr duktale Ultraschall der Brust, pr\u00e4sentiert bessere M\u00f6glichkeiten lancierte um fr\u00fche Ver\u00e4nderungen dieses Organs zu erkennen, wie aus der Sektion Klinische Ultraschall dieser wissenschaftlichen Gesellschaft; eine Technik, deren Neuheit und Bedeutung sind weltweit anerkannt: ein Beweis daf\u00fcr ist, dass im Rahmen dieses pre-congressual die SEMG optional Insribieron aus mehr als 18 L\u00e4ndern. <\/p>\n<p>Das Programm von diesem dreizehnte Auflage enthielt eine vollst\u00e4ndige Palette von Ultraschall Anwendungen: von der normalen \u00dcberwachung der Schwangerschaft in der Grundversorgung f\u00fcr die Verwendung von Ultraschall des Thorax in der Kinderheilkunde, vorbei an seiner N\u00fctzlichkeit in der Dermatologie und \u00e4sthetischen Medizin oder bei der Entdeckung von gutartigen und b\u00f6sartigen Wucherungen im Gewebe. Die SEMG-Sitzung erlaubt auch Teilnehmer einen Bericht \u00fcber die Entwicklung der Ultraschall in den letzten Jahren tun: durch franz\u00f6sische, deutsche Erfahrung und von der Gesellschaft selbst. <\/p>\n<p>EUROSON-2012 in der spanischen Hauptstadt bis zum letzten Dienstag fand statt und wurde organisiert von der Europ\u00e4ischen F\u00f6deration der Gesellschaften f\u00fcr Ultraschall in der Medizin und Biologie (EFSUMB); die spanische Gesellschaft f\u00fcr Ultraschall (SEECO); die spanische Gesellschaft f\u00fcr allgemeine \u00c4rzte und Familie (SEMG); der spanischen Vereinigung von Ultraschall Verdauung (AEED); die spanische Gesellschaft f\u00fcr Angiologie und vaskul\u00e4re Chirurgie (SEACV) und ein Kapitel der nicht invasiven diagnostischen vaskul\u00e4re (CDVNI), auf die Zusammenarbeit mit anderen Gesellschaften verschiedener Disziplinen z\u00e4hlen. <\/p>\n<p><\/font><\/font><\/p>\n","protected":false},"excerpt":{"rendered":"<p>Der SEMG hielt seine XIII internationale Kongress der klinischen Ultraschall im Rahmen der Europ\u00e4ischen Tagung, die in diesem Jahr beteiligt sich an Organisation. el EUROSON 2012 startete am vergangenen Wochenende in Madrid und besuchte von Hunderten von Profis wurde. Spanien, Mai 2012.- Am vergangene Wochenende eingeweiht am Palacio Municipal de Congresos de Madrid EUROSON 2012, [&hellip;]<\/p>\n","protected":false},"author":1,"featured_media":0,"comment_status":"close","ping_status":"open","sticky":false,"template":"","format":"standard","meta":{"footnotes":""},"categories":[3],"tags":[15982,15983,15981,15979,15980],"class_list":["post-5873","post","type-post","status-publish","format-standard","hentry","category-allgemeine","tag-breuroson","tag-hunderten","tag-organisation","tag-rey","tag-xiii","et-doesnt-have-format-content","et_post_format-et-post-format-standard"],"_links":{"self":[{"href":"https:\/\/www.best-dentist-dentistry.com\/de\/wp-json\/wp\/v2\/posts\/5873","targetHints":{"allow":["GET"]}}],"collection":[{"href":"https:\/\/www.best-dentist-dentistry.com\/de\/wp-json\/wp\/v2\/posts"}],"about":[{"href":"https:\/\/www.best-dentist-dentistry.com\/de\/wp-json\/wp\/v2\/types\/post"}],"author":[{"embeddable":true,"href":"https:\/\/www.best-dentist-dentistry.com\/de\/wp-json\/wp\/v2\/users\/1"}],"replies":[{"embeddable":true,"href":"https:\/\/www.best-dentist-dentistry.com\/de\/wp-json\/wp\/v2\/comments?post=5873"}],"version-history":[{"count":0,"href":"https:\/\/www.best-dentist-dentistry.com\/de\/wp-json\/wp\/v2\/posts\/5873\/revisions"}],"wp:attachment":[{"href":"https:\/\/www.best-dentist-dentistry.com\/de\/wp-json\/wp\/v2\/media?parent=5873"}],"wp:term":[{"taxonomy":"category","embeddable":true,"href":"https:\/\/www.best-dentist-dentistry.com\/de\/wp-json\/wp\/v2\/categories?post=5873"},{"taxonomy":"post_tag","embeddable":true,"href":"https:\/\/www.best-dentist-dentistry.com\/de\/wp-json\/wp\/v2\/tags?post=5873"}],"curies":[{"name":"wp","href":"https:\/\/api.w.org\/{rel}","templated":true}]}}