{"id":5885,"date":"2012-05-03T03:30:22","date_gmt":"2012-05-03T03:30:22","guid":{"rendered":null},"modified":"-0001-11-30T00:00:00","modified_gmt":"-0001-11-30T00:00:00","slug":"company-doctors-call-for-greater-recognition-to-his-work-for-the-protection-of-the-health-of-workers","status":"publish","type":"post","link":"https:\/\/www.best-dentist-dentistry.com\/de\/company-doctors-call-for-greater-recognition-to-his-work-for-the-protection-of-the-health-of-workers\/5885","title":{"rendered":"company doctors call for greater recognition to his work for the protection of the health of workers"},"content":{"rendered":"<p><strong>\u00c4rzte fordern mehr Anerkennung f\u00fcr seine Arbeit f\u00fcr den Schutz der Gesundheit der Arbeitnehmer des Unternehmens. <\/p>\n<p><\/strong><font size=\"2\">-die ich Forum Gesundheit FREMAP Comunitat Valenciana vereint \u00c4rzte der valencianische Gesellschaft <\/p>\n<p>-Dieser Treffen fand am 19. April in das Zentrum von Erholung und Rehabilitation der Levante <\/p>\n<p> <strong>Spanien, Mai 2012.-<\/strong> w\u00e4hrend des Tages waren Teil des FREMAP angek\u00fcndigt, die neueste Operationstechniken im Bereich der orthop\u00e4dischen und traumatologischen; und er behandelt , aus der Sicht der Wettbewerbsf\u00e4higkeit der Unternehmen, die grundlegende Arbeit des Kollektivs als Faktor f\u00fcr die Erh\u00f6hung der Produktivit\u00e4t der Unternehmen bei ihrer Gesundheitsdienste verglichen mit denen, die nicht diese Zahl haben. <\/p>\n<p align=\"center\"><img loading=\"lazy\" decoding=\"async\" title=\"\" height=\"298\" alt=\"\" src=\"http:\/\/www.best-dentist-dentistry.com\/best-dentist-images\/company-doctors-call-for-greater-recognition-to-his-work-for-the-protection-of-the-health-of-workers.JPG\" width=\"399\" align=\"baseline\" border=\"0\"\/><\/p>\n<p><em>Foto del acto<\/em><\/p>\n<p>El pr&oacute;ximo mes de julio se celebrar&aacute; la segunda jornada de este interesante foro que reconoce el valor de los m&eacute;dicos de empresa como primeros garantes de la salud de los trabajadores de las empresas de nuestra regi&oacute;n. <\/p>\n<p><\/font><\/p>\n","protected":false},"excerpt":{"rendered":"<p>\u00c4rzte fordern mehr Anerkennung f\u00fcr seine Arbeit f\u00fcr den Schutz der Gesundheit der Arbeitnehmer des Unternehmens. -die ich Forum Gesundheit FREMAP Comunitat Valenciana vereint \u00c4rzte der valencianische Gesellschaft -Dieser Treffen fand am 19. April in das Zentrum von Erholung und Rehabilitation der Levante Spanien, Mai 2012.- w\u00e4hrend des Tages waren Teil des FREMAP angek\u00fcndigt, die [&hellip;]<\/p>\n","protected":false},"author":1,"featured_media":0,"comment_status":"close","ping_status":"open","sticky":false,"template":"","format":"standard","meta":{"footnotes":""},"categories":[3],"tags":[16016,16014],"class_list":["post-5885","post","type-post","status-publish","format-standard","hentry","category-allgemeine","tag-unternehmens","tag-wohnungen","et-doesnt-have-format-content","et_post_format-et-post-format-standard"],"_links":{"self":[{"href":"https:\/\/www.best-dentist-dentistry.com\/de\/wp-json\/wp\/v2\/posts\/5885","targetHints":{"allow":["GET"]}}],"collection":[{"href":"https:\/\/www.best-dentist-dentistry.com\/de\/wp-json\/wp\/v2\/posts"}],"about":[{"href":"https:\/\/www.best-dentist-dentistry.com\/de\/wp-json\/wp\/v2\/types\/post"}],"author":[{"embeddable":true,"href":"https:\/\/www.best-dentist-dentistry.com\/de\/wp-json\/wp\/v2\/users\/1"}],"replies":[{"embeddable":true,"href":"https:\/\/www.best-dentist-dentistry.com\/de\/wp-json\/wp\/v2\/comments?post=5885"}],"version-history":[{"count":0,"href":"https:\/\/www.best-dentist-dentistry.com\/de\/wp-json\/wp\/v2\/posts\/5885\/revisions"}],"wp:attachment":[{"href":"https:\/\/www.best-dentist-dentistry.com\/de\/wp-json\/wp\/v2\/media?parent=5885"}],"wp:term":[{"taxonomy":"category","embeddable":true,"href":"https:\/\/www.best-dentist-dentistry.com\/de\/wp-json\/wp\/v2\/categories?post=5885"},{"taxonomy":"post_tag","embeddable":true,"href":"https:\/\/www.best-dentist-dentistry.com\/de\/wp-json\/wp\/v2\/tags?post=5885"}],"curies":[{"name":"wp","href":"https:\/\/api.w.org\/{rel}","templated":true}]}}