{"id":5908,"date":"2012-05-04T02:23:56","date_gmt":"2012-05-04T02:23:56","guid":{"rendered":null},"modified":"-0001-11-30T00:00:00","modified_gmt":"-0001-11-30T00:00:00","slug":"pope-seeks-to-deepen-faith-and-changes-in-socialist-cuba","status":"publish","type":"post","link":"https:\/\/www.best-dentist-dentistry.com\/de\/pope-seeks-to-deepen-faith-and-changes-in-socialist-cuba\/5908","title":{"rendered":"pope seeks to deepen faith and changes in socialist cuba"},"content":{"rendered":"<p class=\"first\"> SANTIAGO DE CUBA (Reuters) &#8211; Papst Benedikt XVI wird am Montag nach Kuba f\u00fcr einen dreit\u00e4gigen Besuch in dem Treffen er Pr\u00e4sident Ra\u00fal Castro zur St\u00e4rkung der Beziehungen zwischen den beiden Institutionen einflussreichsten im Land, trotz ihrer Visionen Konflikt auf der sozialistischen Modell auf der Insel seit mehr als f\u00fcnf Jahrzehnten bestehenden ankommen.<\/p>\n<p>Zehntausende Kubaner sind eingeschrieben in Santiago De Cuba zu einem begeisterten Empfang gibt den deutschen Pontifex, wer in seinen 84 Jahren auf einer kleinen Tour der Region, des katholischen Glaubens gegen die zunehmende Push des beliebten Protestanten, Evangelisten und Pfingst Glauben wieder zu beleben.<\/p>\n<p>Seit die historische Begegnung zwischen dem verstorbenen Papst Johannes Paul II und ehemalige Pr\u00e4sident Fidel Castro in 1998, ist die katholische Kirche die wichtigsten Gespr\u00e4chspartner der Regierung zu Fragen als empfindlich als politische Gefangene und Dissidenten-Gruppen geworden.<\/p>\n<p>Obwohl mit weniger magnetische Medien, die ihre jeweiligen Vorg\u00e4nger, Ra\u00fal Castro und Papst Benedikt XVI. sind als pragmatischer F\u00fchrer gesehen und konnte die Sitzung Zement ein Schl\u00fcssel Allianz erreicht Havanna aus die Wirtschaft ohne Verzicht auf seine sozialistischen Ideologie und der Kirche zu aktualisieren versucht, ein gr\u00f6\u00dferes soziales Gewicht durch soziale und p\u00e4dagogische Programme zu erhalten.<\/p>\n<p>&#8220;der Besuch Benedict werden etwas transzendentalen&#8221;, sagte Veronica Sanchez, mexikanischer Student, die Veranstaltungen in ihrem Land teilnehmen konnte aber f\u00fchlen, die sich in Kuba des Aufenthalts des Papstes. &#8220;wirklich, Johannes Paul II. war ein Papst sehr charismatische und beliebt, obwohl ich Vergleiche nicht gef\u00e4llt&#8221;, f\u00fcgte er hinzu.<\/p>\n<p>Der Heilige Vater wird durch den Pr\u00e4sidenten am Flughafen in Santiago de Chile empfangen werden, diente eine Tour, in dem er bat, den Glauben trotz der dramatischen Gewalt des Drogenhandels erneuern, aber er vermied Eingabe umstrittene F\u00e4lle von P\u00e4dophilie in das zweite Land mit mehr Katholiken in der Welt in Mexiko.<\/p>\n<p>Apertrechados mit Flaschen Wasser um die dr\u00fcckende Hitze der Karibik und winken kleine Flaggen Kubas und dem Vatikan zu unterdr\u00fccken, einige 200.000 Menschen besuchen am Nachmittag Masse, in der den Papst in die zweitgr\u00f6\u00dfte Stadt auf der Insel aufgezeichnet.<\/p>\n<p>. F\u00fcr Dienstag, der Papst wird zollen der Virgen De La Caridad in das nahe gelegene Heiligtum von El Cobre, wo liegt das mythische Bild des kubanischen M\u00e4zens 400 Geburtstag seiner Entdeckung von Fischern auf See. Am Nachmittag fliegen nach Havanna formell mit Ra\u00fal erf\u00fcllen.<\/p>\n<p>Es ist unklar, ob Papst Benedikt auch mit Fidel, 85 Jahre, oder mit dem venezolanischen Pr\u00e4sidenten Hugo Ch\u00e1vez, erf\u00fcllen wird, ist in Kuba in der Strahlentherapie gegen Krebs, die im letzten Jahr diagnostiziert wurde.<\/p>\n<p>Kommunismus NI und NI-EMBARGO<\/p>\n<p>Den Besuch von Pope Benedict XVI Crown einen s\u00fc\u00dfen Moment zwischen der Kirche und der Regierung, der Jahrzehnte der Feindseligkeiten nach dem Triumph der Revolution 1959 lebte, obwohl es von einer vorderen Anweisung gegen den Kommunismus vorausgegangen ist.<\/p>\n<p>&#8220;die marxistische Ideologie in der Form, in dem es, bereits konzipiert wurde, Realit\u00e4t entspricht nicht&#8221;, sagte die Woche an Bord der P\u00e4pstlichen Flugzeug auf dem Weg zur &#8220;m\u00fcssen Lateinamerika. neue Modelle geduldig und konstruktiv gefunden werden&#8221;, hinzugef\u00fcgt den Papst, die besagt, dass die Kirche auf diese Weise helfen kann.<\/p>\n<p>Die Regierung treibt Hunderte von Reformen zu geben mehr Raum f\u00fcr privates Unternehmertum und deutlich Aufhellen der prall staatliche Lohn-und Gehaltsliste, was Erwartungen und \u00c4ngste im Land von 11 Millionen Menschen daran gew\u00f6hnt, Jahrzehnte der Sowjet-Stil wirtschaftliche Zentralismus generiert hat.<\/p>\n<p>&#8220;Die Kubaner m\u00f6chte, dass der Papstbesuch Folgen hatte f\u00fcr die Beendigung der Blockade, aber wir kein neues System brauchen,&#8221; sagte Sergio Teyes, ein Mann von 40 Jahren in der N\u00e4he von seinem Chevrolet Deluxe 1950 in dem oft f\u00fchren Touristen zu Fu\u00df in der Stadt.<\/p>\n<p>Trotz Kritik des Kommunismus lehnt der Vatikan auch offen das Embargo der USA gegen Kuba 50 Jahren eingef\u00fchrt wurde.<\/p>\n<p>Auf der anderen Seite, Benedikt XVI. haben auf ihrer Tagesordnung erh\u00e4lt keine Dissidenten F\u00fchrer, die eine Minute mit dem Papst zu fordern mehr politische Freiheit und Achtung der Menschenrechte aufgerufen hatte.<\/p>\n<p>Las Damas de Blanco, eine Gruppe von katholischen Frauen fordern die Freilassung von politischen Gefangenen, sagte, dass die Beh\u00f6rden dem Heiligen Vater Kuba zeigen &#8220;die ist nicht vorhanden&#8221; und behaupten, die sie verboten haben manifestiert, w\u00e4hrend die Masse der Pontifex.<\/p>\n<p>&#8220;Ich wartete mehrere Kameraden in das Zentrum von Santiago, aber sie kamen nie.&#8221; &#8220;Offenbar verhaftet sie, den Protest zu vereiteln, die wir f\u00fcr den Besuch des Papstes hier geplant hatten&#8221;, sagte Aime\u00e9 Garc\u00e9s, ein Dissident in Santiago, dessen Beschwerde nicht durch andere Quellen best\u00e4tigt werden konnte.<\/p>\n<p>Some 30 Frauen in dieser Gruppe marschierte Sonntag, wie jede Woche f\u00fcr acht Jahre, in einer bekannten Avenida De La Habana in der eine gro\u00dfe Medienberichterstattung seit der Festnahme von mehreren von ihnen letzte Woche traf die \u00c4ngste der Konflikt w\u00e4hrend des P\u00e4pstlichen Besuches.<\/p>\n<p>(Editiert von Enrique Andr\u00e9s Brezel und Silene Ram\u00edrez)<\/p>\n","protected":false},"excerpt":{"rendered":"<p>SANTIAGO DE CUBA (Reuters) &#8211; Papst Benedikt XVI wird am Montag nach Kuba f\u00fcr einen dreit\u00e4gigen Besuch in dem Treffen er Pr\u00e4sident Ra\u00fal Castro zur St\u00e4rkung der Beziehungen zwischen den beiden Institutionen einflussreichsten im Land, trotz ihrer Visionen Konflikt auf der sozialistischen Modell auf der Insel seit mehr als f\u00fcnf Jahrzehnten bestehenden ankommen. Zehntausende Kubaner [&hellip;]<\/p>\n","protected":false},"author":1,"featured_media":0,"comment_status":"close","ping_status":"open","sticky":false,"template":"","format":"standard","meta":{"footnotes":""},"categories":[3],"tags":[],"class_list":["post-5908","post","type-post","status-publish","format-standard","hentry","category-allgemeine","et-doesnt-have-format-content","et_post_format-et-post-format-standard"],"_links":{"self":[{"href":"https:\/\/www.best-dentist-dentistry.com\/de\/wp-json\/wp\/v2\/posts\/5908","targetHints":{"allow":["GET"]}}],"collection":[{"href":"https:\/\/www.best-dentist-dentistry.com\/de\/wp-json\/wp\/v2\/posts"}],"about":[{"href":"https:\/\/www.best-dentist-dentistry.com\/de\/wp-json\/wp\/v2\/types\/post"}],"author":[{"embeddable":true,"href":"https:\/\/www.best-dentist-dentistry.com\/de\/wp-json\/wp\/v2\/users\/1"}],"replies":[{"embeddable":true,"href":"https:\/\/www.best-dentist-dentistry.com\/de\/wp-json\/wp\/v2\/comments?post=5908"}],"version-history":[{"count":0,"href":"https:\/\/www.best-dentist-dentistry.com\/de\/wp-json\/wp\/v2\/posts\/5908\/revisions"}],"wp:attachment":[{"href":"https:\/\/www.best-dentist-dentistry.com\/de\/wp-json\/wp\/v2\/media?parent=5908"}],"wp:term":[{"taxonomy":"category","embeddable":true,"href":"https:\/\/www.best-dentist-dentistry.com\/de\/wp-json\/wp\/v2\/categories?post=5908"},{"taxonomy":"post_tag","embeddable":true,"href":"https:\/\/www.best-dentist-dentistry.com\/de\/wp-json\/wp\/v2\/tags?post=5908"}],"curies":[{"name":"wp","href":"https:\/\/api.w.org\/{rel}","templated":true}]}}