{"id":5916,"date":"2012-05-04T02:24:41","date_gmt":"2012-05-04T02:24:41","guid":{"rendered":null},"modified":"-0001-11-30T00:00:00","modified_gmt":"-0001-11-30T00:00:00","slug":"the-pope-called-for-a-new-and-open-society-in-cuba","status":"publish","type":"post","link":"https:\/\/www.best-dentist-dentistry.com\/de\/the-pope-called-for-a-new-and-open-society-in-cuba\/5916","title":{"rendered":"the pope called for a new and open society in cuba"},"content":{"rendered":"<p class=\"first\"> <span class=\"yshortcuts\" id=\"lw_1332826215_0\"> SANTIAGO DE CUBA<\/span> (Reuters) &#8211; der Papst <span class=\"yshortcuts\" id=\"lw_1332826215_1\"> Benedikt XVI.<\/span> am <span class=\"yshortcuts\" id=\"lw_1332826215_2\"> Montag<\/span> forderte <span class=\"yshortcuts\" id=\"lw_1332826215_3\"> die Kubaner<\/span> baut eine neue und offene Gesellschaft des sozialistischen Landes, der darauf abzielt, die St\u00e4rkung der <span class=\"yshortcuts\" id=\"lw_1332826215_4\"> Beziehungen<\/span> mit der <span class=\"yshortcuts\" id=\"lw_1332826215_5\"> Regierung<\/span> von <span class=\"yshortcuts\" id=\"lw_1332826215_6\"> Ra\u00fal<\/span> Castro zur Erh\u00f6hung der \u00f6ffentlichen Rolle der Kirche in Zeiten des Wandels, die <span class=\"yshortcuts\" id=\"lw_1332826215_7\"> Hoffnungen<\/span> und \u00c4ngste auf der karibischen Insel generiert haben.<\/p>\n<p>Der <span class=\"yshortcuts\" id=\"lw_1332826215_8\"> Heilige Vater<\/span> begann einen dreit\u00e4gigen Besuch, die viele erwarten, die Kirche dass, seine Macht mit der Kommunistischen Partei, die einzige legale auf der Insel, zu Themen wie Menschenrechte, politische Freiheiten und Dissidentengruppen als empfindlich zu vermitteln zu erh\u00f6hen.<\/p>\n<p>&#8220;appellieren, geben neue Kraft f\u00fcr ihren Glauben (&#8230;) und mit den Waffen der Frieden, Vergebung und Komprimierung, k\u00e4mpfen, um eine offene Gesellschaft bauen wollen und erneuert, eine bessere, mehr w\u00fcrdig Mann Gesellschaft&#8221;, sagte der Bischof von Rom in einer \u00fcberf\u00fcllten Homilie, die begann unter einer sengenden Sonne und bestreut mit einem leichten Nieselregen endete.<\/p>\n<p>Der Papst wurde von Pr\u00e4sident Castro an der Flughafen von Santiago De Cuba unter dem donnernden Gru\u00df von Kanonen und der Jubel von Tausenden von Menschen, in eine Hommage an die Virgen De La Caridad, nationale F\u00f6rderer in seinem 400-j\u00e4hrigen Jubil\u00e4um begr\u00fc\u00dft.<\/p>\n<p>Die historische Begegnung zwischen Papst Johannes Paul II und ehemalige Pr\u00e4sident Fidel Castro im Jahr 1998 die Feindschaft zwischen den beiden Institutionen seit dem Triumph der Revolution 1959 ein Ende gesetzt.<\/p>\n<p>Der katholischen Kirche geworden seitdem der wichtigsten Gespr\u00e4chspartner der Regierung, trotz der Tatsache, dass die beiden einflussreichsten Institutionen der Insel in ihre Visionen \u00fcber die Zukunft des sozialistischen Modells kollidierenden beibehalten.<\/p>\n<p>&#8220;gibt es noch viele M\u00f6glichkeiten, in dem Sie k\u00f6nnen und sollten voran, insbesondere im Hinblick auf den wesentlichen Beitrag, dass Religion, nennt man in der \u00d6ffentlichkeit der Gesellschaft zu spielen&#8221;, sagte der Papst, gekleidet in makellos wei\u00df, in seiner ersten Rede nach dem Erreichen der Insel.<\/p>\n<p>Obwohl mit weniger magnetische Medien, die ihre jeweiligen Vorg\u00e4nger, Ra\u00fal Castro und Papst Benedikt XVI. sind als pragmatischer F\u00fchrer gesehen und konnte die Sitzung Zement einen Schl\u00fcssel Allianz in dem die Regierung die Wirtschaft zu aktualisieren, ohne dabei seine marxistische Ideologie soll.<\/p>\n<p>&#8220;die Nation verfolgt ausnahmslos alles \u00e4ndern, was ge\u00e4ndert werden soll, im Einklang mit den h\u00f6chsten Bestrebungen des kubanischen Volkes und die kostenlose Teilnahme dieser bedeutsamen Entscheidungen unserer Gesellschaft,&#8221; sagte Castro, gekleidet im schwarzen Anzug, Granat und rauchige Sonnenbrillen binden.<\/p>\n<p>Fair Bestrebungen<\/p>\n<p>Eine kleine Tour zur Wiederbelebung des katholischen Glaubens gegen die wachsende Dynamik der beliebten protestantischen Religionen in der Region 84-j\u00e4hrige Benedict eingeschlagen. In seiner Passage durch Mexiko, verurteilte der Papst die Gewalt f\u00fcr den Drogenhandel, die mehr als 50.000 getroffen hat in den vergangenen f\u00fcnf Jahren lebt.<\/p>\n<p>Tausende von Menschen gaben ein jubelnder Willkommen zu den deutschen Pontifex Geschrei und winken Flaggen in einer beeindruckenden 8 km-Menschenkette, dass Flanque\u00f3 die Papamobil-Strecke, dem Zentrum von Santiago, der zweitgr\u00f6\u00dften Stadt des Landes 900 Kilometer \u00f6stlich von Havanna.<\/p>\n<p>&#8220;Die nur Bestrebungen in meinem Herzen tragen und berechtigte w\u00fcnschen der kubanischen Menschen, egal wo sie sind&#8221;, versichert seine Eminenz am Flughafen, eine Anweisung, die voraussichtlich auch kubanische Dissidenten und Exil-Gruppen in USA empfangen werden.<\/p>\n<p>Das grau sangen, tanzten und skandierten Parolen in zugunsten des Papstes vor der Predigt und die Spannung stieg als ankam der Virgen De La Caridad mit blumenstrauss, Blumen und seine jeweled Mantel, Hauptrolle in die vierte Ausfahrt, die das urspr\u00fcngliche Bild des Heiligtums der El Cobre, wenige Kilometer von Santiago hat.<\/p>\n<p>Am Dienstag wird der Papst zollen dem nationalen Patron, ein Symbol f\u00fcr die Gl\u00e4ubigen und Atheisten auf der Insel, da es gefunden wurde, in das Meer von Fischer im Jahre 1612 weitere nehmen fliegen nach Havanna formell mit Ra\u00fal erf\u00fcllen.<\/p>\n<p>Es ist unklar, ob Benedikt XVI. auch mit Fidel, 85 Jahre, oder mit dem venezolanischen Pr\u00e4sidenten Hugo Ch\u00e1vez, erf\u00fcllen wird, ist in Kuba in der Strahlentherapie gegen Krebs, die im letzten Jahr diagnostiziert wurde.<\/p>\n<p>, Jedoch hat keine Pl\u00e4ne auf seiner Agenda erhalten Dissidenten, die f\u00fcr eine Minute Ihrer Zeit gebeten hatte, um Anforderungen f\u00fcr gr\u00f6\u00dfere politische Freiheit und Achtung der Menschenrechte im Land zu erh\u00f6hen.<\/p>\n<p>Las Damas de Blanco, eine Gruppe von katholischen Frauen fordern die Freilassung von politischen Gefangenen, sagte, dass die Beh\u00f6rden ein Kuba Ihnen zeigen &#8220;das ist nicht vorhanden&#8221; und behaupten, die sie verboten haben w\u00e4hrend des Besuchs des Papstes manifestiert.<\/p>\n<p>\/ Por Nelson Acosta \/<\/p>\n","protected":false},"excerpt":{"rendered":"<p>SANTIAGO DE CUBA (Reuters) &#8211; der Papst Benedikt XVI. am Montag forderte die Kubaner baut eine neue und offene Gesellschaft des sozialistischen Landes, der darauf abzielt, die St\u00e4rkung der Beziehungen mit der Regierung von Ra\u00fal Castro zur Erh\u00f6hung der \u00f6ffentlichen Rolle der Kirche in Zeiten des Wandels, die Hoffnungen und \u00c4ngste auf der karibischen Insel [&hellip;]<\/p>\n","protected":false},"author":1,"featured_media":0,"comment_status":"close","ping_status":"open","sticky":false,"template":"","format":"standard","meta":{"footnotes":""},"categories":[3],"tags":[],"class_list":["post-5916","post","type-post","status-publish","format-standard","hentry","category-allgemeine","et-doesnt-have-format-content","et_post_format-et-post-format-standard"],"_links":{"self":[{"href":"https:\/\/www.best-dentist-dentistry.com\/de\/wp-json\/wp\/v2\/posts\/5916","targetHints":{"allow":["GET"]}}],"collection":[{"href":"https:\/\/www.best-dentist-dentistry.com\/de\/wp-json\/wp\/v2\/posts"}],"about":[{"href":"https:\/\/www.best-dentist-dentistry.com\/de\/wp-json\/wp\/v2\/types\/post"}],"author":[{"embeddable":true,"href":"https:\/\/www.best-dentist-dentistry.com\/de\/wp-json\/wp\/v2\/users\/1"}],"replies":[{"embeddable":true,"href":"https:\/\/www.best-dentist-dentistry.com\/de\/wp-json\/wp\/v2\/comments?post=5916"}],"version-history":[{"count":0,"href":"https:\/\/www.best-dentist-dentistry.com\/de\/wp-json\/wp\/v2\/posts\/5916\/revisions"}],"wp:attachment":[{"href":"https:\/\/www.best-dentist-dentistry.com\/de\/wp-json\/wp\/v2\/media?parent=5916"}],"wp:term":[{"taxonomy":"category","embeddable":true,"href":"https:\/\/www.best-dentist-dentistry.com\/de\/wp-json\/wp\/v2\/categories?post=5916"},{"taxonomy":"post_tag","embeddable":true,"href":"https:\/\/www.best-dentist-dentistry.com\/de\/wp-json\/wp\/v2\/tags?post=5916"}],"curies":[{"name":"wp","href":"https:\/\/api.w.org\/{rel}","templated":true}]}}