{"id":5980,"date":"2012-05-04T03:30:25","date_gmt":"2012-05-04T03:30:25","guid":{"rendered":null},"modified":"-0001-11-30T00:00:00","modified_gmt":"-0001-11-30T00:00:00","slug":"the-4th-edition-of-the-forum-a-commitment-for-health-deepened-in-the-clinical-management-and-problems-of-primary-care","status":"publish","type":"post","link":"https:\/\/www.best-dentist-dentistry.com\/de\/the-4th-edition-of-the-forum-a-commitment-for-health-deepened-in-the-clinical-management-and-problems-of-primary-care\/5980","title":{"rendered":"Die 4. Auflage des Forums &#8220;Ein Engagement f\u00fcr die Gesundheit&#8221; vertieft in die klinische Behandlung und die Probleme der Grundversorgung."},"content":{"rendered":"<p><strong>Der IV Edition des Forums  ein Engagement f\u00fcr die Gesundheit &#8221; im klinischen Management und Grundversorgung Probleme vertieft.<\/strong> <\/p>\n<p><font size=\"2\"> <strong>organisiert vom College of Physicians of Granada.<\/strong> <\/p>\n<p><\/font><font size=\"2\"> <strong>Spanien, Mai 2012.-<\/strong> in diesen Zeiten, die die Zukunft der Gesundheitsversorgung in unserem Land Umdenken ist, h\u00f6rte die Stimme von den Medizinern in der 4. Auflage des Forums  ein Engagement f\u00fcr die Gesundheit &#8221;, ein Punkt der Begegnung und interdisziplin\u00e4ren Dialog mit den anderen Institutionen, die die Gesundheit komplexe bilden\u00d6ffnen Sie ebenso f\u00fcr die Gesellschaft als Ganzes. <\/p>\n<p>Diese Ausgabe fand am Donnerstag, 19. April 2012, in der Aula der Park der Wissenschaften von Granada, wird das Thema gewidmet  beruflichen Herausforderungen im Gesundheitswesen &#8221;; mit zwei Sitzungen:  die Herausforderungen des klinischen Managements f\u00fcr Profis &#8221; und  Grundversorgung: Probleme und Herausforderungen &#8221;. <\/p>\n<p><\/font><\/p>\n<p align=\"center\"><font size=\"2\"><img loading=\"lazy\" decoding=\"async\" title=\"\" height=\"298\" alt=\"\" src=\"http:\/\/www.best-dentist-dentistry.com\/best-dentist-images\/the-4th-edition-of-the-forum-a-commitment-for-health-deepened-in-the-clinical-management-and-problems-of-primary-care.JPG\" width=\"445\" align=\"baseline\" border=\"0\"\/><\/p>\n<p><em>Los participantes en la primera sesi&oacute;n posan junto con el presidente del Colegio de M&eacute;dicos de Granada y el gerente del SAS<\/em><\/font><\/p>\n<p><font   size=\"2\">El presidente del Colegio Oficial de M&eacute;dicos de Granada, Dr. Javier de Teresa Galv&aacute;n, dio la bienvenida a los presentes y realiz&oacute; la presentaci&oacute;n del acto, se&ntilde;alando que Granada es una ciudad comprometida con la salud, und das College der \u00c4rzte will, durch die Organisation der einzelnen Editionen dieses Forums, dazu dienen, positionieren Sie diese Institution als einen Ort der Begegnung und der Diskussion von der Professionalit\u00e4t; mit einer anf\u00e4nglichen Idee der Gesundheit der Arbeitnehmer und der Gesellschaft f\u00fcr GRANADA-SALUD hinzu, und so dr\u00fccken seit der Unabh\u00e4ngigkeit die Vision der Praktiker auf die wichtigsten Probleme in der Gesundheitsversorgung Welt. Diese Ausgabe, die den vierten, wollte Schwerpunkt Verwaltung Klinik und Grundversorgung; wird umgeleitet, um \u00c4rzte in erster Linie, aber auch f\u00fcr den Rest der Gesundheit, F\u00fchrungskr\u00e4fte, Fachleute und Pharmaunternehmen, Patienten, alle Zivilgesellschaft.  Ist, daher ein Forum des freien Zugangs, da wir der Offenheit, der Transparenz und der sozialen Funktion des Colleges der \u00c4rzte aus unserer Verpflichtungen und Werten ausdr\u00fccken wollen &#8221;. <\/p>\n<p>Dr. Juan Jos\u00e9 P\u00e9rez L\u00e1zaro, Koordinator der 4. Ausgabe des Forums  ein Engagement f\u00fcr die Gesundheit &#8221;, es moderiert und stellte die erste Sitzung, mit dem Titel  die Herausforderungen des klinischen Managements f\u00fcr Profis &#8221;. Dr. Ignacio Mu\u00f1oz Carvajal, Leiter der klinischen Abteilung Chirurgie kardiovaskul\u00e4re Krankenhaus Reina Sofia von C\u00f3rdoba, wurde die Berichterstatterin zum Thema  klinische Governance als Strategie f\u00fcr Effizienz und Qualit\u00e4t Verbesserung &#8221;. Dr. Francisco Javier Gallo Vallejo, Direktor der Klinik Einheit c.s. Zaid\u00edn-S\u00fcd (in den Distrikt Granada), wurde die Berichterstatterin zum Thema  Schl\u00fcssel zur Verbesserung der Ergebnisse in ein klinisches Management von Primary Care Unit &#8221;. Dr. Antonio Fern\u00e1ndez Moyano, Leiter des Dienstes f\u00fcr Innere Medizin von der Public Health Konsortium  San Juan de Dios &#8221; del Aljarafe (Sevilla), wurde die Berichterstatterin zum Thema  Relevanz der klinischen Management und Erfahrung mit seiner praktischen Anwendung in ein Kontinuum von Sorgfalt-Programm &#8221;. <\/p>\n<p>Dr. Amando Mart\u00edn Zurro, Experte in der Grundversorgung, Gemeinschaft und Familie Medizin, \u00f6ffentliche Gesundheit, moderierte und f\u00fchrte die zweite Session mit dem Titel  Grundversorgung: Probleme und Herausforderungen &#8221;. Dr. Josep Davins Miralles, stellvertretender Generaldirektor der Gesundheitsdienste der Gesundheit Abteilung der Generalitat von Katalonien, wurde die Berichterstatterin zum Thema  Prim\u00e4rversorgung und Krankenkassen. Chronizit\u00e4t &#8221;. Dr. Lorenzo Arribas Mir, Hausarzt von der Klinik Chana Einheit (Granada), wurde die Berichterstatterin zum Thema  klinische Praxis. Rollen von Fachleuten &#8221;. Dr. Luis Andr\u00e9s L\u00f3pez Fern\u00e1ndez, Professor der andalusischen Schule der \u00f6ffentlichen Gesundheit, wurde die Berichterstatterin zum Thema  Grundversorgung und der \u00f6ffentlichen Gesundheit. Die Schnittmenge der Gemeinschaft &#8221;. <\/p>\n<p><\/font><\/p>\n<p align=\"center\"><font size=\"2\"><img loading=\"lazy\" decoding=\"async\" title=\"\" height=\"298\" alt=\"\" src=\"http:\/\/www.best-dentist-dentistry.com\/best-dentist-images\/the-4th-edition-of-the-forum-a-commitment-for-health-deepened-in-the-clinical-management-and-problems-of-primary-care.JPG\" width=\"445\" align=\"baseline\" border=\"0\"\/><\/p>\n<p><em>Un momento del Foro Un compromiso por la Salud&#8221;<\/em><\/font><\/p>\n<p><font   size=\"2\">El presidente del Colegio de M&eacute;dicos de Granada, Dr. Javier de Teresa Galv&aacute;n; y el gerente del SAS, Dr. Jos&eacute; Luis Guti&eacute;rrez P&eacute;rez; fueron los encargados de la clausura del acto. Dr Teresa bedankte sich die Hilfe f\u00fcr alle, insbesondere die Berichterstatter und Moderatoren f\u00fcr seine Brillanz und Ausstellung Qualit\u00e4t. Auch besonders zu Novartis, Sponsor dieser Ausgabe des Forums  ein Engagement f\u00fcr die Gesundheit &#8221;:  weil in Zeiten wie diesen, die f\u00e4llt f\u00fcr alle; welche Unterst\u00fctzung unabh\u00e4ngige professionelle Foren wie diese, die nicht mit Nachrichten selbst zu tun haben, ist sehr willkommen. Und ich m\u00f6chte zu Protokoll geben, die tiefe Dankbarkeit der Schule &#8221;. Er dankte auch dem Science Park, ihre Zusammenarbeit und die \u00dcbertragung seiner gro\u00dfartigen Einrichtungen. <\/p>\n<p>Er wollte eine Nachricht Optimismus und Begeisterung, Medizinern, aus den Werten des Berufs, geben  da jetzt nur noch eine Menge zu sagen und tun &#8221;. <\/p>\n<p>Ihrerseits dankte Dr. Gutierrez, Manager des SAS, der Hochschule der \u00c4rzte von Granada die Organisation dieses Forums, unter Hinweis darauf, dass Sie die Themen und Referenten hervorragend gew\u00e4hlt hatte, in voller \u00dcbereinstimmung mit Initiativen wie diese. Er \u00e4u\u00dferte die Wette von der SAS f\u00fcr das klinische Management-Modell; und von der Abteilung Ausrichtung Ergebnisse, sind in der Regel in dem Praktiker, Ziele entscheiden, gemeinsam mit der B\u00fcrger, die sehr bald sie gehen zu geben, eine partizipative F\u00fchrungsrolle in den Einheiten des Management. wollte auch die Wette um die F\u00fchrung zu markieren werden m\u00f6chten, und die Impulse f\u00fcr die Forschung in Krankenh\u00e4usern und medizinischen Grundversorgung Einheiten.  La Grundversorgung ist eine Priorit\u00e4t f\u00fcr dieses Parlament, in der die B\u00fcrokratie der gleichen Hauptziel sein wird &#8221;. <\/p>\n<p><\/font><\/p>\n","protected":false},"excerpt":{"rendered":"<p>Der IV Edition des Forums ein Engagement f\u00fcr die Gesundheit &#8221; im klinischen Management und Grundversorgung Probleme vertieft. organisiert vom College of Physicians of Granada. Spanien, Mai 2012.- in diesen Zeiten, die die Zukunft der Gesundheitsversorgung in unserem Land Umdenken ist, h\u00f6rte die Stimme von den Medizinern in der 4. Auflage des Forums ein Engagement [&hellip;]<\/p>\n","protected":false},"author":1,"featured_media":0,"comment_status":"close","ping_status":"open","sticky":false,"template":"","format":"standard","meta":{"footnotes":""},"categories":[3],"tags":[16134,16135],"class_list":["post-5980","post","type-post","status-publish","format-standard","hentry","category-allgemeine","tag-einzubeziehen","tag-iv-edition","et-doesnt-have-format-content","et_post_format-et-post-format-standard"],"_links":{"self":[{"href":"https:\/\/www.best-dentist-dentistry.com\/de\/wp-json\/wp\/v2\/posts\/5980","targetHints":{"allow":["GET"]}}],"collection":[{"href":"https:\/\/www.best-dentist-dentistry.com\/de\/wp-json\/wp\/v2\/posts"}],"about":[{"href":"https:\/\/www.best-dentist-dentistry.com\/de\/wp-json\/wp\/v2\/types\/post"}],"author":[{"embeddable":true,"href":"https:\/\/www.best-dentist-dentistry.com\/de\/wp-json\/wp\/v2\/users\/1"}],"replies":[{"embeddable":true,"href":"https:\/\/www.best-dentist-dentistry.com\/de\/wp-json\/wp\/v2\/comments?post=5980"}],"version-history":[{"count":0,"href":"https:\/\/www.best-dentist-dentistry.com\/de\/wp-json\/wp\/v2\/posts\/5980\/revisions"}],"wp:attachment":[{"href":"https:\/\/www.best-dentist-dentistry.com\/de\/wp-json\/wp\/v2\/media?parent=5980"}],"wp:term":[{"taxonomy":"category","embeddable":true,"href":"https:\/\/www.best-dentist-dentistry.com\/de\/wp-json\/wp\/v2\/categories?post=5980"},{"taxonomy":"post_tag","embeddable":true,"href":"https:\/\/www.best-dentist-dentistry.com\/de\/wp-json\/wp\/v2\/tags?post=5980"}],"curies":[{"name":"wp","href":"https:\/\/api.w.org\/{rel}","templated":true}]}}