{"id":5983,"date":"2012-05-04T03:30:42","date_gmt":"2012-05-04T03:30:42","guid":{"rendered":null},"modified":"-0001-11-30T00:00:00","modified_gmt":"-0001-11-30T00:00:00","slug":"san-juan-de-dios-moved-to-the-minister-of-health-work-health-carried-out-in-spain","status":"publish","type":"post","link":"https:\/\/www.best-dentist-dentistry.com\/de\/san-juan-de-dios-moved-to-the-minister-of-health-work-health-carried-out-in-spain\/5983","title":{"rendered":"San Juan de Dios, Minister f\u00fcr Arbeitsgesundheit zog in Spanien durchgef\u00fchrt."},"content":{"rendered":"<p><strong>San Juan de Dios, Minister f\u00fcr Arbeitsgesundheit in Spanien verschoben. <\/p>\n<p><\/strong><font size=\"2\"> <strong>Ana Mato zeigt besonderes Interesse im Bereich der Ma\u00dfnahmen im sozialen Bereich und der Wohlfahrtspflege mit den alten Menschen zu verbessern. <br \/><\/strong> <br \/><strong>Spanien, Mai 2012.-<\/strong> Maximale drei Beamten des Ordens Krankenhaus San Juan de Dios traf mit dem Minister f\u00fcr Gesundheit, Soziales und Gleichstellung, Ana Mato, mit dem Ziel, einen \u00dcberblick \u00fcber die Arbeit der Einrichtung in Spanien durch seine 42 Zentren geben. <\/p>\n<p>Juli\u00e1n S\u00e1nchez Bravo (Leiter der Betica-Provinz), Pascual Pf\u00e4hle Ferrando (Aragon) und Miguel Angel Varona Alonso (Castilla) darauf hingewiesen, dass  konnten wir alles \u00fcbermitteln, was wir der Auffassung, dass es wissen sollten, in der Tat haben wir so, dass er wusste, dass die Malteserorden Reihenfolge in jeder autonomen Gemeinschaft und seiner gesamten innerhalb Spaniens, und haben auch gefordert, dass sie uns sagen, die Dinge interessant, dass wir bereitstellen k\u00f6nnen, um uns bei der Arbeit zu verorten, die wir tun als &#8221;. <\/p>\n<p align=\"center\"><img loading=\"lazy\" decoding=\"async\" title=\"\" height=\"253\" alt=\"\" src=\"http:\/\/www.best-dentist-dentistry.com\/best-dentist-images\/san-juan-de-dios-moved-to-minister-of-health-work-health-carried-out-in-spain.jpg\" width=\"450\" align=\"baseline\" border=\"0\"\/><\/p>\n<p>La ministra mostr&oacute; su apoyo a los proyectos de San Juan de Dios, aunque reconoci&oacute; las dificultades que plantea la situaci&oacute;n actual de crisis. Ana Mato zeigte besonderes Interesse im Bereich der sozialen Aktion, und verbessern die Wohlfahrtspflege der Residenzen. <\/p>\n<p>Drei Beamten des Organs auch pr\u00e4sentiert die verschiedenen Realit\u00e4ten und Bed\u00fcrfnisse der Zentren in den verschiedenen autonomen Gemeinschaften, die meisten von ihnen liegt in Andalusien, wo 4 Krankenh\u00e4user, sowie Wohnungen f\u00fcr \u00e4ltere Menschen, haben soziale Kantinen oder Fachzentren in Aufmerksamkeit auf psychische und geistige Behinderung, unter anderem. <\/p>\n<p>W\u00e4hrend des Treffens der Minister sehr daran interessiert, durch die Arbeit von der OHSJD in der 42 Centros war Sociosanitarios verwaltet in Spanien und in sechs Kategorien von Intervention unterteilt: allgemeine Krankenh\u00e4user, medizinische chirurgische und Kind care Zentren in psychischen Gesundheit und Psychiatrie, Zentren f\u00fcr umfassende Intervention in Alter, Zentren f\u00fcr Sonderp\u00e4dagogik und Rehabilitation von Behinderten, Herbergen f\u00fcr Passanten und Psycho-soziale Reha-Zentren und Gemeinden soziale Intervention. <\/p>\n<p>2.000 Freiwillige, 7.400 Betten in verschiedenen Kliniken und Zentren, in der N\u00e4he der OHSJD derzeit in Spanien mit mehr als 11.300 Mitarbeitern und Partnern, und verwalten sie Projekte der sozialen Aktion durchgef\u00fchrt, durch die Gew\u00e4hrung der Einkommensteuer, die mehr als 35.000 Menschen in den verschiedenen autonomen Gemeinschaften zugute kommen wird. <\/p>\n<p align=\"center\"><img loading=\"lazy\" decoding=\"async\" title=\"\" height=\"300\" alt=\"\" src=\"http:\/\/www.best-dentist-dentistry.com\/best-dentist-images\/san-juan-de-dios-moved-to-minister-of-health-work-health-carried-out-in-spain.jpg\" width=\"450\" align=\"baseline\" border=\"0\"\/><\/p>\n<p>Los Hermanos tambi&eacute;n expusieron la creaci&oacute;n de una oficina de la OH en Bruselas, as&iacute; como la labor que desarrollan en el &aacute;mbito de la cooperaci&oacute;n internacional en distintos pa&iacute;ses empobrecidos de Am&eacute;rica Latina, &Aacute;frica y Asia. Die OHSJD besteht derzeit aus 1.230 Br\u00fcder, nahe auf 45.000 Fachkr\u00e4fte in Zusammenarbeit mit einem funktionierenden Link, mehr als 8.000 Freiwilligen und zahlreichen Wohlt\u00e4ter. <\/p>\n<p>Die Br\u00fcder von St. John of God sind in den f\u00fcnf Kontinenten in \u00fcber 50 L\u00e4ndern, mit religi\u00f6sen 23 Provinzen, 2 Allgemeine Delegationen, 7 provinzielle Delegationen vorhanden; Sie durchgef\u00fchrt sein Apostolat f\u00fcr die Kranken, die Armen und diejenigen, die Leiden durch 293 Werke. <\/p>\n<p>Die Hospitalischer Orden St. John of God ist eine Institution, die mit 500 Jahren Geschichte, pr\u00e4sentieren in den f\u00fcnf Kontinenten der Welt, die Durchf\u00fchrung von verschiedenen sozialen Projekten, Teilnahme an verschiedenen Interventionsbereiche reicht von chirurgischen medizinische Kliniken, Aufmerksamkeit auf Behinderung, psychische Gesundheit, soziale Ausgrenzung und umfassende Betreuung im Alter. Immer an der Spitze-Anpassung an neue Bed\u00fcrfnisse und Anforderungen, wird die Gastfreundschaft der Hauptwert und konzentrierte sich auf die w\u00fcrde der Personen, die charakterisiert die Arbeit die Zentren Hospitaller Reihenfolge aufweisen. <\/p>\n<p><\/font><\/p>\n","protected":false},"excerpt":{"rendered":"<p>San Juan de Dios, Minister f\u00fcr Arbeitsgesundheit in Spanien verschoben. Ana Mato zeigt besonderes Interesse im Bereich der Ma\u00dfnahmen im sozialen Bereich und der Wohlfahrtspflege mit den alten Menschen zu verbessern. Spanien, Mai 2012.- Maximale drei Beamten des Ordens Krankenhaus San Juan de Dios traf mit dem Minister f\u00fcr Gesundheit, Soziales und Gleichstellung, Ana Mato, [&hellip;]<\/p>\n","protected":false},"author":1,"featured_media":0,"comment_status":"close","ping_status":"open","sticky":false,"template":"","format":"standard","meta":{"footnotes":""},"categories":[3],"tags":[16139,16138,16140],"class_list":["post-5983","post","type-post","status-publish","format-standard","hentry","category-allgemeine","tag-arbeitsgesundheit","tag-minimal-invasive","tag-verschoben","et-doesnt-have-format-content","et_post_format-et-post-format-standard"],"_links":{"self":[{"href":"https:\/\/www.best-dentist-dentistry.com\/de\/wp-json\/wp\/v2\/posts\/5983","targetHints":{"allow":["GET"]}}],"collection":[{"href":"https:\/\/www.best-dentist-dentistry.com\/de\/wp-json\/wp\/v2\/posts"}],"about":[{"href":"https:\/\/www.best-dentist-dentistry.com\/de\/wp-json\/wp\/v2\/types\/post"}],"author":[{"embeddable":true,"href":"https:\/\/www.best-dentist-dentistry.com\/de\/wp-json\/wp\/v2\/users\/1"}],"replies":[{"embeddable":true,"href":"https:\/\/www.best-dentist-dentistry.com\/de\/wp-json\/wp\/v2\/comments?post=5983"}],"version-history":[{"count":0,"href":"https:\/\/www.best-dentist-dentistry.com\/de\/wp-json\/wp\/v2\/posts\/5983\/revisions"}],"wp:attachment":[{"href":"https:\/\/www.best-dentist-dentistry.com\/de\/wp-json\/wp\/v2\/media?parent=5983"}],"wp:term":[{"taxonomy":"category","embeddable":true,"href":"https:\/\/www.best-dentist-dentistry.com\/de\/wp-json\/wp\/v2\/categories?post=5983"},{"taxonomy":"post_tag","embeddable":true,"href":"https:\/\/www.best-dentist-dentistry.com\/de\/wp-json\/wp\/v2\/tags?post=5983"}],"curies":[{"name":"wp","href":"https:\/\/api.w.org\/{rel}","templated":true}]}}