{"id":6012,"date":"2012-05-05T02:25:40","date_gmt":"2012-05-05T02:25:40","guid":{"rendered":null},"modified":"-0001-11-30T00:00:00","modified_gmt":"-0001-11-30T00:00:00","slug":"the-pope-requests-a-cuba-of-all-and-for-all","status":"publish","type":"post","link":"https:\/\/www.best-dentist-dentistry.com\/de\/the-pope-requests-a-cuba-of-all-and-for-all\/6012","title":{"rendered":"the pope requests a cuba of all and for all"},"content":{"rendered":"<p class=\"first\"> <span class=\"yshortcuts\" id=\"lw_1332999309_0\"> Havanna<\/span> (Reuters) &#8211; der Papst <span class=\"yshortcuts\" id=\"lw_1332999309_1\"> Benedikt XVI<\/span> aufgerufen am Mittwoch in seinem Abschied aus <span class=\"yshortcuts\" id=\"lw_1332999309_2\"> Kuba<\/span> auf die Beschr\u00e4nkung der <span class=\"yshortcuts\" id=\"lw_1332999309_3\"> Grundfreiheiten<\/span> in der <span class=\"yshortcuts\" id=\"lw_1332999309_4\"> Insel<\/span> ist kein Hindernis f\u00fcr eine Ver\u00e4nderung auf der Insel zu erreichen und zu kritisieren, das <span class=\"yshortcuts\" id=\"lw_1332999309_5\"> Embargo<\/span> der <span class=\"yshortcuts\" id=\"lw_1332999309_6\"> USA<\/span> gegen die sozialistische <span class=\"yshortcuts\" id=\"lw_1332999309_7\"> Regierung<\/span> unterh\u00e4lt, seit f\u00fcnf Jahrzehnten zur\u00fcckgegeben.<\/p>\n<p>Nach der Besichtigung von drei Tagen der karibischen Land, <span class=\"yshortcuts\" id=\"lw_1332999309_8\"> Sumo<\/span> Pontifex angefordert &#8220;Kuba von allen und f\u00fcr alle, die Positionen zu verbannen, eine gro\u00dfe nationale Auss\u00f6hnung zu einem Zeitpunkt zu erreichen, wenn die Nation ihre gr\u00f6\u00dfte Moment der Transformation seit dem Triumph der Revolution 1959 lebt, behoben.<\/p>\n<p>&#8220;Ist es m\u00f6glich, eine breite Horizonte, erneuert und vers\u00f6hnte Gesellschaft zu bauen.&#8221; &#8220;Niemand ist daran gehindert, verbinden diese spannende Aufgabe durch ihre grundlegenden Freiheiten einzuschr\u00e4nken, noch befreit es von Faulheit oder Mangel an Ressourcen der Art Material&#8221;, sagte der Bischof von Rom am Flughafen.<\/p>\n<p>Dar\u00fcber hinaus bezeichnet der Heilige Vater die Beendigung des Embargos, die Washington das Land vor 50 Jahren auferlegt, um seine ideologischen Feind, Verbindung der schwierigen Wirtschaftslage und &#8220;wiegen negativ auf die Bev\u00f6lkerung&#8221; zu st\u00fcrzen.<\/p>\n<p>Seit seiner Ankunft in Santiago De Cuba am Montag, hat der Papst betonte, dass die Regierung von Ra\u00fal Castr\u00f3 die Hilfe der Kirche bei der Suche nach neue Wege und Modelle ben\u00f6tigen mit &#8220;glatten&#8221; Transformationen zu kommen.<\/p>\n<p>Der kubanische Vertreter dankte Papst Benedikt XVI. f\u00fcr einen Besuch, die in einer Atmosph\u00e4re der &#8220;Verst\u00e4ndigung&#8221; vergangen in dem &#8220;viele und Tiefe&#8221; Spiele trotz anderer Meinung auf alle Tracks gefunden.<\/p>\n<p>&#8220;seine Begegnung mit dem kubanischen Volk hat die M\u00f6glichkeit, besser zu verstehen und beobachten die Fairness unserer Zwecke gegeben&#8221;, sagte vor dem Shake Hands des Papstes als er das Flugzeug zum Verlassen des Landes unter einem anhaltenden Regen kletterten.<\/p>\n<p>Die Reise von der katholischen Hierarch gekr\u00f6nt einen langen Weg bei der Verbesserung der Beziehungen zu der Regierung der Kirche, die die wichtigsten Partner der Beh\u00f6rden auf sensible Menschenrechte und politischen Freiheiten geworden.<\/p>\n<p>, Jedoch trotz der Referenzen mehr oder weniger verschleierten politischen Gefangenen, Exilanten und die Dringlichkeit der \u00c4nderungen in gr\u00f6\u00dferer Tiefe in der Karibik Nation, der katholische F\u00fchrer empfing nicht Dissidenten auf der Insel, von der Regierung als S\u00f6ldner in den Vereinigten Staaten beschuldigt.<\/p>\n<p>Authentische Freiheit<\/p>\n<p>Am Morgen, schrieb der Heilige Vater eine mannigfache Masse in der mythischen Plaza De La Revoluci\u00f3n, genannt die &#8220;Freiheit&#8221; zu suchen, eine offenere Gesellschaft zu schaffen.<\/p>\n<p>&#8220;Es gibt andere, die diese Suche nach der Wahrheit zu interpretieren f\u00fchrt sie auf die Irrationalit\u00e4t und Fanatismus, Sperren ist b\u00f6se in &#39; seine wirklich &#39; und Versuch, es auf andere zu \u00fcbertragen&#8221;, sagte von der gleichen Kanzel, wo Fidel, umh\u00fcllt in Olivgr\u00fcn, Araba seine Landsleute mit beleuchteten revolution\u00e4re reden.<\/p>\n<p>In einem lila Toga gekleidet, der deutsche Papst tourte die Hauptverkehrsadern der Hauptstadt an Bord der Papamobil, gefeiert von einigen 300.000 Kubaner gesch\u00fctzt unvers\u00f6hnlich Sonne erhalten die Karibik Kappen und Visiere Pappe mit Sonnenschirmen auf der Suche nach den Segen des Bischofs von Rom.<\/p>\n<p>&#8220;Der Papst dem glauben viele kehren.&#8221; &#8220;Hier in Kuba wirtschaftliche Schwierigkeiten \u00fcberw\u00e4ltigen uns beide, die Tr\u00e4ume sind etwas betroffen&#8221;, sagte Jos\u00e9 Correa, pr\u00e4sentiert stolz drei Kruzifixe in seiner Brust in ein Land, das offiziell atheistische und antiklerikalen bis 1992 war.<\/p>\n<p>Flanked durch imposante Bildnisse der argentinischen Guerilla Ernesto &#8220;Che&#8221; Guevara und Camilo Cienfuegos Rebel, Papst Benedikt XVI bekr\u00e4ftigte die Notwendigkeit, dass der Regierung offene mehr \u00f6ffentliche Raum der Kirche, einschlie\u00dflich der M\u00f6glichkeit, &#8220;bald&#8221; seine Lehre an Schulen und Universit\u00e4ten nehmen.<\/p>\n<p>&#8220;Notwendigen move weiterleiten () St\u00e4rkung bereits erreicht und auf diesem Weg der echten Dienst f\u00fcr das Gemeinwohl der gesamten kubanischen Gesellschaft voranzutreiben&#8221;, sagte die weitere Festigung der Allianz von Kirche und Staat &#8220;freudig&#8221; hervorheben.<\/p>\n<p>Am Dienstag, hielt der Heilige Vater eine &#8220;herzliche&#8221; Treffen mit Raul Castro, der nach dem R\u00fccktritt seines Bruders im Jahr 2008 aus gesundheitlichen Gr\u00fcnden Macht\u00fcbernahme.<\/p>\n<p>Seiner Heiligkeit eine &#8220;humanit\u00e4re Ordnung&#8221; Castro, nach berichtet den Vatikan, was viele als eine Anfrage an politischen Gefangenen oder der amerikanische Unternehmer Alan Gross interpretiert, zu 15 Jahren Verbindungen als illegal auf der Insel Internet installieren verurteilt h\u00e4tte.<\/p>\n<p>Auch gebeten, den Urlaub gut Freitag wiederherstellen, in einer Geste, die \u00e4hnlich wie die Fidel mit den verstorbenen Papst Johannes Paul II wieder Weihnachten vor seinem historischen nahm 1998 besuchen.<\/p>\n<p>MARXISTEN und Christen<\/p>\n<p>Eine der am meisten erwarteten Momente der Reise war die Begegnung zwischen Papst Benedikt XVI und Fidel Castro, der f\u00fcr eine halbe Stunde in der Apostolischen Nuntiatur Havanna erf\u00fcllt.<\/p>\n<p>Federico Lombardi, sagte der Sprecher des Vatikans war es eine ruhige und herzliche treffen die die Probleme der Menschheit und die Liturgie der Kirche diskutiert. Sie scherzte sogar \u00fcber sein Alter und die charismatische Rebel fragte ihn, was die Aufgabe des Papstes ist.<\/p>\n<p>Die Rezeption war ein Impuls zur Konsolidierung der wichtigsten Allianz zwischen der katholischen Kirche und der Regierung, die eine Reihe von Reformen zur Modernisierung der Wirtschaft ohne Verzicht auf die sozialistischen Ideologie, Ausbau Unternehmertum private Bereiche zuvor in den Zustand, wie Tourismus und Gastfreundschaft vorbehalten-Laufwerke.<\/p>\n<p>Der Besuch generiert unterschiedliche Reaktionen in der Bev\u00f6lkerung. Einige glauben, dass der Papst dazu beitragen wird, die Wirtschaftsblockade gegen Washington, andere ein Ende gesetzt, die Erh\u00f6hung wird die politischen Ver\u00e4nderungen und die Mehrheit, die den Glauben nach Jahrzehnten des Antiklerikalismus und Vermehrung von der Afro-kubanischen Santeria beleben.<\/p>\n<p>&#8220;Wir wissen, dass Kuba \u00e4ndern muss und was wir tun. aber wenn Vereinigte Staaten, mit seiner Blockade, die uns ertrinkt \u00e4ndern wird?&#8221; &#8220;Ich hoffe, Benedict hat etwas zu sagen zu ihnen auch&#8221;, sagte Maritza Alvarez, eine gebrauchte Zustand 40 Jahre gewartet, seit Sonnenaufgang auf, um einen Platz in den ersten Zeilen nehmen.<\/p>\n<p>Aber Erwartungen, dass die Anwesenheit der katholischen Hierarch auf eine \u00d6ffnung zu sensiblen Themen wie Menschenrechte wich und b\u00fcrgerliche Freiheiten wurde herausgeschnitten, voll von der Exekutive, die wieder einmal klar, dass die \u00c4nderungen wirken sich nicht auf das politische System der Single-Party.<\/p>\n<p>&#8220;In Kuba es werden politische Reform&#8221;, sagte Stumpf Dienstag Marino Murillo, einer der kubanischen Vizepr\u00e4sidenten und Supervisor der wirtschaftliche Transformationen.<\/p>\n<p>Als Reaktion der Sprecher seine Heiligkeit sagte: &#8220;Die Kirche soll nicht L\u00f6sungen durchzusetzen.&#8221; &#8220;Wir wissen, dass es ein langer Weg und, dass die Geschichte Kubas komplexe&#8221;.<\/p>\n<p>\/ Por Enrique Andres Brezel und Nelson Acosta \/<\/p>\n","protected":false},"excerpt":{"rendered":"<p>Havanna (Reuters) &#8211; der Papst Benedikt XVI aufgerufen am Mittwoch in seinem Abschied aus Kuba auf die Beschr\u00e4nkung der Grundfreiheiten in der Insel ist kein Hindernis f\u00fcr eine Ver\u00e4nderung auf der Insel zu erreichen und zu kritisieren, das Embargo der USA gegen die sozialistische Regierung unterh\u00e4lt, seit f\u00fcnf Jahrzehnten zur\u00fcckgegeben. Nach der Besichtigung von drei [&hellip;]<\/p>\n","protected":false},"author":1,"featured_media":0,"comment_status":"close","ping_status":"open","sticky":false,"template":"","format":"standard","meta":{"footnotes":""},"categories":[3],"tags":[],"class_list":["post-6012","post","type-post","status-publish","format-standard","hentry","category-allgemeine","et-doesnt-have-format-content","et_post_format-et-post-format-standard"],"_links":{"self":[{"href":"https:\/\/www.best-dentist-dentistry.com\/de\/wp-json\/wp\/v2\/posts\/6012","targetHints":{"allow":["GET"]}}],"collection":[{"href":"https:\/\/www.best-dentist-dentistry.com\/de\/wp-json\/wp\/v2\/posts"}],"about":[{"href":"https:\/\/www.best-dentist-dentistry.com\/de\/wp-json\/wp\/v2\/types\/post"}],"author":[{"embeddable":true,"href":"https:\/\/www.best-dentist-dentistry.com\/de\/wp-json\/wp\/v2\/users\/1"}],"replies":[{"embeddable":true,"href":"https:\/\/www.best-dentist-dentistry.com\/de\/wp-json\/wp\/v2\/comments?post=6012"}],"version-history":[{"count":0,"href":"https:\/\/www.best-dentist-dentistry.com\/de\/wp-json\/wp\/v2\/posts\/6012\/revisions"}],"wp:attachment":[{"href":"https:\/\/www.best-dentist-dentistry.com\/de\/wp-json\/wp\/v2\/media?parent=6012"}],"wp:term":[{"taxonomy":"category","embeddable":true,"href":"https:\/\/www.best-dentist-dentistry.com\/de\/wp-json\/wp\/v2\/categories?post=6012"},{"taxonomy":"post_tag","embeddable":true,"href":"https:\/\/www.best-dentist-dentistry.com\/de\/wp-json\/wp\/v2\/tags?post=6012"}],"curies":[{"name":"wp","href":"https:\/\/api.w.org\/{rel}","templated":true}]}}