{"id":6200,"date":"2012-05-07T02:22:26","date_gmt":"2012-05-07T02:22:26","guid":{"rendered":null},"modified":"-0001-11-30T00:00:00","modified_gmt":"-0001-11-30T00:00:00","slug":"41-percent-of-the-spanish-prison-inmates-suffer-some-kind-of-mental-disorder","status":"publish","type":"post","link":"https:\/\/www.best-dentist-dentistry.com\/de\/41-percent-of-the-spanish-prison-inmates-suffer-some-kind-of-mental-disorder\/6200","title":{"rendered":"41 percent of the spanish prison inmates suffer some kind of mental disorder"},"content":{"rendered":"<p class=\"first\"> MADRID, 22 (EUROPA PRESS)<\/p>\n<p>The 41 Prozent der spanischen Gef\u00e4ngnisinsassen leiden eine Art von psychischer St\u00f6rung, wie es aus der PRECA-Studie unter der Leitung von Direktor des Bereichs des Krankenhausaufenthalts psychiatrische Parc Sanitari Sant Joan Deu von Barcelona, Dr. Enric Vicens. Der Spezialist sicher auch w\u00e4hrend der Pr\u00e4sentation dieser Forschungsarbeit, dass &#8220;84 Prozent von psychischen Erkrankungen im Laufe seines Lebens gelitten hat&#8221;.<\/p>\n<p>A Testversion von den Spezialist, &#8220;ist die psychische St\u00f6rung Ver\u00e4nderung der geistigen Aktivit\u00e4t begleitet von einem Unwohlsein und soziale und pers\u00f6nliche Einmischung&#8221;. Einige der Arten davon sagt &#8220;die St\u00f6rung der Angst, die Post-traumatischen Stress, die psychotische, der F\u00f3bico oder der Schizophrenie&#8221;, er. Ist jedoch der Auffassung, dass &#8220;Es gibt eine enge Beziehung zwischen ihnen und Drogenkonsum&#8221;.<\/p>\n<p>&#8220;<\/p>\n<p>Derzeit 17 Prozent der Gefangenen sind von dieser Gewohnheit, 23 Prozent wegen der Angst, 15 Prozent durch affektive St\u00f6rung und 4 Prozent von einem psychotischen Typ krank&#8221;, unterstreicht. Am meisten konsumierten Drogen im Gef\u00e4ngnis &#8220;sind Cannabis und Kokain&#8221;, aber was mehr bedauert der Experte ist, dass der Aufenthalt in der Strafanstalt &#8220;reduziert aber sein Verbrauch nicht beseitigt&#8221;.<\/p>\n<p>Die Studie, die in den Gef\u00e4ngnissen von mehr als 1.000 interne Gemeinden von Madrid und Katalonien, Aragon, <\/p>\n<p>diente Interviews 707 Gefangenen nach dem Zufallsprinzip ausgew\u00e4hlt und hat durch die Dotation aus den Fonds f\u00fcr die Gesundheitsforschung (FIS) finanziert worden. W\u00e4hrend des Prozesses der Analyse nur auf M\u00e4nner, studiert worden, dass &#8220;der Anteil der Frauen ist 9, 1&#8221;, es qualifiziert Vicens.<\/p>\n<p>Frageb\u00f6gen, die von der internationalen wissenschaftlichen Gemeinschaft validiert wurden, wurden von Psychologen und Experten durchgef\u00fchrt, und Daten, dass &#8220;jemand in einem Gef\u00e4ngnis 175 Patienten von Ursachen von Drogen, 80 von Depression, 42 durch psychotische St\u00f6rung, 36 von einer obsessiven Art und 10 f\u00fcr bipolare St\u00f6rung an einem Tag koexistieren&#8221; nachgegeben haben, sagt die Galen.<\/p>\n<p>Die Pr\u00e4valenz ist 5 mal niedriger in der Allgemeinbev\u00f6lkerung<\/p>\n<p>Eine weitere Schlussfolgerungen aus der Forschungsarbeit ist die Pr\u00e4valenz von psychischen Erkrankungen in Gefangenen &#8220;ist 5-mal h\u00f6her als in der Allgemeinbev\u00f6lkerung, es synthetisiert wird. Dar\u00fcber hinaus, Patienten, die Arzneimittel &#8220;haben 3 mal mehr Chancen, R\u00fcckfall&#8221;, Daten, dass es es ist simmers bis zu 5 mal mehr wenn der Gefangenen mehr als einmal eine Strafe verb\u00fc\u00dft hat.<\/p>\n<p>F\u00fcr Vicens, &#8220;ist notwendig sind Erkennung und psychiatrische Haft Behandlungsprogramme&#8221;, Handschuhe, die im Fr\u00fchjahr abgeholt haben, Foundation und die Obra Social Caja Madrid, die Donnerstag zum Entwerfen Sie eines Plans f\u00fcr umfassende Betreuung f\u00fcr Personen mit schweren psychischen St\u00f6rungen Gef\u00e4ngnis innerhalb unterzeichnet.<\/p>\n<p>&#8220;Sozialarbeit unterst\u00fctzt geistige Verb\u00e4nde, die die Realit\u00e4t dieser Kranken bekannt ist und bestimmte Narben, begraben&#8221;, versichert Direktor im Bereich der sozialen und Soziales Handeln von Obra Social Caja Madrid, Mar\u00eda Fernanda Ay\u00e1n. F\u00fcr sie, &#8220;Sie versuchen zur Verbesserung der fr\u00fchen Aufmerksamkeit um die Rate der Suizide zu verringern&#8221; dieser Kranken Gefangenen.<\/p>\n<p>H\u00e4lt es dar\u00fcber hinaus grundlegende &#8220;Integration sozial f\u00fcr diese Menschen, dass nur 5 Prozent von ihnen haben einen regelm\u00e4\u00dfigen Job&#8221;. Um so, und zu anderen sozialen Aktionen zu tun, diese Caja de Ahorros arbeiten auf 344 Projekte f\u00fcr die 50 Mio. \u20ac investiert hat.<\/p>\n<p>&#8220;M\u00fcssen betrachtet werden die Ursache-Wirkung-Beziehung&#8221; zu einen Satz zu mildern<\/p>\n<p>F\u00fcr seinen Teil, der Pr\u00e4sident der Board des Kuratorium der Fundaci\u00f3n Manantial, Francisco Sardine, erkl\u00e4rte, dass mit den Mitteln erh\u00f6ht, &#8220;entwickelten Programme, Richtern und Staatsanw\u00e4lten, die unbeabsichtigte \u00fcber Geisteskrankheiten zu trainieren&#8221;. In Bezug auf diese, Dr. Vicens hat darauf hingewiesen, Europa Press das Risiko der Simulation der Krankheit um eine Strafe zu mildern &#8220;immer da&#8221;, sondern wies &#8220;sollten, dass ihr diskriminieren&#8221;.<\/p>\n<p>Seiner Meinung nach der Richter &#8220;ersuchen kann eine Begutachtung von Psychiatern in den Verdacht der psychischen St\u00f6rung durchgef\u00fchrt&#8221;. Ist jedoch der Auffassung, dass &#8220;es wichtig ist, dass die psychische Verfassung in Verbindung mit der strafbaren Handlung, die kausale&#8221;.<\/p>\n<p>\u00dcber die aktuelle Situation des Eigentums an Verantwortung f\u00fcr kranke Gefangene, Sardine uns daran erinnert, dass &#8220;die Regierung und die autonomen Gemeinschaften keinen Konsens in der vorangegangenen Wahlperiode gefunden hat&#8221;. Aus diesem Grund verlangen, dass die neue Exekutive verpflichtet dieser Aufgabe.<\/p>\n<p>Hat schlie\u00dflich stellvertretender Direktor der Behandlung und Gef\u00e4ngnis des Gef\u00e4ngnispersonals Institutionen, Javier Nistal, als das richtige ist &#8220;, die Ressourcen der verschiedenen Verwaltungen zu vereinen&#8221;. Aus seiner Sicht alle Praktiker des Gef\u00e4ngnisses &#8220;m\u00fcssen Verantwortung mit diesen H\u00e4ftlingen&#8221; und, nach Verb\u00fc\u00dfung der Strafe, &#8220;Es ist wichtig, dass sie Gesundheitszentren um ihre soziale Integration zu erm\u00f6glichen bezeichnet werden&#8221;. So schliesst &#8220;soziale und wirtschaftliche Kosten, die vermeiden m\u00f6chten, um wieder zum R\u00fcckfall verringern w\u00fcrde,&#8221; er. <\/p>\n","protected":false},"excerpt":{"rendered":"<p>MADRID, 22 (EUROPA PRESS) The 41 Prozent der spanischen Gef\u00e4ngnisinsassen leiden eine Art von psychischer St\u00f6rung, wie es aus der PRECA-Studie unter der Leitung von Direktor des Bereichs des Krankenhausaufenthalts psychiatrische Parc Sanitari Sant Joan Deu von Barcelona, Dr. Enric Vicens. Der Spezialist sicher auch w\u00e4hrend der Pr\u00e4sentation dieser Forschungsarbeit, dass &#8220;84 Prozent von psychischen [&hellip;]<\/p>\n","protected":false},"author":1,"featured_media":0,"comment_status":"close","ping_status":"open","sticky":false,"template":"","format":"standard","meta":{"footnotes":""},"categories":[3],"tags":[],"class_list":["post-6200","post","type-post","status-publish","format-standard","hentry","category-allgemeine","et-doesnt-have-format-content","et_post_format-et-post-format-standard"],"_links":{"self":[{"href":"https:\/\/www.best-dentist-dentistry.com\/de\/wp-json\/wp\/v2\/posts\/6200","targetHints":{"allow":["GET"]}}],"collection":[{"href":"https:\/\/www.best-dentist-dentistry.com\/de\/wp-json\/wp\/v2\/posts"}],"about":[{"href":"https:\/\/www.best-dentist-dentistry.com\/de\/wp-json\/wp\/v2\/types\/post"}],"author":[{"embeddable":true,"href":"https:\/\/www.best-dentist-dentistry.com\/de\/wp-json\/wp\/v2\/users\/1"}],"replies":[{"embeddable":true,"href":"https:\/\/www.best-dentist-dentistry.com\/de\/wp-json\/wp\/v2\/comments?post=6200"}],"version-history":[{"count":0,"href":"https:\/\/www.best-dentist-dentistry.com\/de\/wp-json\/wp\/v2\/posts\/6200\/revisions"}],"wp:attachment":[{"href":"https:\/\/www.best-dentist-dentistry.com\/de\/wp-json\/wp\/v2\/media?parent=6200"}],"wp:term":[{"taxonomy":"category","embeddable":true,"href":"https:\/\/www.best-dentist-dentistry.com\/de\/wp-json\/wp\/v2\/categories?post=6200"},{"taxonomy":"post_tag","embeddable":true,"href":"https:\/\/www.best-dentist-dentistry.com\/de\/wp-json\/wp\/v2\/tags?post=6200"}],"curies":[{"name":"wp","href":"https:\/\/api.w.org\/{rel}","templated":true}]}}