{"id":66,"date":"2013-05-25T11:08:58","date_gmt":"2013-05-25T11:08:58","guid":{"rendered":null},"modified":"2013-05-25T11:08:58","modified_gmt":"2013-05-25T11:08:58","slug":"cocemfe-welcomes-improvements-in-advance-for-people-with-disability-retirement","status":"publish","type":"post","link":"https:\/\/www.best-dentist-dentistry.com\/de\/cocemfe-welcomes-improvements-in-advance-for-people-with-disability-retirement\/66","title":{"rendered":"COCEMFE begr\u00fc\u00dft die Verbesserungen im Voraus f\u00fcr Menschen mit Behinderung Ruhestand"},"content":{"rendered":"<p><font   size=\"2\"> <font size=\"3\"> <strong>COCEMFE begr\u00fc\u00dft Verbesserungen in den Vorruhestand f\u00fcr Menschen mit Behinderungen<\/strong><\/font> <\/p>\n<p>-Kongress hat schlie\u00dflich verabschiedete zuk\u00fcnftigen Gesetzes der sozialen Sicherheit mit bedeutende Verbesserungen f\u00fcr Menschen mit Behinderungen <\/p>\n<p> &#8211; das Mindestalter f\u00fcr den Ruhestand ist in zwei Jahren durchgef\u00fchrt werden und die Mindestdauer der Beitr\u00e4ge ist in f\u00fcnf Jahren reduziert <\/p>\n<p>-COCEMFE begr\u00fc\u00dft Gruppen, die Anforderungen von Menschen mit Behinderungen noch einmal zu h\u00f6ren und zu versuchen, in der gerechteste Weg Gesetze erlassen m\u00f6gliche <\/p>\n<p> <strong>Madrid, 2011-Juli<\/strong> Spanisch Bund von Menschen mit k\u00f6rperlichen Behinderung und organischen (COCEMFE) will ihre Zufriedenheit mit den Verbesserungen des Gesetzes der Modernisierung des Systems der sozialen Sicherheit zu zeigen, die, nach dem Abschluss seiner parlamentarischen Prozess Weise Congress endg. genehmigt hat <\/p>\n<p>Der Pr\u00e4sident von COCEMFE, Mario Garc\u00eda, beschrieb den endg\u00fcltigen Text des Standards der  wichtiger Fortschritt in der soziale Schutz von Menschen mit Behinderungen, die Flexibilit\u00e4t eines Systems, der beabsichtigt veranschaulicht, auf die Funktionen der einzelnen Person anzupassen &#8221;. <\/p>\n<p>Mit dem neuen Gesetz das Mindestalter von Ruhestand gegangen von 58 auf 56 Jahre f\u00fcr Personen mit einer Behinderung gleich oder h\u00f6her als 45 Prozent und die erforderlichen Voraussetzungen f\u00fcr Altersteilzeit in einem besseren Zustand als die geltenden Beitragsdauer derzeit wurde senkte von 30 zu 25 Jahren. <\/p>\n<p>Dar\u00fcber hinaus regelt das zuk\u00fcnftige Gesetz ein besonderes Abkommen, das Arbeitnehmer selbst deaktivierte Contributivamente dazu beitragen, das System zu erm\u00f6glichen, obwohl sie nicht in der Zukunft arbeiten werden auf bestimmte Vorteile zugreifen. <\/p>\n<p>Als hervorgehobenen von Mario Garcia,  ist \u00fcber Durchbr\u00fcche, die erreichten vor zwei Jahren wenn konnte eine gr\u00f6\u00dfere Zahl von Menschen mit Behinderungen Vorruhestand hinzuf\u00fcgen, den Grad der Behinderung auf das gleiche von 65 % auf 45 % zugreifen k\u00f6nnen verringern zugreifen &#8221;. <\/p>\n<p>Genau,  verbessern die Pensionierung Bedingungen f\u00fcr Menschen mit Behinderungen ist einer der Anspr\u00fcche auf die CERMI Behinderung Sektor verbrachte Jahre machen und er hat endlich zufrieden. Warum begl\u00fcckw\u00fcnschen sowohl parlamentarischen Kammern, Kongress- und Senat und die Gruppen, die sie durch vertreten, die Anforderungen von Menschen mit Behinderungen noch einmal zu h\u00f6ren und zu versuchen, so ziemlich wie m\u00f6glich erlassen &#8221;, sagt Mario Garc\u00eda. <\/p>\n<p>Spanisch-Bund von Menschen mit k\u00f6rperlichen Behinderung und organischen (COCEMFE) ist eine nichtstaatliche gemeinn\u00fctzige, die 1980 gegr\u00fcndet wurde. Sein Ziel ist zu vereinigen, st\u00e4rken und bilden-Koordinate Bem\u00fchungen und Aktivit\u00e4ten von Entit\u00e4ten, die Arbeiten an Menschen mit Behinderungen, physikalischen und biologischen zu verteidigen ihre Rechte und ihre Lebensqualit\u00e4t zu verbessern. Die Organisation vereint mehr als 1.360 Organisationen unterteilt in regionalen Konf\u00f6derationen, staatlichen Institutionen und provinziellen Verb\u00e4nde, die wiederum verschiedene Verb\u00e4nde R\u00e4umlichkeiten. <\/p>\n<p><\/font><\/p>\n","protected":false},"excerpt":{"rendered":"<p>COCEMFE begr\u00fc\u00dft Verbesserungen in den Vorruhestand f\u00fcr Menschen mit Behinderungen -Kongress hat schlie\u00dflich verabschiedete zuk\u00fcnftigen Gesetzes der sozialen Sicherheit mit bedeutende Verbesserungen f\u00fcr Menschen mit Behinderungen &#8211; das Mindestalter f\u00fcr den Ruhestand ist in zwei Jahren durchgef\u00fchrt werden und die Mindestdauer der Beitr\u00e4ge ist in f\u00fcnf Jahren reduziert -COCEMFE begr\u00fc\u00dft Gruppen, die Anforderungen von Menschen [&hellip;]<\/p>\n","protected":false},"author":1,"featured_media":0,"comment_status":"closed","ping_status":"open","sticky":false,"template":"","format":"standard","meta":{"footnotes":""},"categories":[3],"tags":[561,565,560,564,566,562,563],"class_list":["post-66","post","type-post","status-publish","format-standard","hentry","category-allgemeine","tag-begrt","tag-behinderung","tag-cocemfe","tag-menschen","tag-ruhestand","tag-verbesserungen","tag-voraus","et-doesnt-have-format-content","et_post_format-et-post-format-standard"],"_links":{"self":[{"href":"https:\/\/www.best-dentist-dentistry.com\/de\/wp-json\/wp\/v2\/posts\/66","targetHints":{"allow":["GET"]}}],"collection":[{"href":"https:\/\/www.best-dentist-dentistry.com\/de\/wp-json\/wp\/v2\/posts"}],"about":[{"href":"https:\/\/www.best-dentist-dentistry.com\/de\/wp-json\/wp\/v2\/types\/post"}],"author":[{"embeddable":true,"href":"https:\/\/www.best-dentist-dentistry.com\/de\/wp-json\/wp\/v2\/users\/1"}],"replies":[{"embeddable":true,"href":"https:\/\/www.best-dentist-dentistry.com\/de\/wp-json\/wp\/v2\/comments?post=66"}],"version-history":[{"count":0,"href":"https:\/\/www.best-dentist-dentistry.com\/de\/wp-json\/wp\/v2\/posts\/66\/revisions"}],"wp:attachment":[{"href":"https:\/\/www.best-dentist-dentistry.com\/de\/wp-json\/wp\/v2\/media?parent=66"}],"wp:term":[{"taxonomy":"category","embeddable":true,"href":"https:\/\/www.best-dentist-dentistry.com\/de\/wp-json\/wp\/v2\/categories?post=66"},{"taxonomy":"post_tag","embeddable":true,"href":"https:\/\/www.best-dentist-dentistry.com\/de\/wp-json\/wp\/v2\/tags?post=66"}],"curies":[{"name":"wp","href":"https:\/\/api.w.org\/{rel}","templated":true}]}}