{"id":665,"date":"2012-06-29T11:09:56","date_gmt":"2012-06-29T11:09:56","guid":{"rendered":null},"modified":"2012-06-29T11:09:56","modified_gmt":"2012-06-29T11:09:56","slug":"according-to-experts-many-creams-do-not-protect-well-of-uva-rays","status":"publish","type":"post","link":"https:\/\/www.best-dentist-dentistry.com\/de\/according-to-experts-many-creams-do-not-protect-well-of-uva-rays\/665","title":{"rendered":"experten zufolge sch\u00fctzen viele cremes nicht gut von uva strahlen"},"content":{"rendered":"<p>Imagesourceden Steven Wang, Memorial Sloan Kettering Cancer Center<\/strong>, viele der Cremes f\u00fcr die Haut, sie sagen, sie zum Schutz vor UVA-Strahlen und sind Anti-Falten, sie entsprechen nicht die Mindestanforderungen oder Komponenten, die ben\u00f6tigt Durchf\u00fchrung seiner Aufgabe.<\/p>\n<p>, Dass diese Cremes zum Schutz vor UVB-Strahlen, die auch sch\u00e4dlich sind sind, aber die UVA-<strong>dringen tiefer in die Haut<\/strong>, strahlen die Zellen auf lange Sicht zu besch\u00e4digen und die Darstellung von Krebs beg\u00fcnstigen.<span id=\"more-4091\"><\/span> waren studierte <strong>einige 29 verschiedene Cremes<\/strong> mit Schutzfaktoren zwischen 15 und 50, davon sechs nicht die Anforderungen und die Zutaten f\u00fcr einen guten Schutz gegen UV-Strahlen erf\u00fcllen, aber wenn Sie sich gegen Strahlung UVB.<\/p>\n<p>Das ist warum m\u00fcssen wir <strong>besondere Sorgfalt<\/strong>, wenn es um den Kauf dieser Art von Rahm, und soweit m\u00f6glich, sie entsprechen, was versprochen, oder wir werden sein gef\u00e4hrden ernsthaft die Gesundheit unserer Haut.<\/p>\n<p>Vitadelia gesund leben<\/p>\n<p>Tags: Pflege Sonne, Sonnenschutz<\/p>\n","protected":false},"excerpt":{"rendered":"<p>Imagesourceden Steven Wang, Memorial Sloan Kettering Cancer Center, viele der Cremes f\u00fcr die Haut, sie sagen, sie zum Schutz vor UVA-Strahlen und sind Anti-Falten, sie entsprechen nicht die Mindestanforderungen oder Komponenten, die ben\u00f6tigt Durchf\u00fchrung seiner Aufgabe. , Dass diese Cremes zum Schutz vor UVB-Strahlen, die auch sch\u00e4dlich sind sind, aber die UVA-dringen tiefer in die [&hellip;]<\/p>\n","protected":false},"author":1,"featured_media":0,"comment_status":"closed","ping_status":"open","sticky":false,"template":"","format":"standard","meta":{"footnotes":""},"categories":[3],"tags":[3588,3589,3582,3580,3587,3586,3584,3583,3585,3581],"class_list":["post-665","post","type-post","status-publish","format-standard","hentry","category-allgemeine","tag-cancer","tag-center","tag-cremes","tag-gewichtskontrolle","tag-kettering","tag-memorial","tag-steven","tag-uva-strahlen","tag-wang","tag-zufolge","et-doesnt-have-format-content","et_post_format-et-post-format-standard"],"_links":{"self":[{"href":"https:\/\/www.best-dentist-dentistry.com\/de\/wp-json\/wp\/v2\/posts\/665","targetHints":{"allow":["GET"]}}],"collection":[{"href":"https:\/\/www.best-dentist-dentistry.com\/de\/wp-json\/wp\/v2\/posts"}],"about":[{"href":"https:\/\/www.best-dentist-dentistry.com\/de\/wp-json\/wp\/v2\/types\/post"}],"author":[{"embeddable":true,"href":"https:\/\/www.best-dentist-dentistry.com\/de\/wp-json\/wp\/v2\/users\/1"}],"replies":[{"embeddable":true,"href":"https:\/\/www.best-dentist-dentistry.com\/de\/wp-json\/wp\/v2\/comments?post=665"}],"version-history":[{"count":0,"href":"https:\/\/www.best-dentist-dentistry.com\/de\/wp-json\/wp\/v2\/posts\/665\/revisions"}],"wp:attachment":[{"href":"https:\/\/www.best-dentist-dentistry.com\/de\/wp-json\/wp\/v2\/media?parent=665"}],"wp:term":[{"taxonomy":"category","embeddable":true,"href":"https:\/\/www.best-dentist-dentistry.com\/de\/wp-json\/wp\/v2\/categories?post=665"},{"taxonomy":"post_tag","embeddable":true,"href":"https:\/\/www.best-dentist-dentistry.com\/de\/wp-json\/wp\/v2\/tags?post=665"}],"curies":[{"name":"wp","href":"https:\/\/api.w.org\/{rel}","templated":true}]}}