{"id":6700,"date":"2012-05-15T02:29:22","date_gmt":"2012-05-15T02:29:22","guid":{"rendered":null},"modified":"-0001-11-30T00:00:00","modified_gmt":"-0001-11-30T00:00:00","slug":"llamazares-criticizes-the-worrying-political-weakness-of-mato","status":"publish","type":"post","link":"https:\/\/www.best-dentist-dentistry.com\/de\/llamazares-criticizes-the-worrying-political-weakness-of-mato\/6700","title":{"rendered":"llamazares criticizes the worrying political weakness of mato"},"content":{"rendered":"<p class=\"first\"> Madrid, 1 Apr (EFE).-Stellvertreter des IU und Sprecher in der Gesundheitskommission des Kongresses, Gaspar Llamazares, parlamentarischen sagte heute, dass das Ministerium f\u00fcr Gesundheit, soziale Dienste und Gleichheit als Besitzer, Ana Mato, &#8220;in dieser kurzen Zeit eine Besorgnis erregende politische Schw\u00e4che gezeigt haben&#8221;.<\/p>\n<p>So Llamazares bezeichnet die Leistung des neuen Ministers w\u00e4hrend der ersten hundert Tage der beliebten executive Action, in dem aus seiner Sicht &#8220;sein scharfes offenbart Art und Weise, dass medizinische Versorgung ist keine politische Priorit\u00e4t f\u00fcr diese Regierung oder der PP&#8221;.<\/p>\n<p>&#8220;Ist daher wiederholt ein \u00e4hnliches Szenario, in dem statt der Gesetzgeber \u00fcbergeben mit die PSOE, die trauriger ist, selbst wenn wir die gro\u00dfe Rechnung Herausforderungen, dass Gesicht&#8221;, brachte in einer Pressemitteilung.<\/p>\n<p>F\u00fcr Llamazares, Mato, seine Arbeit mit einer &#8220;gesamte Pufferzeit&#8221; auf die &#8220;gro\u00dfen&#8221; Anforderungen durchgef\u00fchrt und auf dem Tisch von den Millionen von Nutzern von Gesundheitsversorgung, Fachleute des Sektors und bestimmte Gruppen soziale und gesch\u00e4ftliche Anforderungen mit dasselbe verbunden.<\/p>\n<p>Mitglied des Parlaments von IU hat davor gewarnt, dass &#8220;diese bemerkenswerte Mangel an Initiative vom Minister hinzugef\u00fcgt wird, dar\u00fcber, dass seine Abteilung ist politisch in der Defensive, das Schlimmste, das passieren kann, in einem Ministerium dieser Merkmale&#8221;, gemildert hat.<\/p>\n<p>&#8220;Mehr zu starten, Vorschl\u00e4ge konstruktiv und effizient in scheinbar gewidmet ist, Ziele zu stoppen und versuchen, die Schl\u00e4ge kommen zu ihnen von den autonomen Gemeinschaften, die am Rand der Beh\u00f6rde handeln zu stoppen und die tats\u00e4chlichen Befugnisse, die hat das Ministerium der Gesundheit&#8221;, abgeschlossen wurde.<\/p>\n","protected":false},"excerpt":{"rendered":"<p>Madrid, 1 Apr (EFE).-Stellvertreter des IU und Sprecher in der Gesundheitskommission des Kongresses, Gaspar Llamazares, parlamentarischen sagte heute, dass das Ministerium f\u00fcr Gesundheit, soziale Dienste und Gleichheit als Besitzer, Ana Mato, &#8220;in dieser kurzen Zeit eine Besorgnis erregende politische Schw\u00e4che gezeigt haben&#8221;. So Llamazares bezeichnet die Leistung des neuen Ministers w\u00e4hrend der ersten hundert Tage [&hellip;]<\/p>\n","protected":false},"author":1,"featured_media":0,"comment_status":"close","ping_status":"open","sticky":false,"template":"","format":"standard","meta":{"footnotes":""},"categories":[3],"tags":[],"class_list":["post-6700","post","type-post","status-publish","format-standard","hentry","category-allgemeine","et-doesnt-have-format-content","et_post_format-et-post-format-standard"],"_links":{"self":[{"href":"https:\/\/www.best-dentist-dentistry.com\/de\/wp-json\/wp\/v2\/posts\/6700","targetHints":{"allow":["GET"]}}],"collection":[{"href":"https:\/\/www.best-dentist-dentistry.com\/de\/wp-json\/wp\/v2\/posts"}],"about":[{"href":"https:\/\/www.best-dentist-dentistry.com\/de\/wp-json\/wp\/v2\/types\/post"}],"author":[{"embeddable":true,"href":"https:\/\/www.best-dentist-dentistry.com\/de\/wp-json\/wp\/v2\/users\/1"}],"replies":[{"embeddable":true,"href":"https:\/\/www.best-dentist-dentistry.com\/de\/wp-json\/wp\/v2\/comments?post=6700"}],"version-history":[{"count":0,"href":"https:\/\/www.best-dentist-dentistry.com\/de\/wp-json\/wp\/v2\/posts\/6700\/revisions"}],"wp:attachment":[{"href":"https:\/\/www.best-dentist-dentistry.com\/de\/wp-json\/wp\/v2\/media?parent=6700"}],"wp:term":[{"taxonomy":"category","embeddable":true,"href":"https:\/\/www.best-dentist-dentistry.com\/de\/wp-json\/wp\/v2\/categories?post=6700"},{"taxonomy":"post_tag","embeddable":true,"href":"https:\/\/www.best-dentist-dentistry.com\/de\/wp-json\/wp\/v2\/tags?post=6700"}],"curies":[{"name":"wp","href":"https:\/\/api.w.org\/{rel}","templated":true}]}}