{"id":6705,"date":"2012-05-15T02:29:54","date_gmt":"2012-05-15T02:29:54","guid":{"rendered":null},"modified":"-0001-11-30T00:00:00","modified_gmt":"-0001-11-30T00:00:00","slug":"a-fire-affects-more-than-700-acres-in-a-natural-park-in-spain","status":"publish","type":"post","link":"https:\/\/www.best-dentist-dentistry.com\/de\/a-fire-affects-more-than-700-acres-in-a-natural-park-in-spain\/6705","title":{"rendered":"a fire affects more than 700 acres in a natural park in spain"},"content":{"rendered":"<p class=\"first\"> Santiago De Compostela (Spanien), 1 Apr (EFE).-ein Feuer erkl\u00e4rt Samstag in der spanischen Region Galicien (nordwestlich) betroffen hat weit mehr als 700 Hektar des Naturparks von hohem \u00f6kologischen Wert, regionale Regierungsquellen zufolge heute Efe.<\/p>\n<p>Von der 700 Hektar betroffen, einige 500 Waldland, Laut Quellen.<\/p>\n<p>Das Feuer im Naturpark des Fragas Do Eume, in der Gemeinde A Capela, bleibt mit ein alert-Level 1, der h\u00f6chsten durch die N\u00e4he der Flammen zu H\u00e4usern.<\/p>\n<p>Die B\u00fcrgermeister von A Capela, Manuel Meizoso, jedoch hat uns im Gespr\u00e4ch mit einem lokalen Radiosender, die die Flammen bereits rund 2.000 Hektar verschlungen haben versichert.<\/p>\n<p>Insgesamt 224 Soldaten der Einheit milit\u00e4rischen in Notf\u00e4llen (EMU) arbeiten in der Brandbek\u00e4mpfung mit zwanzig Wald-Brigaden, die Unterst\u00fctzung von f\u00fcnf Hubschrauber und vier Flugzeuge haben, bedeutet, dass ganze Morgen, regionale Regierungsquellen zufolge erh\u00f6hen wird.<\/p>\n<p>\u00dcber 200 Leute hatten an diesem Samstag in mehrere D\u00f6rfer nahe dem Feuer ger\u00e4umt werden, die schnell durch den starken Wind, die nicht aufh\u00f6ren angeheizt, tags\u00fcber weht und erschwert die Arbeit der Aussterben Brigaden.<\/p>\n<p>Feuerwehr Quellen gesagt Efe, die das Feuer war &#8220;unter Kontrolle&#8221;, aber darauf hingewiesen, dass das Feuer in verschiedene Schwerpunkte unterteilt wurde.<\/p>\n<p>Der regionalen Pr\u00e4sidenten von Galicien, Alberto N\u00fa\u00f1ez Feijoo, besucht heute die Gemeinden von dem Feuer betroffen.<\/p>\n<p>Verschiedene Quellen haben best\u00e4tigt, dass das Feuer Ernst Naturpark Eume, eine gesch\u00fctzte atlantischen Regenwaldes betroffen hat, die das Einzugsgebiet des Flusses Eume auf einer Fl\u00e4che von 9.000 Hektar und einer der meistbesuchten Punkte in der Comarca erstreckt.<\/p>\n<p>The Spanish Guardia Civil h\u00e4lt die Zugriffe auf den Naturpark Schnitt seit gestern und es wurde das Kloster von Caaveiro, ein Kloster aus dem 12. Jahrhundert oben auf einem H\u00fcgel in voller Wald, hatte vor kurzem rehabilitiert worden und das war einer der spektakul\u00e4rsten Orte von Galicien, entfernt.<\/p>\n<p>The State Meteorological Agency erwartet nicht nur Regen in den kommenden Stunden im Bereich.<\/p>\n<p>Auf der anderen Seite bereits kontrollierten drei Br\u00e4nde in der Region, die insgesamt mehr als 130 Hektar der Einfassung, gegl\u00fcht haben, w\u00e4hrend ein Viertel, die mehr als 20 Hektar bereits verw\u00fcstet hat aktiv bleibt.<\/p>\n<p>Kraft der Einheit milit\u00e4rischen Ausnahmezustand (EMU) wurden in die Arbeit des L\u00f6schen des Brandes in der Gemeinde La Coru\u00f1a A Capela (Spanien) aufgenommen. EFE<\/p>\n","protected":false},"excerpt":{"rendered":"<p>Santiago De Compostela (Spanien), 1 Apr (EFE).-ein Feuer erkl\u00e4rt Samstag in der spanischen Region Galicien (nordwestlich) betroffen hat weit mehr als 700 Hektar des Naturparks von hohem \u00f6kologischen Wert, regionale Regierungsquellen zufolge heute Efe. Von der 700 Hektar betroffen, einige 500 Waldland, Laut Quellen. Das Feuer im Naturpark des Fragas Do Eume, in der Gemeinde [&hellip;]<\/p>\n","protected":false},"author":1,"featured_media":0,"comment_status":"close","ping_status":"open","sticky":false,"template":"","format":"standard","meta":{"footnotes":""},"categories":[3],"tags":[],"class_list":["post-6705","post","type-post","status-publish","format-standard","hentry","category-allgemeine","et-doesnt-have-format-content","et_post_format-et-post-format-standard"],"_links":{"self":[{"href":"https:\/\/www.best-dentist-dentistry.com\/de\/wp-json\/wp\/v2\/posts\/6705","targetHints":{"allow":["GET"]}}],"collection":[{"href":"https:\/\/www.best-dentist-dentistry.com\/de\/wp-json\/wp\/v2\/posts"}],"about":[{"href":"https:\/\/www.best-dentist-dentistry.com\/de\/wp-json\/wp\/v2\/types\/post"}],"author":[{"embeddable":true,"href":"https:\/\/www.best-dentist-dentistry.com\/de\/wp-json\/wp\/v2\/users\/1"}],"replies":[{"embeddable":true,"href":"https:\/\/www.best-dentist-dentistry.com\/de\/wp-json\/wp\/v2\/comments?post=6705"}],"version-history":[{"count":0,"href":"https:\/\/www.best-dentist-dentistry.com\/de\/wp-json\/wp\/v2\/posts\/6705\/revisions"}],"wp:attachment":[{"href":"https:\/\/www.best-dentist-dentistry.com\/de\/wp-json\/wp\/v2\/media?parent=6705"}],"wp:term":[{"taxonomy":"category","embeddable":true,"href":"https:\/\/www.best-dentist-dentistry.com\/de\/wp-json\/wp\/v2\/categories?post=6705"},{"taxonomy":"post_tag","embeddable":true,"href":"https:\/\/www.best-dentist-dentistry.com\/de\/wp-json\/wp\/v2\/tags?post=6705"}],"curies":[{"name":"wp","href":"https:\/\/api.w.org\/{rel}","templated":true}]}}