{"id":6715,"date":"2012-05-15T03:29:13","date_gmt":"2012-05-15T03:29:13","guid":{"rendered":null},"modified":"-0001-11-30T00:00:00","modified_gmt":"-0001-11-30T00:00:00","slug":"the-requena-department-celebrated-world-day-of-hygiene-of-hands-in-health-care","status":"publish","type":"post","link":"https:\/\/www.best-dentist-dentistry.com\/de\/the-requena-department-celebrated-world-day-of-hygiene-of-hands-in-health-care\/6715","title":{"rendered":"Departamento Requena feierte Welttag der Hygiene der H\u00e4nde im Gesundheitswesen."},"content":{"rendered":"<p><strong>Die Abteilung von Requena feierte Welttag der H\u00e4nde auf gesundheit gesundheitskur. <br \/><\/strong> <\/p>\n<p><font size=\"2\">-Kommission von Infektionen und das Zentrum der \u00f6ffentlichen Gesundheit in Utiel installiert eine Informationstabelle in das Krankenhaus von Requena am 7. und 8. Mai <\/p>\n<p><strong>Requena, 2012-Mai<\/strong> Die Abteilung der Gesundheit von Requena feierte Welttag der Handhygiene im Gesundheitswesen, unter Hinweis auf die Bedeutung f\u00fcr  diese kleine Geste, die Infektionen verhindert &#8221;. <\/p>\n<p>Mit dem Ziel der Verbreitung dieser Informationen kann die Kommission von Infektionen und das Zentrum der \u00f6ffentlichen Gesundheit in Utiel, mit der Unterst\u00fctzung des Managements der Abteilung installiert 7 und 8 eine informative Tabelle im Krankenhaus. <\/p>\n<p>  Wollen Gesundheitspersonal, Patienten und Familien derselben zu kennen die Bedeutung der guten Hygiene h\u00e4nde um Infektionen zu verhindern &#8221;, sagt Marisa de Reynoso, Leiter der Abteilung der Gesundheit von Requena. <\/p>\n<p>Die Tabelle wurde von der DRA integriert. Nieves Aparisi, Arbeitskr\u00e4fte zu informieren und im Auftrag der DRA. Sandra Guardiola, technische auf die \u00f6ffentliche Gesundheit im Zentrum der \u00f6ffentlichen Gesundheit in Utiel, die verantwortlich f\u00fcr die Ausbildung der allgemeinen Bev\u00f6lkerung wurde. <\/p>\n<p>Auf der anderen Seite, w\u00e4hrend dieser zwei Tage die verantwortlich f\u00fcr die Initiative haben Einf\u00fchrung Brosch\u00fcren, Ausbildung Vortr\u00e4ge von Praktikern vermittelt und anschlie\u00dfend Einf\u00fchrung Selbsteinsch\u00e4tzung Umfragen zu analysieren, das Wissen und den Grad der Erf\u00fcllung der Mitarbeiter haben. <\/p>\n<p><\/font><\/p>\n","protected":false},"excerpt":{"rendered":"<p>Die Abteilung von Requena feierte Welttag der H\u00e4nde auf gesundheit gesundheitskur. -Kommission von Infektionen und das Zentrum der \u00f6ffentlichen Gesundheit in Utiel installiert eine Informationstabelle in das Krankenhaus von Requena am 7. und 8. Mai Requena, 2012-Mai Die Abteilung der Gesundheit von Requena feierte Welttag der Handhygiene im Gesundheitswesen, unter Hinweis auf die Bedeutung f\u00fcr [&hellip;]<\/p>\n","protected":false},"author":1,"featured_media":0,"comment_status":"close","ping_status":"open","sticky":false,"template":"","format":"standard","meta":{"footnotes":""},"categories":[3],"tags":[17025,17024],"class_list":["post-6715","post","type-post","status-publish","format-standard","hentry","category-allgemeine","tag-gesundheitskur","tag-salle","et-doesnt-have-format-content","et_post_format-et-post-format-standard"],"_links":{"self":[{"href":"https:\/\/www.best-dentist-dentistry.com\/de\/wp-json\/wp\/v2\/posts\/6715","targetHints":{"allow":["GET"]}}],"collection":[{"href":"https:\/\/www.best-dentist-dentistry.com\/de\/wp-json\/wp\/v2\/posts"}],"about":[{"href":"https:\/\/www.best-dentist-dentistry.com\/de\/wp-json\/wp\/v2\/types\/post"}],"author":[{"embeddable":true,"href":"https:\/\/www.best-dentist-dentistry.com\/de\/wp-json\/wp\/v2\/users\/1"}],"replies":[{"embeddable":true,"href":"https:\/\/www.best-dentist-dentistry.com\/de\/wp-json\/wp\/v2\/comments?post=6715"}],"version-history":[{"count":0,"href":"https:\/\/www.best-dentist-dentistry.com\/de\/wp-json\/wp\/v2\/posts\/6715\/revisions"}],"wp:attachment":[{"href":"https:\/\/www.best-dentist-dentistry.com\/de\/wp-json\/wp\/v2\/media?parent=6715"}],"wp:term":[{"taxonomy":"category","embeddable":true,"href":"https:\/\/www.best-dentist-dentistry.com\/de\/wp-json\/wp\/v2\/categories?post=6715"},{"taxonomy":"post_tag","embeddable":true,"href":"https:\/\/www.best-dentist-dentistry.com\/de\/wp-json\/wp\/v2\/tags?post=6715"}],"curies":[{"name":"wp","href":"https:\/\/api.w.org\/{rel}","templated":true}]}}