{"id":6863,"date":"2012-05-19T02:20:26","date_gmt":"2012-05-19T02:20:26","guid":{"rendered":null},"modified":"-0001-11-30T00:00:00","modified_gmt":"-0001-11-30T00:00:00","slug":"the-center-for-diagnosis-and-early-care-receives-350000-euros-for-children-under-3-years","status":"publish","type":"post","link":"https:\/\/www.best-dentist-dentistry.com\/de\/the-center-for-diagnosis-and-early-care-receives-350000-euros-for-children-under-3-years\/6863","title":{"rendered":"the center for diagnosis and early care receives 350000 euros for children under 3 years"},"content":{"rendered":"<p class=\"first\"> <span class=\"yshortcuts\" id=\"lw_1331645791_0\"> VALENCIA<\/span>, 13 (<span class=\"yshortcuts\" id=\"lw_1331645791_1\"> EUROPA PRESS<\/span>)<\/p>\n<p>Die Minister f\u00fcr Justiz und <span class=\"yshortcuts\" id=\"lw_1331645791_2\"> Soziales<\/span>, <span class=\"yshortcuts\" id=\"lw_1331645791_3\"> Jorge Cabr\u00e9<\/span>, unterzeichnete am Dienstag mit dem Rektor der <span class=\"yshortcuts\" id=\"lw_1331645791_4\"> Universit\u00e4t von Valencia<\/span>, <span class=\"yshortcuts\" id=\"lw_1331645791_5\"> Esteban<\/span> <span class=\"yshortcuts\" id=\"lw_1331645791_6\"> Morcillo<\/span>, <span class=\"yshortcuts\" id=\"lw_1331645791_7\"> des \u00dcbereinkommens<\/span> halten die Diagnose Zentrum <span class=\"yshortcuts\" id=\"lw_1331645791_8\"> Universitari<\/span> de ich Aten Primerenca-CUDAT, durch welche der Generalitat Valenciana 349.991 Euro in diesem Jahr um dieses Zentrum f\u00fcr Gesundheitswesen und pr\u00e4ventive Behandlung von Kindern unter 3 Jahren mit den Problemen der Entwicklung oder der Gefahr eines Leidens verantwortlich vorgesehen.<\/p>\n<p>Dieses Zentrum, das im Jahr 2006 aufgrund einer Zusammenarbeit zwischen dem Justizministerium und Sozialhilfe und der Universitat de Val\u00e8ncia, die derzeit Dienst mehr als hundert Kinder geboren wurde. Von den insgesamt Sitze, die Generalit\u00c3 \u00a4 T hat konzertierte 70.<\/p>\n<p>Der Direktor des Zentrums, Francisco Alcantud, erkl\u00e4rte, dass dieses Zentrum Kinder mit allen Arten von Krankheiten behandelt. Eine erste Gruppe mit Kindern mit Erkrankungen des guten Evolution, als Kinder mit niedrigem Geburtsgewicht, w\u00e4hrend die zweite Gruppe, die am h\u00e4ufigsten vorkommenden, besteht es von Kindern mit Autismus, und sie sind bis zu 4 Jahre, wenn sie zur Bildung entstehen. <\/p>\n<p>The Center richtet sich an Kinder, die St\u00f6rungen in ihrer Entwicklung oder Gefahr, sie leiden unter einer ganzheitlichen Sicht, w\u00e4hrend Bio-Psycho-sozialen Aspekte zu nutzen, die M\u00f6glichkeit der Entwicklung und des Wohlbefindens, aktivieren ihre Integration in der famili\u00e4ren Umgebung, Schule und sozialen, als auch ihre pers\u00f6nliche Autonomie in ambulanten,.<\/p>\n<p>Thereon, erkl\u00e4rte, dass wenn er zu einer Familie teilt mit, dass das Kind OCD hat &#8220;einen erheblichen emotionalen Schock&#8221;, die &#8220;viele Male Desestructura Koexistenz&#8221; auch leidet. Aus diesem Grund enth\u00e4lt die moderne Behandlung im Fr\u00fchstadium auch famili\u00e4re Betreuung.   <\/p>\n<p>The CUDAP Aktivit\u00e4ten koordiniert durch f\u00fcnf Kern-Programme, die Physiotherapie, Sprachtherapie, kognitive Entwicklung, Unterst\u00fctzung und Familienberatung enthalten und Sensibilisierung f\u00fcr die Umwelt des Kindes. Auch hat es verschiedene Zimmer f\u00fcr Interventionen mit dem Kind und seiner Familie (Familienberatung, Psychologe, Beratung, etc.), Hall von Physiotherapie, Mehrzweckraum f\u00fcr die Entwicklung des Individuums und Gruppenaktivit\u00e4ten, und Stimulierung neurokognitive und sensorische Integration. <\/p>\n<p>F\u00fcr seinen Teil, der Regionalminister Jorge Cabr\u00e9 hat wiederholt &#8220;die Bedeutung der Fr\u00fcherkennung von einige St\u00f6rungen in der Entwicklung der Kinder, die eine deutliche Verbesserung der Lebensqualit\u00e4t darstellt&#8221;, und hat versichert, dass &#8220;durch Behandlung im Fr\u00fchstadium Zentren eine geeignete Reifung in allen Bereichen bereitgestellt werden&#8221;.<\/p>\n<p>1.800 Stellen in der Gemeinschaft<\/p>\n<p>Derzeit die Autonome Gemeinschaft Valencia hat 31 Zentren von fr\u00fch auf Pflege oder vorbeugenden Behandlung von Kindern mit Problemen der Entwicklung bzw. Risiko des Leidens, die insgesamt 1.800 Betten f\u00fcr Kinder von 0 bis 3 Jahre, so dass t\u00e4gliche Aufmerksamkeit f\u00fcr mehr als 4.000 Kinder.<\/p>\n<p>Diese Zentren abh\u00e4ngige Entit\u00e4ten ohne Geist Gewinn als der Asindown-Stiftung und die Vereinigung Valencia helfen die Cerebralparese (AVAPACE) oder Gemeinden als X\u00e0tiva und Orihuela, unter anderen. Im Jahr 2012, das Ministerium f\u00fcr Justiz und Soziales stellt f\u00fcr 6,1 Mio. Euro in Form von Zusch\u00fcssen zu diesen Zentren.<\/p>\n<p>&#8220;Trotz der Wirtschaftskrise die Generalit\u00c3 \u00a4 T hat nicht abgenommen, die Budgets f\u00fcr die am st\u00e4rksten gef\u00e4hrdeten Gruppen und, in einigen F\u00e4llen gestiegen wie zum Beispiel f\u00fcr Menschen mit Behinderungen, die f\u00fcr diese \u00dcbung von 6,4 Millionen Euro mehr als in 2011&#8221;, erh\u00f6ht hat.<\/p>\n<p>F\u00fcr seinen Teil, der Rektor der Universit\u00e4t, Stephen Morcillo, hat hervorgehoben, die Lehre und Forschung der CUDAT Arbeit und hat auch betont, dass in modernen Gesellschaften m\u00fcssen &#8220;Sensibilit\u00e4t f\u00fcr die am st\u00e4rksten benachteiligten Gruppen zeigen&#8221; und &#8220;alles tun, um sie in die Gesellschaft zu integrieren&#8221;.<\/p>\n","protected":false},"excerpt":{"rendered":"<p>VALENCIA, 13 ( EUROPA PRESS) Die Minister f\u00fcr Justiz und Soziales, Jorge Cabr\u00e9, unterzeichnete am Dienstag mit dem Rektor der Universit\u00e4t von Valencia, Esteban Morcillo, des \u00dcbereinkommens halten die Diagnose Zentrum Universitari de ich Aten Primerenca-CUDAT, durch welche der Generalitat Valenciana 349.991 Euro in diesem Jahr um dieses Zentrum f\u00fcr Gesundheitswesen und pr\u00e4ventive Behandlung von [&hellip;]<\/p>\n","protected":false},"author":1,"featured_media":0,"comment_status":"close","ping_status":"open","sticky":false,"template":"","format":"standard","meta":{"footnotes":""},"categories":[3],"tags":[],"class_list":["post-6863","post","type-post","status-publish","format-standard","hentry","category-allgemeine","et-doesnt-have-format-content","et_post_format-et-post-format-standard"],"_links":{"self":[{"href":"https:\/\/www.best-dentist-dentistry.com\/de\/wp-json\/wp\/v2\/posts\/6863","targetHints":{"allow":["GET"]}}],"collection":[{"href":"https:\/\/www.best-dentist-dentistry.com\/de\/wp-json\/wp\/v2\/posts"}],"about":[{"href":"https:\/\/www.best-dentist-dentistry.com\/de\/wp-json\/wp\/v2\/types\/post"}],"author":[{"embeddable":true,"href":"https:\/\/www.best-dentist-dentistry.com\/de\/wp-json\/wp\/v2\/users\/1"}],"replies":[{"embeddable":true,"href":"https:\/\/www.best-dentist-dentistry.com\/de\/wp-json\/wp\/v2\/comments?post=6863"}],"version-history":[{"count":0,"href":"https:\/\/www.best-dentist-dentistry.com\/de\/wp-json\/wp\/v2\/posts\/6863\/revisions"}],"wp:attachment":[{"href":"https:\/\/www.best-dentist-dentistry.com\/de\/wp-json\/wp\/v2\/media?parent=6863"}],"wp:term":[{"taxonomy":"category","embeddable":true,"href":"https:\/\/www.best-dentist-dentistry.com\/de\/wp-json\/wp\/v2\/categories?post=6863"},{"taxonomy":"post_tag","embeddable":true,"href":"https:\/\/www.best-dentist-dentistry.com\/de\/wp-json\/wp\/v2\/tags?post=6863"}],"curies":[{"name":"wp","href":"https:\/\/api.w.org\/{rel}","templated":true}]}}