{"id":6896,"date":"2012-05-19T03:29:31","date_gmt":"2012-05-19T03:29:31","guid":{"rendered":null},"modified":"-0001-11-30T00:00:00","modified_gmt":"-0001-11-30T00:00:00","slug":"cocemfe-denounces-health-reform-affects-people-with-disabilities","status":"publish","type":"post","link":"https:\/\/www.best-dentist-dentistry.com\/de\/cocemfe-denounces-health-reform-affects-people-with-disabilities\/6896","title":{"rendered":"COCEMFE prangert Gesundheit Reform betrifft Menschen mit Behinderungen."},"content":{"rendered":"<p><strong>COCEMFE Gesundheit Reform betrifft prangert die deaktiviert. <br \/><\/strong> <\/p>\n<p><font size=\"2\">-COCEMFE h\u00e4lt wesentlich zu bew\u00e4ltigen als ein Projekt der Rechtsreform <\/p>\n<p>-Zul\u00e4ssige Mindestma\u00df an Gesundheitsf\u00fcrsorge Prozess\u00e4nderungen Wiedereinf\u00fchrung die Bestimmung der Prothetik im grundlegenden gemeinsamen Portfolio <\/p>\n<p>-ist notwendig, um chronisch Kranken weiter ihre Behandlung bietet kostenlose medizinische Transporte <\/p>\n<p> <strong>Madrid, Mai 2012.-<\/strong> der Spanische Konf\u00f6deration der Menschen mit k\u00f6rperlicher Behinderung und organische (COCEMFE) nach dem Treffen mit ihrer Einrichtungen Mitglieder und sammeln die verschiedenen der Organisationen im Bereich Beschwerde die Reform des Gesundheitswesens durch die Regierung durch ein Decreto legislativo \u00fcbergeben K\u00f6rperhaltungen werden ein schwerer R\u00fcckschlag f\u00fcr Menschen mit Behinderungen und ihre Familien. <\/p>\n<p>Nach Ansicht des Vorsitzenden des COCEMFE, Mario Garcia,  die Umsetzung des Real Decreto legislativo 16\/2012 Ma\u00dfnahmen des nationalen Gesundheitssystems w\u00e4re eine Reform der Gesundheitsversorgung Vorteile dieser gr\u00f6\u00dferen Schaden f\u00fcr die mehr als vier Millionen Menschen mit Behinderungen in unserem Land &#8221;. <\/p>\n<p>COCEMFE h\u00e4lt als Projekt des Rechts dieser Reform besch\u00e4ftigen, so dass die Einf\u00fchrung von \u00c4nderungsantr\u00e4gen zu korrigieren die negativen Aspekte, die Menschen mit Behinderungen und ihre Familien benachteiligen die Verbesserungen Unterst\u00fctzung und Integration in den letzten Jahren wesentlich. <\/p>\n<p>  Zul\u00e4ssige Mindestma\u00df an Gesundheitsf\u00fcrsorge muss wieder die Bestimmung der Prothetik im grundlegenden gemeinsamen Portfolio unterzogen werden, wie es bis jetzt, seit es ist ein wesentlicher Baustein f\u00fcr die pers\u00f6nliche Autonomie dieser Gruppe, die betroffen w\u00e4ren dramatisch mit der Einf\u00fchrung der Copay durch eine erg\u00e4nzende Portfolio&#8221;, sagt Mario Garc\u00eda. <\/p>\n<p>Es ist auch wichtig, dass Personen mit chronischen Erkrankungen weiterhin mit ihrer Behandlung und Health Care bietet kostenlose medizinische Transporte, wie es immer in unserem Land geschehen ist. Viele der Leute, die mehrmals gehen muss, die eine Woche, um das Krankenhaus oder ein Gesundheitszentrum f\u00fcr seine \u00fcbertragen und Ernst w\u00e4re Zahlen nicht beeinflusst ihre Lebensqualit\u00e4t und ihren Gesundheitszustand. <\/p>\n<p>Ebenso COCEMFE ist der Auffassung, dass diese Menschen mit chronischen Erkrankungen sollten befreit von jeder Art von Co-Pay wenn es um Medikamente, speziell geht verschrieben werden f\u00fcr die Behandlung seiner Krankheit. <\/p>\n<p>Eine weitere \u00c4nderung dieser Verordnung ist die Notwendigkeit, das Konzept der versicherten Personen mit einer Behinderung von 33 Prozent zu halten, und nicht, um es von 65 % zu begrenzen. <\/p>\n<p>Die Spanisch-Bund von Menschen mit k\u00f6rperlicher Behinderung und organische (COCEMFE) ist eine nichtstaatliche gemeinn\u00fctzige gegr\u00fcndet 1980. Es soll vereinen, st\u00e4rken, Form und koordinieren die Bem\u00fchungen und Aktivit\u00e4ten der Unternehmen arbeiten zugunsten von Personen mit Behinderungen k\u00f6rperlichen und organischen um ihre Rechte zu verteidigen und ihre Lebensqualit\u00e4t zu verbessern. Das Unternehmen vereint mehr als 1.360 Organisationen unterteilt in regionale Verb\u00e4nde, staatliche Einrichtungen und provinziellen Verb\u00e4nde, die wiederum unterschiedlichen lokalen Verb\u00e4nden gruppiert. <\/p>\n<p><\/font><\/p>\n","protected":false},"excerpt":{"rendered":"<p>COCEMFE Gesundheit Reform betrifft prangert die deaktiviert. -COCEMFE h\u00e4lt wesentlich zu bew\u00e4ltigen als ein Projekt der Rechtsreform -Zul\u00e4ssige Mindestma\u00df an Gesundheitsf\u00fcrsorge Prozess\u00e4nderungen Wiedereinf\u00fchrung die Bestimmung der Prothetik im grundlegenden gemeinsamen Portfolio -ist notwendig, um chronisch Kranken weiter ihre Behandlung bietet kostenlose medizinische Transporte Madrid, Mai 2012.- der Spanische Konf\u00f6deration der Menschen mit k\u00f6rperlicher Behinderung und [&hellip;]<\/p>\n","protected":false},"author":1,"featured_media":0,"comment_status":"close","ping_status":"open","sticky":false,"template":"","format":"standard","meta":{"footnotes":""},"categories":[3],"tags":[17271],"class_list":["post-6896","post","type-post","status-publish","format-standard","hentry","category-allgemeine","tag-umliegende","et-doesnt-have-format-content","et_post_format-et-post-format-standard"],"_links":{"self":[{"href":"https:\/\/www.best-dentist-dentistry.com\/de\/wp-json\/wp\/v2\/posts\/6896","targetHints":{"allow":["GET"]}}],"collection":[{"href":"https:\/\/www.best-dentist-dentistry.com\/de\/wp-json\/wp\/v2\/posts"}],"about":[{"href":"https:\/\/www.best-dentist-dentistry.com\/de\/wp-json\/wp\/v2\/types\/post"}],"author":[{"embeddable":true,"href":"https:\/\/www.best-dentist-dentistry.com\/de\/wp-json\/wp\/v2\/users\/1"}],"replies":[{"embeddable":true,"href":"https:\/\/www.best-dentist-dentistry.com\/de\/wp-json\/wp\/v2\/comments?post=6896"}],"version-history":[{"count":0,"href":"https:\/\/www.best-dentist-dentistry.com\/de\/wp-json\/wp\/v2\/posts\/6896\/revisions"}],"wp:attachment":[{"href":"https:\/\/www.best-dentist-dentistry.com\/de\/wp-json\/wp\/v2\/media?parent=6896"}],"wp:term":[{"taxonomy":"category","embeddable":true,"href":"https:\/\/www.best-dentist-dentistry.com\/de\/wp-json\/wp\/v2\/categories?post=6896"},{"taxonomy":"post_tag","embeddable":true,"href":"https:\/\/www.best-dentist-dentistry.com\/de\/wp-json\/wp\/v2\/tags?post=6896"}],"curies":[{"name":"wp","href":"https:\/\/api.w.org\/{rel}","templated":true}]}}