{"id":6918,"date":"2012-05-20T03:29:40","date_gmt":"2012-05-20T03:29:40","guid":{"rendered":null},"modified":"-0001-11-30T00:00:00","modified_gmt":"-0001-11-30T00:00:00","slug":"the-community-graced-children-hospitalized-with-storyteller-on-european-traditions","status":"publish","type":"post","link":"https:\/\/www.best-dentist-dentistry.com\/de\/the-community-graced-children-hospitalized-with-storyteller-on-european-traditions\/6918","title":{"rendered":"Die Gemeinschaft zierte Kinder im Krankenhaus mit Geschichtenerz\u00e4hler auf europ\u00e4ische Traditionen."},"content":{"rendered":"<p><strong>Gemeinschaft zierte Kinder im Krankenhaus mit Geschichtenerz\u00e4hler auf europ\u00e4ische Traditionen. <\/p>\n<p><font size=\"2\"> w\u00e4hrend der Woche von Europa, von 7 bis 11 Mai.<\/strong><font size=\"2\"> <\/p>\n<p>\u00b7 Bietet auch informative und Freizeit Sitzungen mit europ\u00e4ischen Bibliotheken und CEPIs Thema <\/p>\n<p> <strong>Madrid, Mai 2012.-<\/strong> La Comunidad de Madrid organisiert w\u00e4hrend der Woche von Europa, von 7 bis 11 Mai in Zusammenarbeit mit verschiedenen Krankenh\u00e4usern, Geschichtenerz\u00e4hler, so dass Kinder, die ins Krankenhaus eingeliefert werden \u00fcber Geschichten und Traditionen zu erfahrensowie n\u00fctzliche Informationen der Europ\u00e4ischen Union. <\/p>\n<p>Diese Schulungen und verschiedenen gelehrt Geschichtenerz\u00e4hler Kinder Pflanzen des Krankenhauses Gregorio Mara\u00f1\u00f3n, Jesuskind, Cl\u00ednico San Carlos, La Paz, Ramon und Cajal und Doce de Octubre, sind bereits traditionelle Aktivit\u00e4ten rund um die Feier der Europatag am 9. Mai. <\/p>\n<p>Auch waren w\u00e4hrend dieser Spa\u00df und informative Initiativen verteilten Publikationen und Lehre, dass Materialien wie z. B. Unterst\u00fctzung und, schlie\u00dflich, in Krankenhaus Bibliotheken Mittel integriert werden, so dass sie vom Patienten geh\u00f6rt werden k\u00f6nnen. <\/p>\n<p>Informationen Punkt Europe Direct, angeschlossen an die Generaldirektion f\u00fcr Europ\u00e4ische Angelegenheiten und die Zusammenarbeit mit dem Staat, arbeitete an dieser Initiative und hat gro\u00dfe Erfahrung in diesem Bereich, da es darum geht, Konferenzen und Geschichtenerz\u00e4hler \u00fcber die Europ\u00e4ische Union seit einigen Jahren zur Sch\u00fcler aus Schulen in der Gemeinschaft von Madrid. <\/p>\n<p><strong>Aktivit\u00e4ten in Bibliotheken und CEPIs<\/strong> <\/p>\n<p>Zus\u00e4tzlich zu diesen Aktivit\u00e4ten, die Kinder der Europ\u00e4ischen Union bringen, organisieren verschiedene Bibliotheken und Zentren der Teilhabe und Integration der Gemeinschaft von Madrid (CEPIs), Wettbewerbe, Ausstellungen, Vortr\u00e4ge, Workshops und Dokumentarfilme \u00fcber Kultur, Politik und Gesellschaft in den verschiedenen L\u00e4ndern, die Mitglieder der Europ\u00e4ischen Union sind, w\u00e4hrend des ganzen Monats Mai<\/font>. <\/p>\n<p><\/font><\/p>\n","protected":false},"excerpt":{"rendered":"<p>Gemeinschaft zierte Kinder im Krankenhaus mit Geschichtenerz\u00e4hler auf europ\u00e4ische Traditionen. w\u00e4hrend der Woche von Europa, von 7 bis 11 Mai. \u00b7 Bietet auch informative und Freizeit Sitzungen mit europ\u00e4ischen Bibliotheken und CEPIs Thema Madrid, Mai 2012.- La Comunidad de Madrid organisiert w\u00e4hrend der Woche von Europa, von 7 bis 11 Mai in Zusammenarbeit mit verschiedenen [&hellip;]<\/p>\n","protected":false},"author":1,"featured_media":0,"comment_status":"close","ping_status":"open","sticky":false,"template":"","format":"standard","meta":{"footnotes":""},"categories":[3],"tags":[17306,17308,17307],"class_list":["post-6918","post","type-post","status-publish","format-standard","hentry","category-allgemeine","tag-altenpflege","tag-traditionen","tag-zierte","et-doesnt-have-format-content","et_post_format-et-post-format-standard"],"_links":{"self":[{"href":"https:\/\/www.best-dentist-dentistry.com\/de\/wp-json\/wp\/v2\/posts\/6918","targetHints":{"allow":["GET"]}}],"collection":[{"href":"https:\/\/www.best-dentist-dentistry.com\/de\/wp-json\/wp\/v2\/posts"}],"about":[{"href":"https:\/\/www.best-dentist-dentistry.com\/de\/wp-json\/wp\/v2\/types\/post"}],"author":[{"embeddable":true,"href":"https:\/\/www.best-dentist-dentistry.com\/de\/wp-json\/wp\/v2\/users\/1"}],"replies":[{"embeddable":true,"href":"https:\/\/www.best-dentist-dentistry.com\/de\/wp-json\/wp\/v2\/comments?post=6918"}],"version-history":[{"count":0,"href":"https:\/\/www.best-dentist-dentistry.com\/de\/wp-json\/wp\/v2\/posts\/6918\/revisions"}],"wp:attachment":[{"href":"https:\/\/www.best-dentist-dentistry.com\/de\/wp-json\/wp\/v2\/media?parent=6918"}],"wp:term":[{"taxonomy":"category","embeddable":true,"href":"https:\/\/www.best-dentist-dentistry.com\/de\/wp-json\/wp\/v2\/categories?post=6918"},{"taxonomy":"post_tag","embeddable":true,"href":"https:\/\/www.best-dentist-dentistry.com\/de\/wp-json\/wp\/v2\/tags?post=6918"}],"curies":[{"name":"wp","href":"https:\/\/api.w.org\/{rel}","templated":true}]}}