{"id":6989,"date":"2012-05-23T00:00:00","date_gmt":"2012-05-23T00:00:00","guid":{"rendered":null},"modified":"-0001-11-30T00:00:00","modified_gmt":"-0001-11-30T00:00:00","slug":"forum-dental-2013-moved-to-the-premises-of-gran-via-fira-de-barcelona","status":"publish","type":"post","link":"https:\/\/www.best-dentist-dentistry.com\/de\/forum-dental-2013-moved-to-the-premises-of-gran-via-fira-de-barcelona\/6989","title":{"rendered":"Forum dentystyczne 2013 r. przeni\u00f3s\u0142 si\u0119 do pomieszcze\u0144 Gran Via Fira de Barcelona."},"content":{"rendered":"<p><strong>Forum dentystyczne 2013 r. przeni\u00f3s\u0142 si\u0119 do pomieszcze\u0144 Gran Via Fira de Barcelona. <\/p>\n<p><\/strong><font size=\"2\"> <strong>hali rozpoczyna si\u0119 nowy etap oznaczone dynamika sektora.<\/strong> <\/p>\n<p>-Forum dentystycznego, FDM, pozostawia Montju\u00efc i przeni\u00f3s\u0142 si\u0119 do 1 Palace obudowy Gran Via Fira de Barcelona, kt\u00f3ry b\u0119dzie \u015bwi\u0119towa\u0107 jego 8th Edition &#8211; pierwszy zorganizowane przez instytucj\u0119 uczciwego handlu &#8211; od 11 do 13 kwietnia 2013. Fira de Barcelona pragnie przyczyni\u0107 si\u0119 do pobudzenia dzia\u0142alno\u015bci handlowej oraz do generowania biznesowych, jak r\u00f3wnie\u017c po\u0142o\u017cenie konkursie jako punkt odniesienia w sektorze. R\u00f3wnie\u017c wzmocni i wymiany wiedzy z bardziej naukowej kongres\u00f3w, konferencji i nowych form dzia\u0142alno\u015bci <\/p>\n<p> <strong>Barcelona, maja 2012.-<\/strong> odpowiedzialne na Forum dentystyczne przedstawione ostatnim kwietniu strategicznych kierunk\u00f3w swojej nast\u0119pnej edycji, uzgodnione z g\u0142\u00f3wnymi graczami w przemy\u015ble i sektorze dentystycznezar\u00f3wno poda\u017cy i popytu. Ta prezentacja uczestniczy\u0142o ponad 40 szef\u00f3w przedsi\u0119biorstw z sektory reprezentowane w hali, wezwani do uczestniczenia w projekt nowego formatu konkursu i dostosowania go do ich interes\u00f3w.  z tej inicjatywy chcemy si\u0119 obok tego sektora oraz reagowanie na ich potrzeb i &#8221;, wyja\u015bnione Albert Planas, dyrektor handlowy obszar Fira de Barcelona. <\/p>\n<p>G\u0142\u00f3wnych nowo\u015bci nast\u0119pnej edycji Forum, mi\u0119dzy ich przeniesienia z Montju\u00efc Pavilion 1 obudowy Gran Via Fira de Barcelona. Zaprojektowany przez japo\u0144ski architekt Toyo Ito, Nowa obudowa odpowiada skutecznie bie\u017c\u0105ce wymagania firmy: wyposa\u017cony jest w najbardziej zaawansowanych technologii handlu uczciwe, wystawy spacje s\u0105 bardzo funkcjonalne i mie\u0107 jasnego podzia\u0142u, kt\u00f3ry u\u0142atwia monta\u017cu, demonta\u017cu i logistykajak r\u00f3wnie\u017c sal konferencyjnych i ofert\u0119 szerokie kulinarnych. <\/p>\n<p>Dla Planas  obrazu komory musi odpowiada\u0107 sektora, kt\u00f3ra wyr\u00f3\u017cnia si\u0119 swojej ogromnej zdolno\u015bci do innowacji i zobowi\u0105zanie do jako\u015bci. &#8220;W tym znaczeniu, nowej siedziby jest bez w\u0105tpienia najbardziej w\u0142a\u015bciwe&#8221;. Zgodnie z Roger Mitjana, dyrektor Hall,  nowy za\u0142\u0105cznik umo\u017cliwia tak\u017ce zintegrowa\u0107 jedn\u0105 z sal konferencyjnych w obr\u0119bie obszaru wystawy 1 Pa\u0142ac i tym samym poprawa przep\u0142ywu os\u00f3b odwiedzaj\u0105cych, \u017c\u0105dania, kt\u00f3re zosta\u0142y przeniesione nas wielu wystawc\u00f3w &#8221;. <\/p>\n<p>Obudowy Gran Via jest r\u00f3wnie\u017c bardzo dobrze przekazywane, zaledwie 10 minut od lotniska Barcelona, 10 Barcelona publicznego transportu siedze\u0144 (FGC), tylko 3 km od obudowy Plaza Hiszpanii i z 4 postojowych dla wi\u0119cej ni\u017c 4,500. Istnieje r\u00f3wnie\u017c wielki wyb\u00f3r hoteli z 25,996 pokoje w promieniu kilka kilometr\u00f3w. <\/p>\n<p><strong>Bardziej komercyjnych dzia\u0142alno\u015bci oraz dzia\u0142alno\u015bci<\/strong> <\/p>\n<p>Inny strategicznych kierunk\u00f3w konkursu jest oferty do pobudzenia dzia\u0142alno\u015bci handlowej i generowania biznesowych. Fira de Barcelona jako organizatora, Forum mo\u017ce na przyk\u0142ad korzysta\u0107 z sieci przedstawicielstw za granic\u0105, reprezentowana w krajach 33, intensywnej zadania wspierania i rekrutacji wystawc\u00f3w, Go\u015bcie i cz\u0142onk\u00f3w Kongresu Stan\u00f3w Zjednoczonych. Zgodnie z p\u0142askim  w gospodarce uniwersalnych, jest jednym z naszych priorytet\u00f3w si\u0119 \u015bwiatowym punktem odniesienia dzia\u0142aj\u0105cych lokalnie. W tym wierszu, chcemy, aby przekonwertowa\u0107 na Forum w  koncentratora &#8221; lub centrum o \u0142\u0105czeniu przedsi\u0119biorstw i wiedz\u0119 o sektorze pomi\u0119dzy Hiszpani\u0105 i nowych rynk\u00f3w &#8221;. <\/p>\n<p>Dla Dr Jos\u00e9 Luis Navarro, prezydent Stowarzyszenie Professional dentyst\u00f3w i stomatologists z Katalonii (COEC) z Mi\u0119dzynarodowego Forum dentystyczne,  czas, \u017ce Kongres naukowych, opr\u00f3cz konsolidacji p\u00f3\u0142wyspu, pot granic i w tym celu potrzebujemy struktury i profesjonalizmu instytucji takich jak Fira de Barcelona &#8221;. Ponadto, przechowywanych w tym roku  1st Europejskiego Forum Dental &#8221;, kt\u00f3rego znak wzorc\u00f3w wzrostu w tym sektorze. <\/p>\n<p>Ten wiersz wyra\u017ca r\u00f3wnie\u017c Mitjana, kt\u00f3ry wskazuje, \u017ce  nasze wszelkich stara\u0144, aby wspiera\u0107 nauk\u0119 i interakcji pomi\u0119dzy specjalistami krajowych i mi\u0119dzynarodowych, za pomoc\u0105 narz\u0119dzi jako  dopasowania firmy &#8221;, kt\u00f3ra u\u0142atwia tworzenie kontakt\u00f3w i spotka\u0144. Inne zmiany w\u0142\u0105czenia zak\u0142adu z  innowacji &#8221; i  g\u0142o\u015bniki &#8217; rogu &#8221;, gdzie wystawc\u00f3w mo\u017cna poda\u0107 swoje produkty i nowo\u015bci w 30-minutowe sesje. <\/p>\n<p>Zgodnie z p\u0142askim  podniesiony uczciwego bardziej rentowny i najskuteczniejsze dla wystawc\u00f3w, kt\u00f3rzy b\u0119d\u0105 korzysta\u0107 z r\u00f3\u017cne propozycje w celu u\u0142atwienia uczestnictwa i odwiedzaj\u0105cych staranne wywo\u0142anie jako\u015bci szukaj\u0105 nowych dostawc\u00f3w i us\u0142ug. Nasze Obsesja &#8211; stwierdza &#8211; jest zwrot z inwestycji w udzia\u0142 przedsi\u0119biorstw &#8221;. <\/p>\n<p>Podobnie jak w innych pomieszczeniach Fira de Barcelona b\u0119dzie Komitet Steruj\u0105cy sk\u0142adaj\u0105cy si\u0119 z przedstawicieli wszystkich podsektor\u00f3w dentystyczne pola doradza\u0107 i kierunku z hali i uczestniczy\u0107 w projekt planu strategicznego. R\u00f3wnie\u017c z tego Komitetu, go utworzy Komitet, kt\u00f3rego funkcje si\u0119 rozwija\u0107 i zidentyfikowa\u0107 najlepszy program naukowy do Kongresu, kt\u00f3ry b\u0119dzie zorganizowana wok\u00f3\u0142 kilku temat\u00f3w takich jak diagnostyczne 3D, powi\u0119kszenie w stomatologii i systemami CAD\/CAM, mi\u0119dzy innymi. <\/p>\n<p><\/font><\/p>\n","protected":false},"excerpt":{"rendered":"<p>Forum dentystyczne 2013 r. przeni\u00f3s\u0142 si\u0119 do pomieszcze\u0144 Gran Via Fira de Barcelona. hali rozpoczyna si\u0119 nowy etap oznaczone dynamika sektora. -Forum dentystycznego, FDM, pozostawia Montju\u00efc i przeni\u00f3s\u0142 si\u0119 do 1 Palace obudowy Gran Via Fira de Barcelona, kt\u00f3ry b\u0119dzie \u015bwi\u0119towa\u0107 jego 8th Edition &#8211; pierwszy zorganizowane przez instytucj\u0119 uczciwego handlu &#8211; od 11 do [&hellip;]<\/p>\n","protected":false},"author":1,"featured_media":0,"comment_status":"open","ping_status":"open","sticky":false,"template":"","format":"standard","meta":{"footnotes":""},"categories":[1],"tags":[17423,17422],"class_list":["post-6989","post","type-post","status-publish","format-standard","hentry","category-zahnmedizin-news","tag-pomieszcze","tag-przenis","et-doesnt-have-format-content","et_post_format-et-post-format-standard"],"_links":{"self":[{"href":"https:\/\/www.best-dentist-dentistry.com\/de\/wp-json\/wp\/v2\/posts\/6989","targetHints":{"allow":["GET"]}}],"collection":[{"href":"https:\/\/www.best-dentist-dentistry.com\/de\/wp-json\/wp\/v2\/posts"}],"about":[{"href":"https:\/\/www.best-dentist-dentistry.com\/de\/wp-json\/wp\/v2\/types\/post"}],"author":[{"embeddable":true,"href":"https:\/\/www.best-dentist-dentistry.com\/de\/wp-json\/wp\/v2\/users\/1"}],"replies":[{"embeddable":true,"href":"https:\/\/www.best-dentist-dentistry.com\/de\/wp-json\/wp\/v2\/comments?post=6989"}],"version-history":[{"count":0,"href":"https:\/\/www.best-dentist-dentistry.com\/de\/wp-json\/wp\/v2\/posts\/6989\/revisions"}],"wp:attachment":[{"href":"https:\/\/www.best-dentist-dentistry.com\/de\/wp-json\/wp\/v2\/media?parent=6989"}],"wp:term":[{"taxonomy":"category","embeddable":true,"href":"https:\/\/www.best-dentist-dentistry.com\/de\/wp-json\/wp\/v2\/categories?post=6989"},{"taxonomy":"post_tag","embeddable":true,"href":"https:\/\/www.best-dentist-dentistry.com\/de\/wp-json\/wp\/v2\/tags?post=6989"}],"curies":[{"name":"wp","href":"https:\/\/api.w.org\/{rel}","templated":true}]}}