{"id":72,"date":"2013-06-19T23:09:57","date_gmt":"2013-06-19T23:09:57","guid":{"rendered":null},"modified":"2013-06-19T23:09:57","modified_gmt":"2013-06-19T23:09:57","slug":"cocemfe-asks-parliament-to-later-retirement-for-persons-with-disabilities","status":"publish","type":"post","link":"https:\/\/www.best-dentist-dentistry.com\/de\/cocemfe-asks-parliament-to-later-retirement-for-persons-with-disabilities\/72","title":{"rendered":"COCEMFE fordert das Parlament in den sp\u00e4teren Ruhestand f\u00fcr Personen mit Behinderungen."},"content":{"rendered":"<p><strong>COCEMFE fordert das Parlament in den sp\u00e4teren Ruhestand f\u00fcr Menschen mit Behinderungen. <br \/><\/strong> <\/p>\n<p><font size=\"2\">-Kongress hat genehmigt integrieren eine \u00c4nderung in der Zukunft der Social Security Act, die den minimalen Ruhestand dieser Gruppe zu den 56 beschleunigen <\/p>\n<p>-Die niedrigeren Lebenserwartung des Sektors Behinderung ist mehr, als Grund genug, um zu bringen weiterleiten seiner Pensionierung <\/p>\n<p>-COCEMFE fordert, dass der Vorschlag w\u00e4hrend den parlamentarischen Prozess beibehalten werden und wird von allen Fraktionen unterst\u00fctzt <\/p>\n<p> <strong>Madrid, 2011-Juli<\/strong> Spanisch Bund von Menschen mit k\u00f6rperlichen Behinderung und organischen (COCEMFE) begr\u00fc\u00dft die Aufnahme w\u00e4hrend der parlamentarischen entgegen Sie im Kongress eine \u00c4nderung zu setzen durch die CERMI Bill auf der Aktualisierung, Anpassung und Modernisierung des Systems der sozialen Sicherheit, die Bereich den Behinderung profitieren w\u00fcrden. <\/p>\n<p>Der Text, nach ihrer ausstehenden im Kongress hat den Senat bestanden, Arbeitnehmer mit einem Grad der Behinderung gleich oder gr\u00f6\u00dfer als 45 % kann das Mindestalter f\u00fcr den Ruhestand im Alter von 56, im Vergleich zu den aktuellen 58 Jahren voraus enth\u00e4lt. <\/p>\n<p>Pr\u00e4sident der COCEMFE, Mario Garc\u00eda, hat darauf hingewiesen, dass  voraus Ruhestand f\u00fcr Menschen mit Behinderungen ist eine der Forderungen, dass der Behinderung-Sektor verbracht hat, tun Jahre und die erf\u00fcllt werden muss. Fragen, warum die Gruppen zu erhalten und unterst\u00fctzen die \u00c4nderung jetzt im Senat und dem Kongress &#8221;. <\/p>\n<p>  Dieser Gruppe stellen auch erhebliche Bem\u00fchungen um ihre Integration und Standardisierung auf dem Arbeitsmarkt auf vielen Gelegenheiten hat eine Lebenserwartung, die nicht so hoch wie die der Rest der Bev\u00f6lkerung ist und dass diese Ma\u00dfnahme, die den aktuellen Trend, das Rentenalter erh\u00f6hen zuwiderl\u00e4uft, ist v\u00f6llig gerechtfertigt &#8221;, sagt der Pr\u00e4sident des Bundes. <\/p>\n<p>Als hervorgehobenen von Mario Garcia,  diesen Durchbruch erreichte vor zwei Jahren, wenn eine gr\u00f6\u00dfere Zahl von Menschen mit Behinderungen Vorruhestand, den Grad der Behinderung auf das gleiche von 65 % auf 45 % zugreifen k\u00f6nnen verringern zugreifen k\u00f6nnte kommen &#8221;. <\/p>\n<p>Der Pr\u00e4sident der Organisation erkennt die Bedeutung der Erhaltung des zuk\u00fcnftigen Gesetzes auch ein weiterer Vorschlag f\u00fcr den Sektor bestehend aus der Verordnung der Figur des speziellen Abkommen \u00fcber soziale Sicherheit f\u00fcr Arbeitnehmer mit Behinderungen mit besonderen Schwierigkeiten bei der Arbeit einf\u00fcgen, dass  b\u00f6te f\u00fcr Personen mit schweren Behinderungen, und vor allem ihre Familien, eine Sicherheit f\u00fcr die Zukunft, die nicht bereits vorhanden und die w\u00fcrde nicht mit zus\u00e4tzlichen Kosten &#8221;. <\/p>\n<p>Spanisch-Bund von Menschen mit k\u00f6rperlichen Behinderung und organischen (COCEMFE) ist eine nichtstaatliche gemeinn\u00fctzige, die 1980 gegr\u00fcndet wurde. Sein Ziel ist zu vereinigen, st\u00e4rken und bilden-Koordinate Bem\u00fchungen und Aktivit\u00e4ten von Entit\u00e4ten, die Arbeiten an Menschen mit Behinderungen, physikalischen und biologischen zu verteidigen ihre Rechte und ihre Lebensqualit\u00e4t zu verbessern. Das Unternehmen vereint mehr als 1.360 Organisationen in regionalen Konf\u00f6derationen, staatlichen Institutionen und provinziellen Verb\u00e4nde, die wiederum zu unterschiedlichen lokalen Verb\u00e4nden gruppiert aufgeteilt. <\/p>\n<p><\/font><\/p>\n","protected":false},"excerpt":{"rendered":"<p>COCEMFE fordert das Parlament in den sp\u00e4teren Ruhestand f\u00fcr Menschen mit Behinderungen. -Kongress hat genehmigt integrieren eine \u00c4nderung in der Zukunft der Social Security Act, die den minimalen Ruhestand dieser Gruppe zu den 56 beschleunigen -Die niedrigeren Lebenserwartung des Sektors Behinderung ist mehr, als Grund genug, um zu bringen weiterleiten seiner Pensionierung -COCEMFE fordert, dass [&hellip;]<\/p>\n","protected":false},"author":1,"featured_media":0,"comment_status":"closed","ping_status":"open","sticky":false,"template":"","format":"standard","meta":{"footnotes":""},"categories":[3],"tags":[606,601,602,603,605,604],"class_list":["post-72","post","type-post","status-publish","format-standard","hentry","category-allgemeine","tag-behinderungen","tag-ela","tag-fordert","tag-parlament","tag-personen","tag-spteren","et-doesnt-have-format-content","et_post_format-et-post-format-standard"],"_links":{"self":[{"href":"https:\/\/www.best-dentist-dentistry.com\/de\/wp-json\/wp\/v2\/posts\/72","targetHints":{"allow":["GET"]}}],"collection":[{"href":"https:\/\/www.best-dentist-dentistry.com\/de\/wp-json\/wp\/v2\/posts"}],"about":[{"href":"https:\/\/www.best-dentist-dentistry.com\/de\/wp-json\/wp\/v2\/types\/post"}],"author":[{"embeddable":true,"href":"https:\/\/www.best-dentist-dentistry.com\/de\/wp-json\/wp\/v2\/users\/1"}],"replies":[{"embeddable":true,"href":"https:\/\/www.best-dentist-dentistry.com\/de\/wp-json\/wp\/v2\/comments?post=72"}],"version-history":[{"count":0,"href":"https:\/\/www.best-dentist-dentistry.com\/de\/wp-json\/wp\/v2\/posts\/72\/revisions"}],"wp:attachment":[{"href":"https:\/\/www.best-dentist-dentistry.com\/de\/wp-json\/wp\/v2\/media?parent=72"}],"wp:term":[{"taxonomy":"category","embeddable":true,"href":"https:\/\/www.best-dentist-dentistry.com\/de\/wp-json\/wp\/v2\/categories?post=72"},{"taxonomy":"post_tag","embeddable":true,"href":"https:\/\/www.best-dentist-dentistry.com\/de\/wp-json\/wp\/v2\/tags?post=72"}],"curies":[{"name":"wp","href":"https:\/\/api.w.org\/{rel}","templated":true}]}}