{"id":7276,"date":"2012-06-01T03:29:17","date_gmt":"2012-06-01T03:29:17","guid":{"rendered":null},"modified":"-0001-11-30T00:00:00","modified_gmt":"-0001-11-30T00:00:00","slug":"dr-carmen-ayuso-new-president-of-the-spanish-society-of-medical-radiology","status":"publish","type":"post","link":"https:\/\/www.best-dentist-dentistry.com\/de\/dr-carmen-ayuso-new-president-of-the-spanish-society-of-medical-radiology\/7276","title":{"rendered":"Dr. Carmen Ayuso, neuer Pr\u00e4sident der spanischen Gesellschaft f\u00fcr medizinische Radiologie"},"content":{"rendered":"<p>&lt;!-[Wenn Gte Mso 9] &gt;&lt; Xml &gt; <w:WordDocument>  <w:View> Normal <\/w:View>  <w:Zoom> 0 <\/w:Zoom>  <w:HyphenationZone> 21 <\/w:HyphenationZone>  <w:PunctuationKerning\/>  <w:ValidateAgainstSchemas\/>  <w:SaveIfXMLInvalid> falsch <\/w:SaveIfXMLInvalid>  <w:IgnoreMixedContent> falsch <\/w:IgnoreMixedContent>  <w:AlwaysShowPlaceholderText> falsch <\/w:AlwaysShowPlaceholderText>  <w:Compatibility>   <w:BreakWrappedTables\/>   <w:SnapToGridInCell\/>   <w:WrapTextWithPunct\/>   <w:UseAsianBreakRules\/>   <w:DontGrowAutofit\/>  <\/w:Compatibility>  <w:BrowserLevel> MicrosoftInternetExplorer4 <\/w:BrowserLevel> <\/w:WordDocument><\/xml> <![endif]--> &lt;!-[Wenn Gte Mso 9] &gt; <xml> &lt; W:LatentStyles DefLockedState = &#8220;false&#8221; LatentStyleCount = &#8220;156&#8221; &gt; <\/w:LatentStyles><\/xml> <![endif]--> &lt;!-[Wenn Gte Mso 10] &gt;<\/p>\n<style> \/ ** Stildefinitionen ** \/ Tabelle.MsoNormalTableu0009{Mso-Style-Name: \"Normale Tabelle\";}u0009MSO-Tstyle-Rowband-Size: 0;u0009MSO-Tstyle-Colband-Size: 0;u0009MSO-Style-Noshow: Ja;u0009\"Mso-Style-Parent:\" \";\"u0009MSO-Polsterung-Alt: 0 cm 0 cm 5.4pt 5.4pt;u0009MSO-Margin: 0 cm;u0009MSO-Margin-Bottom:. 0001pt;u0009MSO-Paginierung: Witwe-Waisen;u0009Font-Size: 10.0 pt;u0009Font-Family: \"Times New Roman\";u0009MSO-Ansi-Language: # 0400;u0009Mso-Fareast-Language: # 0400;u0009{Mso-Bidi-Sprache: # 0400;}<\/style>\n<p><![endif]--><\/p>\n<p style=\"font-weight: bold;\" class=\"MsoNormal\"> <font size=\"3\"> la Dr. Carmen Ayuso, neuer Pr\u00e4sident der GesellschaftSpanisch f\u00fcr medizinische Radiologie<\/font><\/p>\n<p style=\"font-weight: bold;\" class=\"MsoNormal\"> <font size=\"2\"> dauerte Nationalkongress der spanischen Gesellschaft f\u00fcrRadiologie-Medical (SERAM)<\/font><\/p>\n<p class=\"MsoNormal\"> <font size=\"2\"><\/font><\/p>\n<p class=\"MsoNormal\"> <font size=\"2\">-la SERAM Protein um fast 5.000 spanischen Radiologen,die wichtigsten radiologischen Gesellschaft im Bereich des Sprechens.<\/font><\/p>\n<p class=\"MsoNormal\"> <font size=\"2\"> &#8211; zwischen den strategischen Linien des Mandats sind skizziert dieEntwicklung der Prozesse der Akkreditierung und Zertifizierung von RadiologenSpanisch, Aufbau von Partnerschaften mit Gesellschaftenhalten Sie gezeichnete Abkommen neue Beziehungenanderen wissenschaftlichen Gesellschaften in Bezug auf medizinische und technologische Fortschritteund zur Verbesserung der Zusammenarbeit mit den Bereichen und Tochtergesellschaften von der SERAM.<\/font><\/p>\n<p class=\"MsoNormal\"> <font size=\"2\"> <br \/><\/font><\/p>\n<p class=\"MsoNormal\"> <font size=\"2\"> <span style=\"font-weight: bold;\"> Granada, Juni 2012<\/span> der Generalversammlung der GesellschaftSpanisch medizinische Radiologie (SERAM), durchgef\u00fchrt im Rahmen seiner XXXINationalen Kongress in Granada, hat beschlossen, die Ernennung derDr. Carmen Ayuso als neuer Pr\u00e4sident der Entit\u00e4t, w\u00e4hrend die beidenn\u00e4chsten Jahren. Dr. Ayuso passiert jetzt im B\u00fcro des Pr\u00e4sidentenausgehende, Dr. Edward Friar.<\/font><\/p>\n<p style=\"text-align: center;  \" class=\"MsoNormal\"><font size=\"2\">&nbsp;<img loading=\"lazy\" decoding=\"async\" title=\"\" alt=\"\" src=\"http:\/\/www.best-dentist-dentistry.com\/best-dentist-images\/dr-carmen-ayuso-new-president-of-the-spanish-society-of-medical-radiology.jpg\" align=\"Baseline\" border=\"0\" height=\"266\" width=\"400\"\/><\/font><\/p>\n<p style=\"text-align: center; font-style: italic;\" class=\"MsoNormal\"> <font size=\"1\"> Carmen Ayuso, Pr\u00e4sident der SERAM<\/font><\/p>\n<p class=\"MsoNormal\"> <font size=\"2\"> auch wurden renoviert mehrere B\u00fcros des VorstandsRichtlinie von SERAM, wird wie folgt zusammengesetzt: Pr\u00e4sidentdie SERAM: Carmen Ayuso Colella; Vize-Pr\u00e4sident: Jos\u00e9 Luis de die Heilung Rodr\u00edguez;bisherige Pr\u00e4sident: Eduardo Fraile Moreno; Generalsekret\u00e4r: Fatima MatuteTeresa; Verantwortliche Finanzen: Dulce Gomez Santos; Hauptamt:Carlos Nicolau Molina; zust\u00e4ndig f\u00fcr Angelegenheiten Fachleute: Gin\u00e9s MadridGarc\u00eda; verantwortlich f\u00fcr die Kommunikation: Javier Rodr\u00edguez Recio; verantwortlich f\u00fcrAusbildung: Angel Gayete Gesicht; verantwortlich f\u00fcr strategische: Angel Morales Santos;verantwortlich f\u00fcr Ver\u00f6ffentlichungen: Antonio Taleg\u00f3n Mel\u00e9ndez; zust\u00e4ndig f\u00fcrSoziale: Marine \u00c1lvarez Benito.<\/font><\/p>\n<p class=\"MsoNormal\"> <font size=\"2\"> wie erw\u00e4hnt,  diese neue Phase ist eine Herausforderung undeine gro\u00dfe Verantwortung, sondern auch eine gro\u00dfe Ehre, darstellen zu k\u00f6nneneine wissenschaftliche Gesellschaft, solide, gut strukturierte und dynamisch wie die SERAMdiesem Tag heute vereint nach fast 100 Jahren der Existenz, es fast 5.000Profis in Spanien und hat mehr als 10.000 internationale Partner &#8221;. Dieneuer Pr\u00e4sident der SERAM hat gedankt  die Arbeit von allen Pr\u00e4sidentenund Mitglieder der fr\u00fcheren Boards, denn ohne ihre Arbeit, das SERAMw\u00e4re nicht gekommen, so weit sie bis jetzt getan hat &#8221;.<\/font><\/p>\n<p style=\"font-weight: bold;\" class=\"MsoNormal\"> <font size=\"2\"> zuk\u00fcnftige Linien<\/font><\/p>\n<p class=\"MsoNormal\"> <font size=\"2\"> Dr. Carmen Ayuso hat angek\u00fcndigt, die Grundz\u00fcge desseiner Amtszeit an der Spitze der spanischen Gesellschaft f\u00fcr medizinische Radiologie:  in derkommende Jahren werden in der Zeile bereits initiierten die SERAM, der vorw\u00e4rts bewegenweiterhin auf die Akkreditierung und Zertifizierung von RadiologenSpanisch, so dass Sie besser unsere Handlungsfelder definieren k\u00f6nnen undWir setzen uns in einer privilegierten Position f\u00fcr Positionen qualifizierenmedizinische Versorgung, Lehre, Forschung und Verwaltung &#8221;.<\/font><\/p>\n<p class=\"MsoNormal\"> <font size=\"2\"> anderen Leitlinien vorgelegt von Dr. AyusoEs ist die von  weiter mit Aktionen und konkrete Initiativen mit Gesellschaftenmit dem wissenschaftlichen haben wir Kooperationsvertr\u00e4ge unterzeichnet &#8221;.Zus\u00e4tzlich  auch neue berufliche Beziehungen begr\u00fcnden m\u00f6chten,Sie m\u00f6glicherweise von Interesse f\u00fcr die Mitglieder von der SERAM &#8221;.<\/font><\/p>\n<p class=\"MsoNormal\"> <font size=\"2\"><\/font><\/p>\n<p class=\"MsoNormal\"> <font size=\"2\"> in der gleichen Weise, erh\u00f6ht es  die ZusammenarbeitAlle spanische Radiologen integriert in den verschiedenen Abschnitten und PartnerDie Seram &#8221;. Schlie\u00dflich hat der neue Pr\u00e4sident seine gezeigtInteresse an der F\u00f6rderung der Verbreitung der spanischen Radiologie in Bereichensupranationale Europa, Lateinamerika und USA.<\/font><\/p>\n<p style=\"font-weight: bold;\" class=\"MsoNormal\"> <font size=\"2\"> biographische Skizze<\/font><\/p>\n<p class=\"MsoNormal\"> <font size=\"2\"> Natur de Lleida, studierte Medizin an der Universit\u00e4tBarcelona und seinen Wohnsitz in der Hospital Cl\u00ednic Barcelona, woPraxis Radiologie Service bis zum heutigen Tag, begann er inf\u00fchrt den Posten des Chief des Abschnitts der Bauch-Radiologie Zentrumder diagnostische Bildgebung, die diagnostische Bildgebung Services enth\u00e4lt undNuklearmedizin. In dieser gleichen Krankenhaus, Teil der Gruppeinterdisziplin\u00e4re Onkologie Leber.<\/font><\/p>\n<p class=\"MsoNormal\"> <font size=\"2\"> ist auch Professor f\u00fcr Radiologie in derUniversit\u00e4t Barcelona und Direktor der Abteilung f\u00fcr Geburtshilfe undGyn\u00e4kologie, P\u00e4diatrie, Radiologie und Anatomie dieser derselben Institution.<\/font><\/p>\n<p class=\"MsoNormal\"> <font size=\"2\"> vor, in seiner neuen position als verantwortlich f\u00fcr maximaldie SERAM wurde auch Pr\u00e4sident der spanischen Gesellschaft der Diagnose vonBild des Bauches (SEDIA).<\/font><\/p>\n<p class=\"MsoNormal\"> <font size=\"2\"> <br \/><\/font><\/p>\n<p class=\"MsoNormal\"> <font size=\"2\"> <br \/><\/font><\/p>\n<p class=\"MsoNormal\"><\/p>\n","protected":false},"excerpt":{"rendered":"<p>&lt;!-[Wenn Gte Mso 9] &gt;&lt; Xml &gt; Normal 0 21 falsch falsch falsch MicrosoftInternetExplorer4 &lt;!-[Wenn Gte Mso 9] &gt; &lt; W:LatentStyles DefLockedState = &#8220;false&#8221; LatentStyleCount = &#8220;156&#8221; &gt; &lt;!-[Wenn Gte Mso 10] &gt; la Dr. Carmen Ayuso, neuer Pr\u00e4sident der GesellschaftSpanisch f\u00fcr medizinische Radiologie dauerte Nationalkongress der spanischen Gesellschaft f\u00fcrRadiologie-Medical (SERAM) -la SERAM Protein um [&hellip;]<\/p>\n","protected":false},"author":1,"featured_media":0,"comment_status":"close","ping_status":"open","sticky":false,"template":"","format":"standard","meta":{"footnotes":""},"categories":[3],"tags":[17768,17767],"class_list":["post-7276","post","type-post","status-publish","format-standard","hentry","category-allgemeine","tag-ayuso","tag-hintereinander","et-doesnt-have-format-content","et_post_format-et-post-format-standard"],"_links":{"self":[{"href":"https:\/\/www.best-dentist-dentistry.com\/de\/wp-json\/wp\/v2\/posts\/7276","targetHints":{"allow":["GET"]}}],"collection":[{"href":"https:\/\/www.best-dentist-dentistry.com\/de\/wp-json\/wp\/v2\/posts"}],"about":[{"href":"https:\/\/www.best-dentist-dentistry.com\/de\/wp-json\/wp\/v2\/types\/post"}],"author":[{"embeddable":true,"href":"https:\/\/www.best-dentist-dentistry.com\/de\/wp-json\/wp\/v2\/users\/1"}],"replies":[{"embeddable":true,"href":"https:\/\/www.best-dentist-dentistry.com\/de\/wp-json\/wp\/v2\/comments?post=7276"}],"version-history":[{"count":0,"href":"https:\/\/www.best-dentist-dentistry.com\/de\/wp-json\/wp\/v2\/posts\/7276\/revisions"}],"wp:attachment":[{"href":"https:\/\/www.best-dentist-dentistry.com\/de\/wp-json\/wp\/v2\/media?parent=7276"}],"wp:term":[{"taxonomy":"category","embeddable":true,"href":"https:\/\/www.best-dentist-dentistry.com\/de\/wp-json\/wp\/v2\/categories?post=7276"},{"taxonomy":"post_tag","embeddable":true,"href":"https:\/\/www.best-dentist-dentistry.com\/de\/wp-json\/wp\/v2\/tags?post=7276"}],"curies":[{"name":"wp","href":"https:\/\/api.w.org\/{rel}","templated":true}]}}