{"id":7278,"date":"2012-06-01T03:29:25","date_gmt":"2012-06-01T03:29:25","guid":{"rendered":null},"modified":"-0001-11-30T00:00:00","modified_gmt":"-0001-11-30T00:00:00","slug":"the-new-center-of-consultations-of-policlanica-gipuzkoa-eibar-begins-to-work-today","status":"publish","type":"post","link":"https:\/\/www.best-dentist-dentistry.com\/de\/the-new-center-of-consultations-of-policlanica-gipuzkoa-eibar-begins-to-work-today\/7278","title":{"rendered":"Zum neuen Machtzentrum der Konsultationen der Poliklinik Gipuzkoa, Eibar beginnt heute"},"content":{"rendered":"<p><font   size=\"2\"> <font size=\"3\"> <strong>die neue Referenz der Poliklinik Gipuzkoa, Eibar Zentrum beginnt heute-Funktion<\/strong><\/font> <\/p>\n<p>-Das Zentrum legt im Betrieb alle Ihre Konsultationen, klinische Dienstleistungen und testen Diagnose. <\/p>\n<p>-die offizielle Einweihung ist Vorsitz der B\u00fcrgermeister der Kleinstadt Eibar, Miguel die Toyos n\u00e4chsten Juni 8 um 1230 Uhr, Ibarkurutze Stra\u00dfe, n \u00ba 2. <\/p>\n<p><strong>Eibar, 2012-Juni<\/strong> Der neuen Mitte Poliklinik Gipuzkoa, beginnt Eibar Konsultationen funktionieren bei voller Auslastung von diesem Freitag, 1. Juni. Die offizielle Er\u00f6ffnungszeremonie wird vom B\u00fcrgermeister der Stadt, die Toyos Miguel, n\u00e4chsten Freitag 8. Juni, um 1230 Uhr geleitet. <\/p>\n<p>Bei dieser neuen Ausr\u00fcstung befindet sich im Zentrum der Kleinstadt Eibar, in die Stra\u00dfe Ibarkurutze, 2, Ofertar\u00e1n eine Vielzahl von Spezialit\u00e4ten und bedeutet Diagnose, klinische Analyse Service und derjenigen zu jeder Konsultation. <\/p>\n<p>Die neuen Anlagen umfassen eine Fl\u00e4che von 383 m2 in einer lokalen Stra\u00dfe Pflanze, verteilt auf 9 Konsultationen, Zimmer Kuren, Radiologie, Mam\u00f3grafo und gyn\u00e4kologische und Bauchraum Kopfnaht und umfasst insgesamt elf Spezialit\u00e4ten. <\/p>\n<p>Alle diese Dienste werden konzertierte werden mit den wichtigsten Versicherungs- und gegenseitigen Unternehmen, die Gipuzkoa Poliklinik normalerweise funktioniert. <\/p>\n<p><\/font><\/p>\n","protected":false},"excerpt":{"rendered":"<p>die neue Referenz der Poliklinik Gipuzkoa, Eibar Zentrum beginnt heute-Funktion -Das Zentrum legt im Betrieb alle Ihre Konsultationen, klinische Dienstleistungen und testen Diagnose. -die offizielle Einweihung ist Vorsitz der B\u00fcrgermeister der Kleinstadt Eibar, Miguel die Toyos n\u00e4chsten Juni 8 um 1230 Uhr, Ibarkurutze Stra\u00dfe, n \u00ba 2. Eibar, 2012-Juni Der neuen Mitte Poliklinik Gipuzkoa, beginnt [&hellip;]<\/p>\n","protected":false},"author":1,"featured_media":0,"comment_status":"close","ping_status":"open","sticky":false,"template":"","format":"standard","meta":{"footnotes":""},"categories":[3],"tags":[17770,17771],"class_list":["post-7278","post","type-post","status-publish","format-standard","hentry","category-allgemeine","tag-set","tag-machtzentrum","et-doesnt-have-format-content","et_post_format-et-post-format-standard"],"_links":{"self":[{"href":"https:\/\/www.best-dentist-dentistry.com\/de\/wp-json\/wp\/v2\/posts\/7278","targetHints":{"allow":["GET"]}}],"collection":[{"href":"https:\/\/www.best-dentist-dentistry.com\/de\/wp-json\/wp\/v2\/posts"}],"about":[{"href":"https:\/\/www.best-dentist-dentistry.com\/de\/wp-json\/wp\/v2\/types\/post"}],"author":[{"embeddable":true,"href":"https:\/\/www.best-dentist-dentistry.com\/de\/wp-json\/wp\/v2\/users\/1"}],"replies":[{"embeddable":true,"href":"https:\/\/www.best-dentist-dentistry.com\/de\/wp-json\/wp\/v2\/comments?post=7278"}],"version-history":[{"count":0,"href":"https:\/\/www.best-dentist-dentistry.com\/de\/wp-json\/wp\/v2\/posts\/7278\/revisions"}],"wp:attachment":[{"href":"https:\/\/www.best-dentist-dentistry.com\/de\/wp-json\/wp\/v2\/media?parent=7278"}],"wp:term":[{"taxonomy":"category","embeddable":true,"href":"https:\/\/www.best-dentist-dentistry.com\/de\/wp-json\/wp\/v2\/categories?post=7278"},{"taxonomy":"post_tag","embeddable":true,"href":"https:\/\/www.best-dentist-dentistry.com\/de\/wp-json\/wp\/v2\/tags?post=7278"}],"curies":[{"name":"wp","href":"https:\/\/api.w.org\/{rel}","templated":true}]}}