{"id":7289,"date":"2012-06-01T03:30:25","date_gmt":"2012-06-01T03:30:25","guid":{"rendered":null},"modified":"-0001-11-30T00:00:00","modified_gmt":"-0001-11-30T00:00:00","slug":"the-department-of-requena-celebrates-the-day-ii-of-smoking-and-copd","status":"publish","type":"post","link":"https:\/\/www.best-dentist-dentistry.com\/de\/the-department-of-requena-celebrates-the-day-ii-of-smoking-and-copd\/7289","title":{"rendered":"Die Abteilung Requena feiert den Tag II des Rauchens und COPD"},"content":{"rendered":"<p><font size=\"2\"> <font size=\"3\"> <strong>der Abteilung Requena feiert am Tag Rauchen und COPD II<\/strong><\/font> <\/p>\n<p>-Schlie\u00dfung Tagesaktivit\u00e4ten geplant w\u00e4hrend der Woche 13. rauchfreien <\/p>\n<p> <strong>Requena, Mai 2012.-<\/strong> die Abteilung der Gesundheit von Requena statt II Stunden Rauchen und COPD in den Einrichtungen der Krankenhaus Requena. Gerahmt in die Aktivit\u00e4ten der 13. Woche ohne Rauch, der Vorschlag soll zur Verbreitung von Rauchen und COPD in der Abteilung durchgef\u00fchrt werden. <\/p>\n<p>W\u00e4hrend des Tages hatten die Teilnehmer die Gelegenheit, das Pflege-Protokoll zum Tabak in der Grundversorgung, sowie vorbeugende Ma\u00dfnahmen in der Abteilung. <\/p>\n<p>Auf der anderen Seite, es wurden auch bereits die Funktionsweise der Konsultation der intensive Eingriff in das Rauchen und die Motivacional Intervention in der Einheit von Suchtverhalten durchgef\u00fchrt.  In diesen F\u00e4llen ist es sehr wichtig, dass Patienten unterst\u00fctzt f\u00fchlen &#8221;, anzugeben. <\/p>\n<p>Im zweiten Teil des Tages die COPD gewidmet haben Fachleute der Gesundheit Abteilung von Requena Themen wie die neue Krankheit oder der neuen spanischen Guide von COPD behandelt. <\/p>\n<p>Dar\u00fcber hinaus hat Dr. Juan Jos\u00e9 Soler, Pulmonologist des Krankenhauses und Pr\u00e4sident der Gesellschaft f\u00fcr Pneumologie, Valencia pr\u00e4sentiert sein Forschungsprojekt  Effizienz der ein umfassendes Programm f\u00fcr Patienten mit COPD leiden h\u00e4ufige Hospitalisierungen &#8221;. <\/p>\n<p>Schulungen Workshops in Espirometr\u00edas, wird Technik, die das Einatmen und Rauchen in der ABUCASIS Geschichte auch durchgef\u00fchrt haben.  Wollen unsere Fachleute zu bilden und lernen Sie neue Techniken t\u00e4glich, damit die bestm\u00f6gliche Versorgung f\u00fcr die Patienten &#8221;, sagt der Leiter der Abteilung, Marisa Reynoso. <\/p>\n<p><strong>13. Woche rauchfrei<\/strong> <\/p>\n<p>13. Woche rauchfrei fand vom 24 bis 31 Mai unter dem Thema  Sie es lassen, haben Sie gewonnen! &#8221;, mit dem Ziel, das Bewusstsein f\u00fcr die Bedeutung der Gesundheit nicht Gef\u00e4hrdung durch verschmutzte Luft Rauchen oder Passivrauchen, sowie Motivation unter den Angeh\u00f6rigen der Gesundheitsberufe zur Durchf\u00fchrung von Interventionen auf Raucher und Patienten informiert das in Ihr Gesundheitsf\u00fcrsorge-Zentrum kann ihnen helfen. <\/p>\n<p>Die Abteilung der Gesundheit von Requena hat alle Woche Initiative Zusammenarbeit \u00fcber alle vorgeschlagenen Aktivit\u00e4ten verbunden.  Informative Tabellen wurden in verschiedenen Gesundheitszentren, wo Patienten konnten, werden eine Coximetr\u00eda und Ausf\u00fcllen einer Umfrage \u00fcber ihre Konsummuster, organisiert &#8221;, makellose Cervera, Direktor der Abteilung der Grundversorgung gibt. <\/p>\n<p>Praktiker erhalten haben auch eine Anleitung zur Unterst\u00fctzung Ansatz der aktiven und passiven Rauchens, Flugbl\u00e4tter zu verteilen unter der Bev\u00f6lkerung und eine Reihe von Aktivit\u00e4ten in jedem der Gesundheitszentren einzurichten. Dar\u00fcber hinaus, als Neuheit, wurde der Vorschlag der Intervention des Rauchens in drei Tagen berichtet. <\/p>\n<p><\/font><\/p>\n","protected":false},"excerpt":{"rendered":"<p>der Abteilung Requena feiert am Tag Rauchen und COPD II -Schlie\u00dfung Tagesaktivit\u00e4ten geplant w\u00e4hrend der Woche 13. rauchfreien Requena, Mai 2012.- die Abteilung der Gesundheit von Requena statt II Stunden Rauchen und COPD in den Einrichtungen der Krankenhaus Requena. Gerahmt in die Aktivit\u00e4ten der 13. Woche ohne Rauch, der Vorschlag soll zur Verbreitung von Rauchen [&hellip;]<\/p>\n","protected":false},"author":1,"featured_media":0,"comment_status":"close","ping_status":"open","sticky":false,"template":"","format":"standard","meta":{"footnotes":""},"categories":[3],"tags":[17812],"class_list":["post-7289","post","type-post","status-publish","format-standard","hentry","category-allgemeine","tag-scheinsicherheit","et-doesnt-have-format-content","et_post_format-et-post-format-standard"],"_links":{"self":[{"href":"https:\/\/www.best-dentist-dentistry.com\/de\/wp-json\/wp\/v2\/posts\/7289","targetHints":{"allow":["GET"]}}],"collection":[{"href":"https:\/\/www.best-dentist-dentistry.com\/de\/wp-json\/wp\/v2\/posts"}],"about":[{"href":"https:\/\/www.best-dentist-dentistry.com\/de\/wp-json\/wp\/v2\/types\/post"}],"author":[{"embeddable":true,"href":"https:\/\/www.best-dentist-dentistry.com\/de\/wp-json\/wp\/v2\/users\/1"}],"replies":[{"embeddable":true,"href":"https:\/\/www.best-dentist-dentistry.com\/de\/wp-json\/wp\/v2\/comments?post=7289"}],"version-history":[{"count":0,"href":"https:\/\/www.best-dentist-dentistry.com\/de\/wp-json\/wp\/v2\/posts\/7289\/revisions"}],"wp:attachment":[{"href":"https:\/\/www.best-dentist-dentistry.com\/de\/wp-json\/wp\/v2\/media?parent=7289"}],"wp:term":[{"taxonomy":"category","embeddable":true,"href":"https:\/\/www.best-dentist-dentistry.com\/de\/wp-json\/wp\/v2\/categories?post=7289"},{"taxonomy":"post_tag","embeddable":true,"href":"https:\/\/www.best-dentist-dentistry.com\/de\/wp-json\/wp\/v2\/tags?post=7289"}],"curies":[{"name":"wp","href":"https:\/\/api.w.org\/{rel}","templated":true}]}}