{"id":7299,"date":"2012-06-02T03:29:33","date_gmt":"2012-06-02T03:29:33","guid":{"rendered":null},"modified":"-0001-11-30T00:00:00","modified_gmt":"-0001-11-30T00:00:00","slug":"the-chairman-of-the-wto-requests-echaniz-equipped-with-doctors-to-reach-a-consensus-on-the-settings","status":"publish","type":"post","link":"https:\/\/www.best-dentist-dentistry.com\/de\/the-chairman-of-the-wto-requests-echaniz-equipped-with-doctors-to-reach-a-consensus-on-the-settings\/7299","title":{"rendered":"Der Vorsitzende der WTO fordert Ech\u00e1niz ausgestattet mit \u00c4rzten, einen Konsens zu den Einstellungen"},"content":{"rendered":"<p>&lt;!-[Wenn Gte Mso 9] &gt;&lt; Xml &gt; <w:WordDocument>  <w:View> Normal <\/w:View>  <w:Zoom> 0 <\/w:Zoom>  <w:HyphenationZone> 21 <\/w:HyphenationZone>  <w:PunctuationKerning\/>  <w:ValidateAgainstSchemas\/>  <w:SaveIfXMLInvalid> falsch <\/w:SaveIfXMLInvalid>  <w:IgnoreMixedContent> falsch <\/w:IgnoreMixedContent>  <w:AlwaysShowPlaceholderText> falsch <\/w:AlwaysShowPlaceholderText>  <w:Compatibility>   <w:BreakWrappedTables\/>   <w:SnapToGridInCell\/>   <w:WrapTextWithPunct\/>   <w:UseAsianBreakRules\/>   <w:DontGrowAutofit\/>  <\/w:Compatibility>  <w:BrowserLevel> MicrosoftInternetExplorer4 <\/w:BrowserLevel> <\/w:WordDocument><\/xml> <![endif]--> &lt;!-[Wenn Gte Mso 9] &gt; <xml> &lt; W:LatentStyles DefLockedState = &#8220;false&#8221; LatentStyleCount = &#8220;156&#8221; &gt; <\/w:LatentStyles><\/xml> <![endif]--> &lt;!-[Wenn Gte Mso 10] &gt;<\/p>\n<style> \/ ** Stildefinitionen ** \/ Tabelle.MsoNormalTableu0009{Mso-Style-Name: \"Normale Tabelle\";}u0009MSO-Tstyle-Rowband-Size: 0;u0009MSO-Tstyle-Colband-Size: 0;u0009MSO-Style-Noshow: Ja;u0009\"Mso-Style-Parent:\" \";\"u0009MSO-Polsterung-Alt: 0 cm 0 cm 5.4pt 5.4pt;u0009MSO-Margin: 0 cm;u0009MSO-Margin-Bottom:. 0001pt;u0009MSO-Paginierung: Witwe-Waisen;u0009Font-Size: 10.0 pt;u0009Font-Family: \"Times New Roman\";u0009MSO-Ansi-Language: # 0400;u0009Mso-Fareast-Language: # 0400;u0009{Mso-Bidi-Sprache: # 0400;}<\/style>\n<p><![endif]--><\/p>\n<p style=\"font-weight: bold;\" class=\"MsoNormal\"> <font size=\"3\"> der Vorsitzende des Ech\u00e1niz sagen es mit WTO-Anforderungen der\u00c4rzte, einen Konsens \u00fcber die Einstellungen<\/font><\/p>\n<p class=\"MsoNormal\"> <font size=\"2\"><\/font><\/p>\n<p class=\"MsoNormal\"> <font size=\"2\"> <span style=\"font-weight: bold;\"> Madrid, Juni 2012.-<\/span> der Pr\u00e4sident der Organisation Medical College, Dr. JohnJos\u00e9 Rodriguez Sendin, und der Generalsekret\u00e4r der Gesundheit der PP und BeraterGesundheit <span style=\"mso-spacerun:yes\"><\/span> und soziale Angelegenheiten des VorstandsKastilien &#8211; La Mancha, Jos\u00e9 Ignacio Ech\u00e1niz, haben ein Treffen stattum die Situation des Gesundheitswesens im allgemeinen und der \u00c4rzte, inbesonderen.<\/font><\/p>\n<p class=\"MsoNormal\"> <font size=\"2\"> in der Sitzung am Sitz der WTO statt und esdauerte zwei Stunden, hat der Pr\u00e4sident der WTO fordert Jos\u00e9 IgnacioEch\u00e1niz <span style=\"mso-spacerun:yes\"><\/span>, die beteiligen sich an derProfis, um Konsens Formeln zu findenAnpassungen und \u00c4nderungen der SNS.<span style=\"mso-spacerun:yes\"><\/span><\/font><\/p>\n<p class=\"MsoNormal\"> <font size=\"2\"> hat der Vorsitzende der WTO, Dr. Juan Jos\u00e9 Rodr\u00edguez Send\u00edn,das Engagement der Gruppe an den Generalsekret\u00e4r der PP Gesundheit ausgedr\u00fccktdie Nachhaltigkeit der SNS und die Verteidigung der Werte, die zu legitimieren dieGesundheitsdienste, wie z. B. Universalit\u00e4t, Solidarit\u00e4t undEigenkapital.<span style=\"mso-spacerun:yes\"><\/span><\/font><\/p>\n<p class=\"MsoNormal\"> <font size=\"2\"> auch, die Dr. Rodr\u00edguez Sendin hat erkl\u00e4rt, dass die\u00c4rzte sind \u00fcber die wirtschaftliche Situation unseres Landes und von denNotwendigkeit f\u00fcr K\u00fcrzungen, proportional zu der Bedeutung des SektorsGesundheit in Bezug auf andere Teile der Verwaltung und unter der Voraussetzung, dass keinebeeinflussen Sie die Qualit\u00e4t der Pflege. Und das Engagement und die Bereitschaft ausgedr\u00fccktder Gruppe zur Teilnahme an der besseren Nutzung der Vorteile und derNutzung der Ressourcen und Gesundheitsdienste.<\/font><\/p>\n<p class=\"MsoNormal\"> <font size=\"2\"> sagte der Vorsitzende der WTO, die die L\u00f6sung f\u00fcr dieschwierige Situation mit Blick auf die SNS kann nicht ausschlie\u00dflich auf basierenArbeit und Lohn-K\u00fcrzungen f\u00fcr Profis, am Ende in dendie Qualit\u00e4t der Versorgung f\u00fcr die Patienten. Aus diesem Grund Sie <span style=\"mso-spacerun:yes\"><\/span> bestand, Juan Ignacio Echaniz,dazu Teilnehmer, effektiv, Berufsverb\u00e4nde, <span style=\"mso-spacerun:yes\"><\/span> in die Einstellungen, um in jedemDienst der erforderliche Konsens und die Beteiligung zu erreichen dasoptional kooperieren bei der Suche nach L\u00f6sungen. <\/font><\/p>\n<p class=\"MsoNormal\"> <font size=\"2\"> als der Gesundheit der PP, der Pr\u00e4sident der Generalsekret\u00e4rdie WTO hat auf die Notwendigkeit, eine umfassende politische Einigung bestand.zur Bew\u00e4ltigung der wirtschaftlichen Krise der SNS und schaffen eine neueGesundheit-Management-Modell, basierend auf Kriterien der Transparenz, Verdienst undKapazit\u00e4t.<\/font><\/p>\n<p class=\"MsoNormal\"> <font size=\"2\"> der Dr. Rodr\u00edguez Sendin bestand darauf, dass Fachleute\u00c4rzte sollten weiterhin halten die Werte, die SieSie verpflichten sich, und unterschieden: Integrit\u00e4t im Umgang mit Wissen undRessourcen, die Mitgef\u00fchl als eine Anleitung zum Handeln gegen die leiden, der VerbesserungDauerhafte Leistung f\u00fcr bessere Unterst\u00fctzung und Zusammenarbeit mit allenf\u00fcr die Verbesserung der Gesundheit und Wohlbefinden. <\/font><\/p>\n<p class=\"MsoNormal\"> <font size=\"2\"> in der Sitzung auch angesprochen hat, die Situation ininsbesondere, da\u00df es kreuzt die Gesundheit in Castilla &#8211; La Mancha, Spanien, mit dem Aufrufdurch eine optionale Union Arzt Streik f\u00fcr Mittwoch,30. Mai. Der Vorsitzende der WTO hat sich beschwert, dass es dazu gekommen istLage und forderte beide Parteien, Verwaltung und Experten, zudem Bem\u00fchen, die schwierige Situation verstehen, in der wir uns befindenund das betrifft uns alle.<span style=\"mso-spacerun:yes\"><\/span><\/font><\/p>\n<p class=\"MsoNormal\"> <font size=\"2\"> hat f\u00fcr seinen Teil, Generalsekret\u00e4r der PP Gesundheit&#8221;die hohen Qualifikation der Fachkr\u00e4fte des Gesundheitswesens&#8221; hervorgehoben&#8221;Spanisch&#8221; und forderte neue Mechanismen, die F\u00f6rderung ihrersoziale und berufliche ber\u00fccksichtigt. Seiner Ansicht nach ist es zu z\u00e4hlen&#8221;wirklich&#8221; mit dem Modell der beruflichen Entwicklung &#8220;&#8221;&#8221;\u00c4rzte fordern und Aufrufen f\u00fcr den gesunden Menschenverstand.&#8221; &#8220;Die&#8221;Zukunft des nationalen Gesundheitssystems ist stark abh\u00e4ngig von der Zukunft ihrer Ressourcen&#8221;menschliche&#8221;, versichert.<\/font><\/p>\n<p class=\"MsoNormal\"> <font size=\"2\"> Jose Ignacio Ech\u00e1niz hat erkl\u00e4rt, dass das Ministerium f\u00fcrGesundheit, soziale Dienste und Gleichheit unter der Leitung von Ana Mato \u00e4u\u00dferte bereits immehrere Gelegenheiten sein Interesse an Entscheidungen bez\u00fcglich Ressourcenmenschliche Gesundheit, ein Kapitel  vergessen &#8221; seit der Verabschiedung des Gesetzes \u00fcber dieSatzung-Framework und die Berufe Verwaltung Gesundheitsrecht.<\/font><\/p>\n<p class=\"MsoNormal\"> <font size=\"2\"> verantwortlich f\u00fcr die PP-Gesundheit, hat auch hervorgehoben, diesoziale Anerkennung von Spanien \u00c4rzte, der &#8220;den Neid der&#8221;&#8221;L\u00e4nder um uns herum, und die wir haben, um einander k\u00fcmmern&#8221;.F\u00fcr die Volksf\u00fchrer stark in investiert haben Training und wir, dieLernen Sie sie besser, &#8220;trotz der notwendigen Anpassungen an die&#8221;die wir wurden gezwungen zu &#8221;.<\/font><\/p>\n<p class=\"MsoNormal\"> <font size=\"2\"> w\u00e4hrend der Besprechung die Volksf\u00fchrer <span style=\"mso-spacerun:yes\"><\/span> hat <span style=\"mso-spacerun:yes\"><\/span> auch das universelle Lizenzierung von \u00c4rzten in Spanien und sagte, dass&#8221;die professionelle Abordnung verbessert \u00dcbung Qualit\u00e4tsstandards&#8221;und \u00fcberwachen die Qualit\u00e4t der praktischen medizinischen Selbstregulierung dient der&#8221;optional&#8221;. Verantwortlich f\u00fcr die Gesundheit der PP hat wieder einmal verteidigen dieRezertifizierung von Angeh\u00f6rigen der Gesundheitsberufe, die die Organisation antreibtMedical College mit einem freiwilligen Test, der dazu dient, erkennenObjektiv der st\u00e4ndigen Verbesserung der medizinischen, klinische, Vorbereitungtechnischen und ethischen \u00c4rzte Spaniens.<\/font><\/p>\n<p class=\"MsoNormal\"> <font size=\"2\"> Jose Ignacio Echaniz bezeichnet auch die Notwendigkeit,Nutzen Sie die Reform des Gesundheitssystems der letzten Impulsedie Grundversorgung, bilden seine Profis als dieFachleute der Gesundheit Partner unserer Bev\u00f6lkerung Sorgfalt wahr.<\/font><\/p>\n<p class=\"MsoNormal\"><\/p>\n<p class=\"MsoNormal\"><\/p>\n<p class=\"MsoNormal\"><\/p>\n","protected":false},"excerpt":{"rendered":"<p>&lt;!-[Wenn Gte Mso 9] &gt;&lt; Xml &gt; Normal 0 21 falsch falsch falsch MicrosoftInternetExplorer4 &lt;!-[Wenn Gte Mso 9] &gt; &lt; W:LatentStyles DefLockedState = &#8220;false&#8221; LatentStyleCount = &#8220;156&#8221; &gt; &lt;!-[Wenn Gte Mso 10] &gt; der Vorsitzende des Ech\u00e1niz sagen es mit WTO-Anforderungen der\u00c4rzte, einen Konsens \u00fcber die Einstellungen Madrid, Juni 2012.- der Pr\u00e4sident der Organisation Medical [&hellip;]<\/p>\n","protected":false},"author":1,"featured_media":0,"comment_status":"close","ping_status":"open","sticky":false,"template":"","format":"standard","meta":{"footnotes":""},"categories":[3],"tags":[17833,17834],"class_list":["post-7299","post","type-post","status-publish","format-standard","hentry","category-allgemeine","tag-humanisierte","tag-vorsitzende","et-doesnt-have-format-content","et_post_format-et-post-format-standard"],"_links":{"self":[{"href":"https:\/\/www.best-dentist-dentistry.com\/de\/wp-json\/wp\/v2\/posts\/7299","targetHints":{"allow":["GET"]}}],"collection":[{"href":"https:\/\/www.best-dentist-dentistry.com\/de\/wp-json\/wp\/v2\/posts"}],"about":[{"href":"https:\/\/www.best-dentist-dentistry.com\/de\/wp-json\/wp\/v2\/types\/post"}],"author":[{"embeddable":true,"href":"https:\/\/www.best-dentist-dentistry.com\/de\/wp-json\/wp\/v2\/users\/1"}],"replies":[{"embeddable":true,"href":"https:\/\/www.best-dentist-dentistry.com\/de\/wp-json\/wp\/v2\/comments?post=7299"}],"version-history":[{"count":0,"href":"https:\/\/www.best-dentist-dentistry.com\/de\/wp-json\/wp\/v2\/posts\/7299\/revisions"}],"wp:attachment":[{"href":"https:\/\/www.best-dentist-dentistry.com\/de\/wp-json\/wp\/v2\/media?parent=7299"}],"wp:term":[{"taxonomy":"category","embeddable":true,"href":"https:\/\/www.best-dentist-dentistry.com\/de\/wp-json\/wp\/v2\/categories?post=7299"},{"taxonomy":"post_tag","embeddable":true,"href":"https:\/\/www.best-dentist-dentistry.com\/de\/wp-json\/wp\/v2\/tags?post=7299"}],"curies":[{"name":"wp","href":"https:\/\/api.w.org\/{rel}","templated":true}]}}