{"id":73,"date":"2013-06-26T11:08:38","date_gmt":"2013-06-26T11:08:38","guid":{"rendered":null},"modified":"2013-06-26T11:08:38","modified_gmt":"2013-06-26T11:08:38","slug":"public-and-private-entities-submitted-its-accessible-for-people-with-disabilities-and-older-dtt-projects","status":"publish","type":"post","link":"https:\/\/www.best-dentist-dentistry.com\/de\/public-and-private-entities-submitted-its-accessible-for-people-with-disabilities-and-older-dtt-projects\/73","title":{"rendered":"\u00d6ffentlicher und private Stellen verfasst seine zug\u00e4nglich f\u00fcr Menschen mit Behinderungen und \u00e4ltere DVB T Projekte."},"content":{"rendered":"<p class=\"MsoNormal\" style=\"FONT-WEIGHT: bold\"> <font size=\"3\"> \u00f6ffentliche und private Stellen eingereicht ihre Entw\u00fcrfe von DVB-T zug\u00e4nglich f\u00fcr Menschen mit Behinderungen und \u00e4ltesten.<\/font><\/p>\n<p class=\"MsoNormal\" style=\"FONT-WEIGHT: bold\"> <font size=\"2\"> w\u00e4hrend die DRT4ALL Kongress in Madrid organisiert von Fundaci\u00f3n ONCE.<\/font><\/p>\n<p class=\"MsoNormal\"> <font size=\"2\"><\/font><\/p>\n<p><font size=\"2\"><\/font><\/p>\n<p class=\"MsoNormal\"> <font size=\"2\"> <span style=\"mso-tab-count: 1\"><\/span><\/font><\/p>\n<p class=\"MsoNormal\"> <font size=\"2\">-die F\u00f6rderung von sozialen Netzwerken unter Senioren oder die kognitive Stimulation bei Menschen mit Demenz durch die DVB-T, waren einige der Themen in der Werkstatt auf Digital TV.<\/font><\/p>\n<p><font size=\"2\"> <span><\/span><\/font><\/p>\n<p class=\"MsoNormal\"> <font size=\"2\"><\/font><\/p>\n<p class=\"MsoNormal\"> <font size=\"2\"> <br \/><\/font><\/p>\n<p class=\"MsoNormal\"> <font size=\"2\"> <span style=\"FONT-WEIGHT: bold\"> Madrid, 2011-Juli<\/span> Vertreter der Fundaci\u00f3n Vodafone Spanien, Universidad Polit\u00e9cnica de Madrid (UPM) und CTIC Unternehmen haben verschiedene Projekte zur Verbesserung des Zugangs zu den TDT von Menschen mit Behinderungen und \u00e4ltere vorgelegt. Getan haben w\u00e4hrend des internationalen Kongresses  DRT4ALL &#8221; die es in diesen Tagen in Madrid abgehalten hat organisiert von Fundaci\u00f3n ONCE.<\/font><\/p>\n<p><font size=\"2\"> <span><\/span><\/font><\/p>\n<p class=\"MsoNormal\"> <font size=\"2\"> w\u00e4hrend des Workshops \u00fcber das Digitalfernsehen Vanesa Lobato Forschung Einheit 4U, des Raums f\u00fcr Forschungs- und Entwicklungsaktivit\u00e4ten der CTIC, wurde ber\u00fccksichtigt, das Projekt DESICA, ein System der kognitiven Stimulation durch TV Digital.<\/font><\/p>\n<p><font size=\"2\"> <span><\/span><\/font><\/p>\n<p class=\"MsoNormal\"> <font size=\"2\"> Lobato hervorgehoben zu den Vorteilen von DVB-T-Interaktivit\u00e4t, die die Grundlage dieses Projekts ist,  als nicht-pharmakologischen Therapie &#8221; f\u00fcr Menschen mit Demenz, durch Programme der kognitiven Stimulation auf dem Gebiet der Sprache und Arbeitsspeicher.<\/font><\/p>\n<p><font size=\"2\"> <span><\/span><\/font><\/p>\n<p class=\"MsoNormal\"> <font size=\"2\"> in dieser Zeile hat betont, dass nach einer ersten pilot-Projekt f\u00fcr Menschen mit Demenz bei staatlichen Mild und moderat aus 74 bis 89 Jahren man feststellen kann, dass Benutzer die Sprachspiele bevorzugen, weil sie weniger Aufwand,, unabh\u00e4ngig von Kosten der <span style=\"mso-spacerun: yes\"><\/span> Schwierigkeitsgrad des Spiels und, dass es Probleme mit r\u00e4umlichen Navigation.<\/font><\/p>\n<p><font size=\"2\"> <span><\/span><\/font><\/p>\n<p class=\"MsoNormal\"> <font size=\"2\">, unterstrich die Bedeutung des Fernsehens als Schnittstelle mit Menschen und hervorgehoben hat die Zukunft muss in der Tonart gelesen werden  Multi-Channel, multimodalen und menschenzentrierten Services &#8221;.<\/font><\/p>\n<p><font size=\"2\"> <span><\/span><\/font><\/p>\n<p class=\"MsoNormal\"> <font size=\"2\"> f\u00fcr seinen Teil, Esther Moreno, der Fakult\u00e4t f\u00fcr engineering und technische Architektur von UPM, pr\u00e4sentierte ein offenes System zug\u00e4nglich f\u00fcr Menschen mit Mangel DTT Visual.<\/font><\/p>\n<p><font size=\"2\"> <span><\/span><\/font><\/p>\n<p class=\"MsoNormal\"> <font size=\"2\"> Moreno darauf hingewiesen, dass es fast eine Million Menschen mit Sehbehinderungen in Spanien und die Rate der DTT-Durchdringung lag bei 2010, 80 %. Jedoch, bem\u00e4ngelte die aktuellen Schnittstellen in der Umgebung des digitalen Fernsehens den Zugriff dieser Gruppe zu verhindern. Das Hauptziel dieses Programms ist wie es gesagt wurde, daher, die digitale Kluft beseitigen. <\/font><\/p>\n<p> <font size=\"2\"> <span><\/span><\/font><\/p>\n<p class=\"MsoNormal\"> <font size=\"2\"> das Programm umfasst kontrastierende Farben, f\u00fcnf Gr\u00f6\u00dfen des Textes, automatische Ausblenden von Windows sowie drei Ebenen der Einsprache der Informationen auf dem Bildschirm. Moreno hingewiesen, ist ein Programm der Low-Cost, die auch sein kann ein <span style=\"mso-spacerun: yes\"><\/span> L\u00f6sung f\u00fcr andere Arten von Behinderungen. <\/font><\/p>\n<p> <font size=\"2\"> <span><\/span><\/font><\/p>\n<p class=\"MsoNormal\"> <font size=\"2\"> auch Est\u00edbaliz Ochoa, der spanischen Fundaci\u00f3n Vodafone, gem\u00e4\u00df dem Entwurf Social TV f\u00fcr 3G, eine zug\u00e4ngliche Plattform integriert das Fernsehen zur F\u00f6rderung von Netzwerken unter \u00e4lteren Menschen.<\/font><\/p>\n<p><font size=\"2\"> <span><\/span><\/font><\/p>\n<p class=\"MsoNormal\"> <font size=\"2\"> Ochoa erkl\u00e4rte, es gesch\u00e4tzt wird, dass 28 % der \u00e4lteren Menschen f\u00fchlen sich allein und dies bringt Motivation und soziale Isolation, etwas, das in vielen F\u00e4llen in Depression, bringt hat versichert, Spanien ist eines der L\u00e4nder mit mehr Einsatz von sozialen Netzwerken,  mu\u00df f\u00fcr alle B\u00fcrger zug\u00e4nglich &#8221;.<\/font><\/p>\n<p><font size=\"2\"> <span><\/span><\/font><\/p>\n<p class=\"MsoNormal\"> <font size=\"2\"> mit diesen Daten kommt dieses Projekt als ein virtuelles Treffen damit \u00e4ltere Menschen zu lernen Menschen und an Erfahrungen, durch eine zug\u00e4ngliche Plattform in der TV integriert. Das System erm\u00f6glicht die Videocomunicaci\u00f3n und Zugriff auf mehrere Inhalte des verschiedene Themen.<\/font><\/p>\n<p><font size=\"2\"> <span><\/span><\/font><\/p>\n<p class=\"MsoNormal\"> <font size=\"2\"><\/font><\/p>\n<p class=\"MsoNormal\"> <font size=\"2\"> <br \/><\/font><\/p>\n<p class=\"MsoNormal\" style=\"FONT-WEIGHT: bold\"> <font size=\"2\"> Freizeit 4ALL.<\/font><\/p>\n<p><font size=\"2\"> <span><\/span><\/font><\/p>\n<p class=\"MsoNormal\"> <font size=\"2\"> sp\u00e4ter der Workshop statt  Freizeit 4ALL &#8221;, in welche Stephen Etayo der Technosite f &amp; e-Abteilung, erkl\u00e4rt INREDIS-Entertainment-System ist zug\u00e4nglich.<\/font><\/p>\n<p><font size=\"2\"> <span><\/span><\/font><\/p>\n<p class=\"MsoNormal\"> <font size=\"2\"> es ist, es hat darauf hingewiesen, ein System, das verbindet Netzwerk auf jedem Browser und bietet eine Plattform von Produkten, und Dienstleistungen der Unterhaltung f\u00fcr Menschen mit besonderen Bed\u00fcrfnissen, so dass es Ihnen erlaubt, Film-Tickets kaufen machen eine Reservierung f\u00fcr ein Restaurant oder Hotel, oder den Kauf von jedem Produkt.<\/font><\/p>\n<p><font size=\"2\"> <span><\/span><\/font><\/p>\n<p class=\"MsoNormal\"> <font size=\"2\"> Erg\u00e4nzung, Bego\u00f1a Garrido, TECNODISCAP, Universit\u00e4t Zaragoza, wurde das Projekt ber\u00fccksichtigt  eine Erfahrung der Freizeit bei \u00e4lteren Menschen mit Wii Spiele &#8221;. In dieser Zeile hat betont, dass  k\u00f6nnen bei der Verbesserung der Lebensqualit\u00e4t, wenn das Gehirn bleibt bestehen, und deshalb muss Leistungsmotivation vorw\u00e4rts &#8221;.<\/font><\/p>\n<p><font size=\"2\"> <span><\/span><\/font><\/p>\n<p class=\"MsoNormal\"> <font size=\"2\"> schlie\u00dflich, Daniel Suarez, von der Universit\u00e4t Oviedo, konzentrierte sich auf den Bereich des Mobile Audio-Juegos f\u00fcr Personen mit eingeschr\u00e4nkter Vision.<\/font><\/p>\n<p><font size=\"2\"> <span><\/span><\/font><\/p>\n<p class=\"MsoNormal\"> <font size=\"2\"> IV Kongress DRT4ALL hielt bis 29. Juni bei Madrid und befasste sich der Ansatz und das Eindringen von Technologie in allen Bereichen des t\u00e4glichen Lebens.<\/font><\/p>\n<p><font size=\"2\"> <span><\/span><\/font><\/p>\n<p class=\"MsoNormal\"> <font size=\"2\"> in diesem Zusammenhang der internationale Kongress an der Spitze der technologischen Entwicklungen und wissenschaftlichen Erkenntnissen zur Inbetriebnahme zur Erleichterung von Menschen mit Behinderungen und \u00e4ltere Menschen die M\u00f6glichkeit, ein unabh\u00e4ngiges Leben und voll integrierten sozialen. <span>werden soll<br \/><\/span><\/font><\/p>\n<p class=\"MsoNormal\"> <font size=\"2\"> <br \/> <span><\/span><\/font><\/p>\n<p class=\"MsoNormal\"> <span><\/span><\/p>\n<p class=\"MsoNormal\"> <span><\/span><\/p>\n<p class=\"MsoNormal\"> <span style=\"mso-spacerun: yes\"> <br \/><\/span><\/p>\n","protected":false},"excerpt":{"rendered":"<p>\u00f6ffentliche und private Stellen eingereicht ihre Entw\u00fcrfe von DVB-T zug\u00e4nglich f\u00fcr Menschen mit Behinderungen und \u00e4ltesten. w\u00e4hrend die DRT4ALL Kongress in Madrid organisiert von Fundaci\u00f3n ONCE. -die F\u00f6rderung von sozialen Netzwerken unter Senioren oder die kognitive Stimulation bei Menschen mit Demenz durch die DVB-T, waren einige der Themen in der Werkstatt auf Digital TV. Madrid, [&hellip;]<\/p>\n","protected":false},"author":1,"featured_media":0,"comment_status":"closed","ping_status":"open","sticky":false,"template":"","format":"standard","meta":{"footnotes":""},"categories":[3],"tags":[607,612,613,608,609,610,611],"class_list":["post-73","post","type-post","status-publish","format-standard","hentry","category-allgemeine","tag-ffentlicher","tag-ltere","tag-dvb-t-projekte","tag-private","tag-stellen","tag-verfasst","tag-zugnglich","et-doesnt-have-format-content","et_post_format-et-post-format-standard"],"_links":{"self":[{"href":"https:\/\/www.best-dentist-dentistry.com\/de\/wp-json\/wp\/v2\/posts\/73","targetHints":{"allow":["GET"]}}],"collection":[{"href":"https:\/\/www.best-dentist-dentistry.com\/de\/wp-json\/wp\/v2\/posts"}],"about":[{"href":"https:\/\/www.best-dentist-dentistry.com\/de\/wp-json\/wp\/v2\/types\/post"}],"author":[{"embeddable":true,"href":"https:\/\/www.best-dentist-dentistry.com\/de\/wp-json\/wp\/v2\/users\/1"}],"replies":[{"embeddable":true,"href":"https:\/\/www.best-dentist-dentistry.com\/de\/wp-json\/wp\/v2\/comments?post=73"}],"version-history":[{"count":0,"href":"https:\/\/www.best-dentist-dentistry.com\/de\/wp-json\/wp\/v2\/posts\/73\/revisions"}],"wp:attachment":[{"href":"https:\/\/www.best-dentist-dentistry.com\/de\/wp-json\/wp\/v2\/media?parent=73"}],"wp:term":[{"taxonomy":"category","embeddable":true,"href":"https:\/\/www.best-dentist-dentistry.com\/de\/wp-json\/wp\/v2\/categories?post=73"},{"taxonomy":"post_tag","embeddable":true,"href":"https:\/\/www.best-dentist-dentistry.com\/de\/wp-json\/wp\/v2\/tags?post=73"}],"curies":[{"name":"wp","href":"https:\/\/api.w.org\/{rel}","templated":true}]}}