{"id":7344,"date":"2012-06-05T02:20:19","date_gmt":"2012-06-05T02:20:19","guid":{"rendered":null},"modified":"-0001-11-30T00:00:00","modified_gmt":"-0001-11-30T00:00:00","slug":"a-mother-seeks-justice-for-her-daughter-bashed-by-his-caretaker-now-escape","status":"publish","type":"post","link":"https:\/\/www.best-dentist-dentistry.com\/de\/a-mother-seeks-justice-for-her-daughter-bashed-by-his-caretaker-now-escape\/7344","title":{"rendered":"Eine Mutter sucht ihre Tochter eingeschlagen durch seine Hausmeister Gerechtigkeit, jetzt entkommen"},"content":{"rendered":"<p class=\"first\"> Madrid, 10 M\u00e4r (EFE). &#8211; &#8220;Ich glaube an Gerechtigkeit, aber ich will Gerechtigkeit mit meiner Tochter zu tun&#8221;, sagte EfE die Mutter eines M\u00e4dchens, mit nur 6 Monaten, irreversible Verletzungen erlitten &#8211; blind und im Rollstuhl f\u00fcr Leben &#8211; durch Missbrauch von seinem Vormund, der nach 9 Jahren im Gef\u00e4ngnis verurteilt hat entgangen.<\/p>\n<p>Der Fall dieses M\u00e4dchens erlangte Bekanntheit im November letzten Jahres, als die provinzielle Gericht von Madrid Clara Erika a.a versuchte, beschuldigt, misshandelten sie, w\u00e4hrend er in der &#8220;Patera Kinderstube&#8221; zur\u00fcckgetreten war &#8211; d.h. ohne eine Lizenz zur Aus\u00fcbung dieser T\u00e4tigkeit &#8211; befindet sich in einer Wohnung in der Calle Clara Campoamor in Madrid Bezirk von Carabanchel.<\/p>\n<p>Einen Monat nach der m\u00fcndlichen Verhandlung Clara Erika <\/p>\n<p>war ein Verbrechen der schweren Verletzungen mit dem erschwerenden Umstand des Verrats f\u00fcr schuldig befunden und verurteilt zu 9 Jahren Haft und Zahlung von 800.000 Euro Entsch\u00e4digung, sondern &#8220;das System ist fehlgeschlagen&#8221;, seit wann es berichtet wurde der Satz, den die Frau bereits auf der Flucht, gegeben hatte, sagt EfE der Anwalt der Familie des OpfersAntonio Serrano.<\/p>\n<p>Anwalt erkl\u00e4rt, dass die Verurteilten, ecuadorianischer Nationalit\u00e4t fehlt und, dar\u00fcber hinaus einige waren, die beschlagnahmt werden, obwohl er glaubt getan &#8220;alles, was Sie rechtlich getan werden musste&#8221;, wenn die Beh\u00f6rden nicht nicht bezahlen f\u00fcr das, was er getan hat.<\/p>\n<p>Die Mutter des Minderj\u00e4hrigen, Celida, bolivianischen und kamen in Spanien in 2002 auf der Suche nach einem besseren Leben, kann nicht enthalten die Tr\u00e4nen Sie daran erinnern, dass am 1. M\u00e4rz 2010 gestand er in einem bekannten kannte, sah nach Kinder stundenlang zu k\u00f6nnen um einen Job als ein sauberer suchen, weil er arbeitslos wurde.<\/p>\n<p>Ende best\u00e4tigt in der Studie durch das optionale, die besuchte &#8211; aber ein paar Stunden Clara Erika rief sie, ihr zu sagen, dass wenig hatte pl\u00f6tzlich ohnm\u00e4chtig verlie\u00df sein Baby in einwandfreiem Zustand der Gesundheit, wie beil\u00e4ufig ein paar Stunden bevor er zu einer routinem\u00e4\u00dfigen \u00e4rztlichen Untersuchung &#8211; geholt hatte.<\/p>\n<p>Mutter mu\u00dfte direkt an das Krankenhaus Doce de Octubre, wo das M\u00e4dchen an der Schwelle des Todes f\u00fcr mehrere Tage von Trauma und Retinal Einheiten schwere Cr\u00e1neoencef\u00e1lico war.<\/p>\n<p>Obwohl der Angeklagte kurz danach verhaftet wurde und vierzehn Tage in Haft verbrachte, 19. M\u00e4rz der Richter verf\u00fcgte seine Kaution anh\u00e4ngigen Gerichtsverfahren weil kleine \u00fcberlebt hatten, obwohl mit 70 Prozent Behinderung.<\/p>\n<p>W\u00e4hrend der Anh\u00f6rung in der m\u00fcndlichen Madrid, Clara Erika verweigert geschlagen oder fiel auf den Boden, das M\u00e4dchen und ihr nur erkannt hatte &#8220;, so dass Sie reagieren&#8221; geschunden.<\/p>\n<p>&#8220;War noch nie in Kontakt zu wissen, wie das M\u00e4dchen war&#8221;, sagt Celida, erinnert daran, dass im Prozess die Frau sich beschr\u00e4nkte zu sagen, dass &#8220;es war, \u00fcber was ich verbrachte&#8221; und sagt, dass sie und ihr Mann heute in psychologische Behandlung zu \u00fcberwinden, die Wirklichkeit seiner Tochter weiter: &#8220;Sie kann nicht laufen, wird nicht angezeigt und m\u00f6glicherweise geistige Retardierung&#8221;.<\/p>\n<p>&#8220;Manchmal kann ich noch nicht glauben&#8221;, die Mutter mit gehauchten Stimme erkennt.<\/p>\n<p>Sein Anwalt h\u00e4lt klar Erika &#8220;direkt verantwortlich ist&#8221; der Zustand des Kindes, jetzt zweieinhalb Jahre alt, aber stattdessen ist &#8220;frei&#8221; und &#8220;er hat keinen einzigen Euro bezahlt&#8221;.<\/p>\n<p>Kleine und Eltern m\u00fcssen der f\u00fcr das Leben &#8220;finanzielle Hilfe&#8221; um es aufzurufen und kombinieren einen Auftrag mit Sorgfalt, Serrano beharrt auf Fragen der justiziellen, sozialen Beh\u00f6rden und Regierung &#8220;beteiligt&#8221; mit diesem Fall.<\/p>\n<p>&#8220;Supposed, die die Polizei seit Januar &#8211; suchen, wenn der dritte Abschnitt der Court Madrid vereinbart, Mitgliedschaft im Gef\u00e4ngnis und k\u00e4mpfte die entsprechenden Auftr\u00e4ge f\u00fcr die Sicherheitskr\u00e4fte \u2013 aber wir haben Vermutungen, die in Ihrem Land m\u00f6glicherweise&#8221; trotz seinen Pass zur\u00fcckgezogen haben, beraten H\u00f6hepunkte.<\/p>\n<p>&#8220;Alle wir bitten ist, dass die zust\u00e4ndigen Beh\u00f6rden bem\u00fchen sollte,&#8221; einmal mehr betonen, der Anwalt und die Mutter der kleinen.<\/p>\n","protected":false},"excerpt":{"rendered":"<p>Madrid, 10 M\u00e4r (EFE). &#8211; &#8220;Ich glaube an Gerechtigkeit, aber ich will Gerechtigkeit mit meiner Tochter zu tun&#8221;, sagte EfE die Mutter eines M\u00e4dchens, mit nur 6 Monaten, irreversible Verletzungen erlitten &#8211; blind und im Rollstuhl f\u00fcr Leben &#8211; durch Missbrauch von seinem Vormund, der nach 9 Jahren im Gef\u00e4ngnis verurteilt hat entgangen. Der Fall [&hellip;]<\/p>\n","protected":false},"author":1,"featured_media":0,"comment_status":"close","ping_status":"open","sticky":false,"template":"","format":"standard","meta":{"footnotes":""},"categories":[3],"tags":[],"class_list":["post-7344","post","type-post","status-publish","format-standard","hentry","category-allgemeine","et-doesnt-have-format-content","et_post_format-et-post-format-standard"],"_links":{"self":[{"href":"https:\/\/www.best-dentist-dentistry.com\/de\/wp-json\/wp\/v2\/posts\/7344","targetHints":{"allow":["GET"]}}],"collection":[{"href":"https:\/\/www.best-dentist-dentistry.com\/de\/wp-json\/wp\/v2\/posts"}],"about":[{"href":"https:\/\/www.best-dentist-dentistry.com\/de\/wp-json\/wp\/v2\/types\/post"}],"author":[{"embeddable":true,"href":"https:\/\/www.best-dentist-dentistry.com\/de\/wp-json\/wp\/v2\/users\/1"}],"replies":[{"embeddable":true,"href":"https:\/\/www.best-dentist-dentistry.com\/de\/wp-json\/wp\/v2\/comments?post=7344"}],"version-history":[{"count":0,"href":"https:\/\/www.best-dentist-dentistry.com\/de\/wp-json\/wp\/v2\/posts\/7344\/revisions"}],"wp:attachment":[{"href":"https:\/\/www.best-dentist-dentistry.com\/de\/wp-json\/wp\/v2\/media?parent=7344"}],"wp:term":[{"taxonomy":"category","embeddable":true,"href":"https:\/\/www.best-dentist-dentistry.com\/de\/wp-json\/wp\/v2\/categories?post=7344"},{"taxonomy":"post_tag","embeddable":true,"href":"https:\/\/www.best-dentist-dentistry.com\/de\/wp-json\/wp\/v2\/tags?post=7344"}],"curies":[{"name":"wp","href":"https:\/\/api.w.org\/{rel}","templated":true}]}}