{"id":7399,"date":"2012-06-05T02:25:35","date_gmt":"2012-06-05T02:25:35","guid":{"rendered":null},"modified":"-0001-11-30T00:00:00","modified_gmt":"-0001-11-30T00:00:00","slug":"the-pope-begins-his-journey-to-latin-america","status":"publish","type":"post","link":"https:\/\/www.best-dentist-dentistry.com\/de\/the-pope-begins-his-journey-to-latin-america\/7399","title":{"rendered":"the pope begins his journey to latin america"},"content":{"rendered":"<p class=\"first\"> (Reuters) &#8211; Papst <span class=\"yshortcuts\" id=\"lw_1332502866_0\"> Benedikt XVI.<\/span> Rom ging am Freitag \u00f6ffentlich unterst\u00fctzt einen <span class=\"yshortcuts\" id=\"lw_1332502866_1\"> Stick<\/span> zum ersten Mal in sein <span class=\"yshortcuts\" id=\"lw_1332502866_2\"> Pontifikat<\/span> am Anfang seiner <span class=\"yshortcuts\" id=\"lw_1332502866_3\"> Reise<\/span> nach <span class=\"yshortcuts\" id=\"lw_1332502866_4\"> Lateinamerika<\/span>, ein Beispiel f\u00fcr seine zunehmende k\u00f6rperliche <span class=\"yshortcuts\" id=\"lw_1332502866_5\"> Schw\u00e4che<\/span>.<\/p>\n<p>Der <span class=\"yshortcuts\" id=\"lw_1332502866_6\"> Pontifex<\/span>, 85 n\u00e4chsten <span class=\"yshortcuts\" id=\"lw_1332502866_7\"> Monat<\/span> ging um das Flugzeug am <span class=\"yshortcuts\" id=\"lw_1332502866_8\"> Flughafen<\/span> Fiumicino in Rom mit Hilfe von einem Stock dreht sagte mehrere Vatikan Journalisten begleitete ihn auf seiner Reise nach Kuba und Mexiko.<\/p>\n<p>Der Papst im vergangenen Jahr begann mit eine mobile Plattform nicht zu gehen von dem Altar der St. Peter&rsquo;s Basilica.<\/p>\n<p>The Vatican, sagte der Papst verwendet die Plattform um M\u00fcdigkeit und gab es keine gr\u00f6\u00dferen Bedenken \u00fcber seine Gesundheit zu vermeiden.<\/p>\n<p>Benedikt XVI will 24 Stunden bei der Ankunft in Mexiko von der Lag, im Gegensatz zu den Terminkalender seines Vorg\u00e4ngers wiederherstellen Johannes Paul II, anstatt seine Gesundheit verschlechtert sich in den letzten Jahren seines Lebens zur Ruhe.<\/p>\n<p>Der deutschen Papst war 78 Jahre alt, als er wurde gew\u00e4hlt, um das Maximum in der katholischen Kirche und hat beschlossen, eine weniger anstrengende Agenda, ihre Gesundheit zu bewahren, w\u00e4hrend Johannes Paul II. 58 zu Beginn seines Pontifikats wurde.<\/p>\n<p>Johannes Paul II, der im Jahr 2005 starb, unternahm 19 Reisen in Lateinamerika, eine Region in \u00fcberwiegend katholischen Mehrheit, das letzte von ihnen war er 82 Jahre alt.<\/p>\n<p>Weniger aktiv Benedikt XVI., im April wird im achten Jahr seines Pontifikats, seine zweite Reise nach Lateinamerika und Spanisch-sprachigen L\u00e4ndern der Region nach einem Besuch in Brasilien im Jahr 2007 die erste eingeben.<\/p>\n","protected":false},"excerpt":{"rendered":"<p>(Reuters) &#8211; Papst Benedikt XVI. Rom ging am Freitag \u00f6ffentlich unterst\u00fctzt einen Stick zum ersten Mal in sein Pontifikat am Anfang seiner Reise nach Lateinamerika, ein Beispiel f\u00fcr seine zunehmende k\u00f6rperliche Schw\u00e4che. Der Pontifex, 85 n\u00e4chsten Monat ging um das Flugzeug am Flughafen Fiumicino in Rom mit Hilfe von einem Stock dreht sagte mehrere Vatikan [&hellip;]<\/p>\n","protected":false},"author":1,"featured_media":0,"comment_status":"close","ping_status":"open","sticky":false,"template":"","format":"standard","meta":{"footnotes":""},"categories":[3],"tags":[],"class_list":["post-7399","post","type-post","status-publish","format-standard","hentry","category-allgemeine","et-doesnt-have-format-content","et_post_format-et-post-format-standard"],"_links":{"self":[{"href":"https:\/\/www.best-dentist-dentistry.com\/de\/wp-json\/wp\/v2\/posts\/7399","targetHints":{"allow":["GET"]}}],"collection":[{"href":"https:\/\/www.best-dentist-dentistry.com\/de\/wp-json\/wp\/v2\/posts"}],"about":[{"href":"https:\/\/www.best-dentist-dentistry.com\/de\/wp-json\/wp\/v2\/types\/post"}],"author":[{"embeddable":true,"href":"https:\/\/www.best-dentist-dentistry.com\/de\/wp-json\/wp\/v2\/users\/1"}],"replies":[{"embeddable":true,"href":"https:\/\/www.best-dentist-dentistry.com\/de\/wp-json\/wp\/v2\/comments?post=7399"}],"version-history":[{"count":0,"href":"https:\/\/www.best-dentist-dentistry.com\/de\/wp-json\/wp\/v2\/posts\/7399\/revisions"}],"wp:attachment":[{"href":"https:\/\/www.best-dentist-dentistry.com\/de\/wp-json\/wp\/v2\/media?parent=7399"}],"wp:term":[{"taxonomy":"category","embeddable":true,"href":"https:\/\/www.best-dentist-dentistry.com\/de\/wp-json\/wp\/v2\/categories?post=7399"},{"taxonomy":"post_tag","embeddable":true,"href":"https:\/\/www.best-dentist-dentistry.com\/de\/wp-json\/wp\/v2\/tags?post=7399"}],"curies":[{"name":"wp","href":"https:\/\/api.w.org\/{rel}","templated":true}]}}