{"id":7536,"date":"2012-06-07T02:22:18","date_gmt":"2012-06-07T02:22:18","guid":{"rendered":null},"modified":"-0001-11-30T00:00:00","modified_gmt":"-0001-11-30T00:00:00","slug":"uruguayan-government-claims-that-victims-of-nurses-are-more-without-a-doubt","status":"publish","type":"post","link":"https:\/\/www.best-dentist-dentistry.com\/de\/uruguayan-government-claims-that-victims-of-nurses-are-more-without-a-doubt\/7536","title":{"rendered":"Uruguayische Regierung behauptet, dass Opfer von Krankenschwestern und Krankenpflegern mehr &#8220;ohne Zweifel&#8221;"},"content":{"rendered":"<p class=\"first\"> Montevideo, 20 M\u00e4r (EFE).-der Minister f\u00fcr die Innenausstattung von Uruguay, Eduardo Bonomi, sagte heute, dass die Opfer von zwei Krankenschwestern aufgeladen mit der Ermordung von Patienten auf der Intensivstation von Montevideo Einheiten &#8220;ohne Zweifel&#8221; sind viele mehr als die 16 zun\u00e4chst sprach.<\/p>\n<p>&#8220;Ist keine einfache Untersuchung&#8221;, &#8220;die Arbeit bleibt der Richter ist wichtig,&#8221; weil es geglaubt wird, dass die Strafverfolgung von Krankenschwestern &#8220;umfasst mehrere Jahre&#8221;, erkl\u00e4rt dieser Dienstag Bonomi beim Radio station Radio schnitzen.<\/p>\n<p>&#8220;Was gefunden wurde mit der medizinischen Geschichte und den Tod von Menschen in relativ kurzer Zeit,&#8221;, sagte der Minister, bevor besagt, dass er nicht ausschlie\u00dfen der M\u00f6glichkeit von Verbrechen zu steigen &#8220;mehr als sieben Jahren&#8221; vor.<\/p>\n<p>Justizielle Quellen berichtet heute, Efe, dass zwar am Sonntag, bei Verh\u00f6r der Angeklagte f\u00fcnf gestand und elf jeder Morde, diese Bilder zu zeigen, &#8220;in beiden F\u00e4llen erkannte Krankenschwestern Graf verloren haben&#8221;.<\/p>\n<p>&#8220;Noch nicht \u00fcber eine genaue Zahl oder Zeitraum&#8221; hinzugef\u00fcgt Quellen sch\u00e4tzen die Zahl der Todesopfer &#8220;in mehreren Dutzend&#8221;.<\/p>\n<p>Wie von der uruguayischen Presse berichtet, Wissenschaftler von der Polizei, die Berichte von neuen Verdachtsf\u00e4llen erhalten begonnen hat, spekulieren mit mehr als 200 F\u00e4lle, obwohl jetzt es nur Vermutungen ist.<\/p>\n<p>Sind &#8220;nicht gehen zu Anzahl der F\u00e4lle oder Fristen f\u00fcr die Zeit bis zum reden haben wir alle Informationen, weil dies eine Frage als, nicht genau zu empfindlich geworden ist&#8221;, entschuldigte sich bei den Medien der Kommissar Inspektor San Angel Rosas, Koordinator von der Generaldirektion f\u00fcr das organisierte Verbrechen und Interpol.<\/p>\n<p>Genau auf eine dieser Versionen, verweist es auf eine der Schwestern gestand den Mord an eines Patienten pro Woche, Bonomi sagte to Carve &#8220;hatte die Polizei eine Figur etwas kleinere&#8221; Obwohl es versteckt auch genauer sein.<\/p>\n<p>The Minister erinnerte daran, dass &#8220;kl\u00e4ren ein Verbrechen seriell seiner Art in einem entwickelten Land dauerte 13 oder 18 Jahre&#8221; und der uruguayische Fall begann im Januar, wenn gab es eine anonyme Teil der Gesundheit Personal Beschwerde.<\/p>\n<p>Vielen Dank f\u00fcr die nachfolgenden Untersuchungen am vergangenen Freitag wurden verhaftet, j. die Krankenschwestern auf. F\u00fcr 46 Jahre und M. p. g., 39 Jahre, Arbeiter von der spanischen Vereinigung, eine gegenseitige angesehenen privaten Land und Maciel Krankenhaus, des \u00f6ffentlichen Eigentums.<\/p>\n<p>Einen Bericht des Ministeriums f\u00fcr Gesundheit im Hospital Maciel durchgef\u00fchrt und reproduziert sich heute von der Zeitung El Pa\u00eds Staaten in die Intensivstation Cardiol\u00f3gicos (UCC), wo es gab eine Zahl von Todesf\u00e4llen, dort eine scharfe Zunahme die Sterblichkeit w\u00e4hrend 2011.<\/p>\n<p>Mortalit\u00e4tsrate lagen zwischen 3 % und 4 % im Durchschnitt in den letzten f\u00fcnf Jahren, aber im letzten Jahr um 12 % erschossen.<\/p>\n<p>Neben den Krankenschwestern, die im Gef\u00e4ngnis sind, wurde eine Krankenschwester kannte einer von ihnen, obwohl das Justiz jetzt eine koordinierte Aktion ausgeschlossen durch Vertuschung verarbeitet.<\/p>\n<p>Jedoch Bonomi sprach Dienstag auf Radio schnitzen, dass es &#8220;eine Art des Wettbewerbs&#8221; unter Verbrechern war, sondern auch er sagte, dass &#8220;es viele Dinge, die nicht klar sind gibt&#8221; bei.<\/p>\n<p>Das Motiv f\u00fcr die Verbrechen, laut den Autoren war &#8220;ruhig&#8221; Opfern zu geben, obwohl das ist ein weiterer dunkler Punkt, r\u00e4umte den Minister, der im Prinzip m\u00f6gliche Zusammenh\u00e4nge zwischen dem M\u00f6rder und Mafia des Organhandels, weil die Opfer alle &#8220;\u00e4ltere Menschen&#8221; waren ausgeschlossen.<\/p>\n<p>Der Minister f\u00fcr Gesundheit, Jorge Venegas, <\/p>\n<p>erscheinen muss Donnerstag vor dem Parlament, Erkl\u00e4rungen auf die Steuerelemente im Gesundheitswesen und in den n\u00e4chsten Stunden erwartet wird der Richter des Falles, Rolando Vomero, verbreiten die Anklage des Angeklagten, die sicherlich neues Licht auf einen Prozess, die verspricht, werden lange anbieten wird. EFE<\/p>\n","protected":false},"excerpt":{"rendered":"<p>Montevideo, 20 M\u00e4r (EFE).-der Minister f\u00fcr die Innenausstattung von Uruguay, Eduardo Bonomi, sagte heute, dass die Opfer von zwei Krankenschwestern aufgeladen mit der Ermordung von Patienten auf der Intensivstation von Montevideo Einheiten &#8220;ohne Zweifel&#8221; sind viele mehr als die 16 zun\u00e4chst sprach. &#8220;Ist keine einfache Untersuchung&#8221;, &#8220;die Arbeit bleibt der Richter ist wichtig,&#8221; weil es [&hellip;]<\/p>\n","protected":false},"author":1,"featured_media":0,"comment_status":"close","ping_status":"open","sticky":false,"template":"","format":"standard","meta":{"footnotes":""},"categories":[3],"tags":[18090],"class_list":["post-7536","post","type-post","status-publish","format-standard","hentry","category-allgemeine","tag-vii-trainingstage","et-doesnt-have-format-content","et_post_format-et-post-format-standard"],"_links":{"self":[{"href":"https:\/\/www.best-dentist-dentistry.com\/de\/wp-json\/wp\/v2\/posts\/7536","targetHints":{"allow":["GET"]}}],"collection":[{"href":"https:\/\/www.best-dentist-dentistry.com\/de\/wp-json\/wp\/v2\/posts"}],"about":[{"href":"https:\/\/www.best-dentist-dentistry.com\/de\/wp-json\/wp\/v2\/types\/post"}],"author":[{"embeddable":true,"href":"https:\/\/www.best-dentist-dentistry.com\/de\/wp-json\/wp\/v2\/users\/1"}],"replies":[{"embeddable":true,"href":"https:\/\/www.best-dentist-dentistry.com\/de\/wp-json\/wp\/v2\/comments?post=7536"}],"version-history":[{"count":0,"href":"https:\/\/www.best-dentist-dentistry.com\/de\/wp-json\/wp\/v2\/posts\/7536\/revisions"}],"wp:attachment":[{"href":"https:\/\/www.best-dentist-dentistry.com\/de\/wp-json\/wp\/v2\/media?parent=7536"}],"wp:term":[{"taxonomy":"category","embeddable":true,"href":"https:\/\/www.best-dentist-dentistry.com\/de\/wp-json\/wp\/v2\/categories?post=7536"},{"taxonomy":"post_tag","embeddable":true,"href":"https:\/\/www.best-dentist-dentistry.com\/de\/wp-json\/wp\/v2\/tags?post=7536"}],"curies":[{"name":"wp","href":"https:\/\/api.w.org\/{rel}","templated":true}]}}