{"id":7621,"date":"2012-06-08T03:30:25","date_gmt":"2012-06-08T03:30:25","guid":{"rendered":null},"modified":"-0001-11-30T00:00:00","modified_gmt":"-0001-11-30T00:00:00","slug":"feafes-rewards-the-best-projects-of-research-and-integration-on-mental-health","status":"publish","type":"post","link":"https:\/\/www.best-dentist-dentistry.com\/de\/feafes-rewards-the-best-projects-of-research-and-integration-on-mental-health\/7621","title":{"rendered":"FEAFES belohnt die besten Projekte der Forschung und der Integration auf die psychische Gesundheit."},"content":{"rendered":"<p><strong>FEAFES belohnt die besten Projekte der Forschung und der Integration auf die psychische Gesundheit. <\/p>\n<p> <font   size=\"2\"> \u00d6ffnen, die Einberufung der 15. Ausgabe des Awards Jaime Albert Solana. <\/p>\n<p><\/font><\/strong> <br \/> <font   size=\"2\">-der Preis ist mit 6.000 Euro dotiert und wird zeitgleich mit der Gesundheit Welttag der psychischen, die in den Monat Oktober gefeiert wird geliefert werden <\/p>\n<p>-23 Juli endet die Frist f\u00fcr die Aufnahme von Kandidaten und sie eignen sich f\u00fcr Preise alle nat\u00fcrlichen oder juristischen Personen geh\u00f6ren FEAFES oder mit der Organisation; sowie wissenschaftlichen oder akademischen Institutionen <\/p>\n<p>-die Jury, zusammengesetzt durch psychische Gesundheit Profis und der Pr\u00e4sident des Bundes, \u00f6ffentlich machen den Fehler im September <\/p>\n<p> <strong>Madrid, Juni 2012 &#8211;<\/strong> der Spanische Konf\u00f6deration von Gruppierungen von Familien und Menschen mit psychischen Erkrankungen (FEAFES) erkennt die besten Forschungsarbeiten zur F\u00f6rderung der R\u00fcckgewinnung von Personen mit der Krankheit psychische und diese Initiativen, die ihre pers\u00f6nliche Autonomie zu f\u00f6rdern und ihre soziale Image zu verbessern. <\/p>\n<p>Diese nat\u00fcrlichen oder juristischen Personen werden unternommen, um die 15. Ausgabe des Preises Jaime Albert Solana Mitglieder des FEAFES Bundes oder mit Bezug zu es, wie auch wissenschaftlichen oder akademischen Institutionen, die Autoren der Projekte, der Forschung oder Studien, die zum Verst\u00e4ndnis der Geisteskrankheit oder der Bek\u00e4mpfung der sozialen Stigmatisierung Umgebung dieser Menschen beitragen. <\/p>\n<p>Die Auszeichnung ist eine Finanzausstattung von 6.000 Euro, die Projekte zur Verbesserung der sozialen Verst\u00e4ndnis von psychischen Erkrankungen in einer positiven Weise in die Bereiche Gesundheit, sozialen, Arbeits- oder juristische Verfolgung gew\u00e4hrt wird. Sie werden auch die M\u00f6glichkeit der Kontinuit\u00e4t oder Anwendbarkeit der vorgestellten Werke bewertet. <\/p>\n<p>Die Jury wird ihre Entscheidung im Laufe des Monats September 2012 \u00f6ffentliche Stellen und setzt sich aus renommierten Fachleuten und von Jos\u00e9 Mar\u00eda S\u00e1nchez Monge, Pr\u00e4sident der Veranstalter, die als Sekret\u00e4r beschlie\u00dft. <\/p>\n<p>Der Preis wird zeitgleich mit der Gesundheit Welttag der psychischen, die den Monat Oktober gefeiert wird geliefert. Die Grundlagen dieser Ausgabe des Award finden Sie<\/font> <font   size=\"2\"> hier<\/font> <font   size=\"2\"> und Anwendungen k\u00f6nnen premios@feafes.com per e-Mail gesendet werden. <\/p>\n<p><\/font><font size=\"2\"> <strong>FEAFES <br \/><\/strong> <br \/> die Spanische Konf\u00f6deration Gruppierungen von Familien und Menschen mit psychischen Erkrankungen (FEAFES) ist eine Organisation der Non-Profit und Zinsen, die im Jahre 1983 entstanden. Er trat 19 Verb\u00e4nde und Uniprovinciales Verb\u00e4nde, 283 Personen zusammenbringen und hat mehr als 45.000 Mitglieder und ordnet im gesamten Staatsgebiet. <\/p>\n<p><\/font><\/p>\n","protected":false},"excerpt":{"rendered":"<p>FEAFES belohnt die besten Projekte der Forschung und der Integration auf die psychische Gesundheit. \u00d6ffnen, die Einberufung der 15. Ausgabe des Awards Jaime Albert Solana. -der Preis ist mit 6.000 Euro dotiert und wird zeitgleich mit der Gesundheit Welttag der psychischen, die in den Monat Oktober gefeiert wird geliefert werden -23 Juli endet die Frist [&hellip;]<\/p>\n","protected":false},"author":1,"featured_media":0,"comment_status":"close","ping_status":"open","sticky":false,"template":"","format":"standard","meta":{"footnotes":""},"categories":[3],"tags":[18217],"class_list":["post-7621","post","type-post","status-publish","format-standard","hentry","category-allgemeine","tag-magen-reflux","et-doesnt-have-format-content","et_post_format-et-post-format-standard"],"_links":{"self":[{"href":"https:\/\/www.best-dentist-dentistry.com\/de\/wp-json\/wp\/v2\/posts\/7621","targetHints":{"allow":["GET"]}}],"collection":[{"href":"https:\/\/www.best-dentist-dentistry.com\/de\/wp-json\/wp\/v2\/posts"}],"about":[{"href":"https:\/\/www.best-dentist-dentistry.com\/de\/wp-json\/wp\/v2\/types\/post"}],"author":[{"embeddable":true,"href":"https:\/\/www.best-dentist-dentistry.com\/de\/wp-json\/wp\/v2\/users\/1"}],"replies":[{"embeddable":true,"href":"https:\/\/www.best-dentist-dentistry.com\/de\/wp-json\/wp\/v2\/comments?post=7621"}],"version-history":[{"count":0,"href":"https:\/\/www.best-dentist-dentistry.com\/de\/wp-json\/wp\/v2\/posts\/7621\/revisions"}],"wp:attachment":[{"href":"https:\/\/www.best-dentist-dentistry.com\/de\/wp-json\/wp\/v2\/media?parent=7621"}],"wp:term":[{"taxonomy":"category","embeddable":true,"href":"https:\/\/www.best-dentist-dentistry.com\/de\/wp-json\/wp\/v2\/categories?post=7621"},{"taxonomy":"post_tag","embeddable":true,"href":"https:\/\/www.best-dentist-dentistry.com\/de\/wp-json\/wp\/v2\/tags?post=7621"}],"curies":[{"name":"wp","href":"https:\/\/api.w.org\/{rel}","templated":true}]}}