{"id":7688,"date":"2012-06-09T02:39:53","date_gmt":"2012-06-09T02:39:53","guid":{"rendered":null},"modified":"-0001-11-30T00:00:00","modified_gmt":"-0001-11-30T00:00:00","slug":"doctors-and-health-employees-wary-of-morales-and-maintain-protests","status":"publish","type":"post","link":"https:\/\/www.best-dentist-dentistry.com\/de\/doctors-and-health-employees-wary-of-morales-and-maintain-protests\/7688","title":{"rendered":"\u00c4rzte und Gesundheit Mitarbeiter von Morales vorsichtig und Proteste"},"content":{"rendered":"<p class=\"first\"> <span class=\"yshortcuts\" id=\"lw_1336233620_2\"> La Paz<\/span>, 5. Mai (EFE).-die <span class=\"yshortcuts\" id=\"lw_1336233620_5\"> medizinische<\/span> und \u00f6ffentliche Gesundheit Mitarbeiter siehe die Ank\u00fcndigung des bolivianischen Pr\u00e4sidenten, Evo Morales, \u00fcber die Aussetzung des Dekrets, die sechs bis acht &#8211; Stunden-Arbeitstag, mit Misstrauen erh\u00f6ht, und erfordern Sie es endg\u00fcltig abbrechen, um den Streik zu beenden, die vor sechs Wochen begann.<\/p>\n<p>Ein Anf\u00fchrer der Konf\u00f6deration der Arbeiter in Gesundheit, Jos\u00e9 Gonz\u00e1lez, Efe sagte, dass die Aussetzung des Dekrets letzte Nacht von Morales k\u00fcndigte &#8220;ist keine Garantie&#8221;, noch ist es rechtlich durch die verlangte der Entscheidung, diese Regel zu annullieren.<\/p>\n<p>&#8220;Wird dieser Weg nicht die L\u00f6sung des Konflikts, die wir finden.&#8221; &#8220;Die Bestimmung des Bundes und der Central Obrera Boliviana (COB) ist klar: Wir fordern, dass Ma\u00dfnahmen der Druck aussetzen der Pr\u00e4sident, die v\u00f6llig das Dekret aufgehoben&#8221;, erl\u00e4utert.<\/p>\n<p>Dieser Ansatz wird durch den Pr\u00e4sidenten des Medical College von Bolivien, Alfonso Nachbarschaften, f\u00fcr wen die Ank\u00fcndigung von Morales &#8220;eine Ablenkung k\u00f6nnte&#8221; geteilt, die Streikenden entwaffnen.<\/p>\n<p>&#8220;F\u00fcr die Zeit wird nicht die Ma\u00dfnahmen der Druck da aussetzen kann gibt es Empf\u00e4nglichkeit.&#8221; &#8220;Vertrauen nicht anzeigen&#8221;, erkl\u00e4rt die Erbol Radio Nachbarschaften.<\/p>\n<p>Erinnert an den Fall von indigenen Menschen, die eine Stra\u00dfe im Naturpark, Tipnis,, die im Jahr 2011, nach einem 66-Marsch nach La Paz, Morales ablehnen, ein Gesetz zu erlassen, jedes Projekt in der Reserva Oriente, verbietet, obwohl er sp\u00e4ter bereute und auf Lebenslauf Werke besteht, verwaltet, Brasilien finanziert.<\/p>\n<p>Barrios sagte sie Aguardar\u00e1n einige offizielle Dokumente auf die Ank\u00fcndigung von Morales zu analysieren mit Abteilungen medizinische Schulen und, dass sie definieren, ob Proteste Ende.<\/p>\n<p>Sowohl die \u00c4rzte und die Gesundheit folgten der Einladung von Morales zu einem &#8220;nationalen Gipfel&#8221; im Juli, ein neues System der Gesundheit zu entwerfen, aber sie bestehen m\u00fcssen zuerst annullieren dauerhaft das Dekret, das seinen Tag erh\u00f6ht.<\/p>\n<p>Unterst\u00fctzt von Medizinstudenten und Maiskolben, die gr\u00f6\u00dften bolivianischen Gewerkschaftsorganisation, beide Gruppen sind arbeitslos seit 28. M\u00e4rz.<\/p>\n<p>Gebildet Picket Lines Hungerstreiks und f\u00fchrte t\u00e4glich Demonstrationen und Blockaden im ganzen Land, argumentiert, dass das Dekret nicht einvernehmlichen gel\u00f6st die M\u00e4ngel der Gesundheit von Bolivien, eines der \u00e4rmsten L\u00e4nder in Lateinamerika haben.<\/p>\n<p>Morales eingefahren letzte Nacht, mindestens Proteste Wort von ihrer Entscheidung \u00fcber die acht-Stunden-Arbeitstag f\u00fcr \u00c4rzte und Gesundheit, von Stra\u00dfe zu k\u00e4mpfen, die sie Arreciado und wurde in den letzten Tagen heftige.<\/p>\n<p>Am Donnerstag und Freitag Gruppen von \u00c4rzten, Gesundheits- und Medizinstudenten geschlossen Stra\u00dfen reichen von Bolivien nach Brasilien und Argentinien und stie\u00dfen mit Krawall Agenten.<\/p>\n<p>\u00c4rzte, Medizinstudenten aus Universit\u00e4ten und Kliniken Staatsbedienstete block von El Paso, am Freitag, Mai 4, bei Apacheta, El Alto (Bolivien), der Hauptstra\u00dfe des Landes, die La Paz Cochabamba und Santa Cruz East Central verbindet.  EFE<\/p>\n","protected":false},"excerpt":{"rendered":"<p>La Paz, 5. Mai (EFE).-die medizinische und \u00f6ffentliche Gesundheit Mitarbeiter siehe die Ank\u00fcndigung des bolivianischen Pr\u00e4sidenten, Evo Morales, \u00fcber die Aussetzung des Dekrets, die sechs bis acht &#8211; Stunden-Arbeitstag, mit Misstrauen erh\u00f6ht, und erfordern Sie es endg\u00fcltig abbrechen, um den Streik zu beenden, die vor sechs Wochen begann. Ein Anf\u00fchrer der Konf\u00f6deration der Arbeiter in [&hellip;]<\/p>\n","protected":false},"author":1,"featured_media":0,"comment_status":"close","ping_status":"open","sticky":false,"template":"","format":"standard","meta":{"footnotes":""},"categories":[3],"tags":[18285,18286],"class_list":["post-7688","post","type-post","status-publish","format-standard","hentry","category-allgemeine","tag-arbeitstag","tag-gesundheit-mitarbeiter","et-doesnt-have-format-content","et_post_format-et-post-format-standard"],"_links":{"self":[{"href":"https:\/\/www.best-dentist-dentistry.com\/de\/wp-json\/wp\/v2\/posts\/7688","targetHints":{"allow":["GET"]}}],"collection":[{"href":"https:\/\/www.best-dentist-dentistry.com\/de\/wp-json\/wp\/v2\/posts"}],"about":[{"href":"https:\/\/www.best-dentist-dentistry.com\/de\/wp-json\/wp\/v2\/types\/post"}],"author":[{"embeddable":true,"href":"https:\/\/www.best-dentist-dentistry.com\/de\/wp-json\/wp\/v2\/users\/1"}],"replies":[{"embeddable":true,"href":"https:\/\/www.best-dentist-dentistry.com\/de\/wp-json\/wp\/v2\/comments?post=7688"}],"version-history":[{"count":0,"href":"https:\/\/www.best-dentist-dentistry.com\/de\/wp-json\/wp\/v2\/posts\/7688\/revisions"}],"wp:attachment":[{"href":"https:\/\/www.best-dentist-dentistry.com\/de\/wp-json\/wp\/v2\/media?parent=7688"}],"wp:term":[{"taxonomy":"category","embeddable":true,"href":"https:\/\/www.best-dentist-dentistry.com\/de\/wp-json\/wp\/v2\/categories?post=7688"},{"taxonomy":"post_tag","embeddable":true,"href":"https:\/\/www.best-dentist-dentistry.com\/de\/wp-json\/wp\/v2\/tags?post=7688"}],"curies":[{"name":"wp","href":"https:\/\/api.w.org\/{rel}","templated":true}]}}