{"id":7728,"date":"2012-06-10T02:20:24","date_gmt":"2012-06-10T02:20:24","guid":{"rendered":null},"modified":"-0001-11-30T00:00:00","modified_gmt":"-0001-11-30T00:00:00","slug":"satse-regrets-to-ana-mato-take-steps-on-nurses-without-asking-their-opinion","status":"publish","type":"post","link":"https:\/\/www.best-dentist-dentistry.com\/de\/satse-regrets-to-ana-mato-take-steps-on-nurses-without-asking-their-opinion\/7728","title":{"rendered":"satse regrets to ana mato take steps on nurses without asking their opinion"},"content":{"rendered":"<p class=\"first\"> <span class=\"yshortcuts\" id=\"lw_1331645732_0\"> MADRID<\/span>, 13 (<span class=\"yshortcuts\" id=\"lw_1331645732_1\"> EUROPA PRESS<\/span>)<\/p>\n<p><span class=\"yshortcuts\" id=\"lw_1331645732_2\"> Union<\/span> <span class=\"yshortcuts\" id=\"lw_1331645732_4\"> SATSE<\/span> <span class=\"yshortcuts\" id=\"lw_1331645732_3\"> Pflege<\/span> bem\u00e4ngelte, dass der <span class=\"yshortcuts\" id=\"lw_1331645732_5\"> Minister<\/span> f\u00fcr <span class=\"yshortcuts\" id=\"lw_1331645732_6\"> Gesundheit<\/span>, <span class=\"yshortcuts\" id=\"lw_1331645732_7\"> Soziales<\/span> und <span class=\"yshortcuts\" id=\"lw_1331645732_8\"> Gleichstellung<\/span>, Ana Mato, Ma\u00dfnahmen angek\u00fcndigt hat, die diese Gruppe ohne seine Stellungnahme auf Projekte wie die Schaffung eines Systems der beruflichen Entwicklung genehmigt in Spanien, das Management der Gesundheitsberufe oder die Entwicklung einer Plattform der Innovation in diesem Sektor auswirken wird.<\/p>\n<p>Auch \u00e4rgerlich, da Mato &#8220;limit um zu erf\u00fcllen&#8221; mit Foren wie dem Beratenden Ausschuss des nationalen Gesundheitssystems, am Montag sind und welche nicht vertretenen Gewerkschaften gew\u00e4hlt von den Fachleuten an den Wahlurnen.<\/p>\n<p>Deshalb, den Generalsekret\u00e4r von SATSE, Alejandro Laguna, Mato gestellt hat, &#8220;das Gesetz erf\u00fcllt und einzuberufen, den Verhandlungen Bereich gegr\u00fcndet, um gemeinsam, die aktuelle Situation des nationalen Gesundheitssystems anzugehen und L\u00f6sungen, die Obacht f\u00fcr den B\u00fcrger zu verbessern&#8221;.<\/p>\n<p>Lagune hat die SATSE, Victor Aznar, erinnerte Pr\u00e4sident, zusammen mit dem Leiter der CEMSATSE, Patricio Martinez, einen Brief an das Ministerium geschickt hat betont, dass im Gesetz 55\/2003, der 16. Dezember, Rahmen Satzung des statut\u00e4ren Personals der Gesundheitsdienste, sieht die Entwicklung im Bereich der Verhandlungen, und erf\u00fcllenmindestens einmal im Jahr. <\/p>\n<p>Aufgrund der Einberufung des Forums der Verhandlungen seit Jahren Pflege Union Zuflucht zu Gerechtigkeit, was ihm den Grund in einem Urteil der Audiencia Nacional, am 14. April 2010.<\/p>\n<p>&#8220;SATSE Mittel f\u00fcr die Einberufung dieses Forums, die Arbeitsbedingungen des statut\u00e4ren Personals der verschiedenen Dienste der Gesundheit zu analysieren, um eine medizinische Versorgung mit h\u00f6chster Qualit\u00e4t, schnell und effektiv wie m\u00f6glich zu bieten.&#8221; &#8220;\u00c4hnlich argumentiert, dass wir, einen Zeitplan f\u00fcr die Sitzungen schaffen m\u00fcssen, einen Konsens \u00fcber Aktionen und Ma\u00dfnahmen&#8221;, behaupten.<\/p>\n","protected":false},"excerpt":{"rendered":"<p>MADRID, 13 ( EUROPA PRESS) Union SATSE Pflege bem\u00e4ngelte, dass der Minister f\u00fcr Gesundheit, Soziales und Gleichstellung, Ana Mato, Ma\u00dfnahmen angek\u00fcndigt hat, die diese Gruppe ohne seine Stellungnahme auf Projekte wie die Schaffung eines Systems der beruflichen Entwicklung genehmigt in Spanien, das Management der Gesundheitsberufe oder die Entwicklung einer Plattform der Innovation in diesem Sektor [&hellip;]<\/p>\n","protected":false},"author":1,"featured_media":0,"comment_status":"close","ping_status":"open","sticky":false,"template":"","format":"standard","meta":{"footnotes":""},"categories":[3],"tags":[18316],"class_list":["post-7728","post","type-post","status-publish","format-standard","hentry","category-allgemeine","tag-normal","et-doesnt-have-format-content","et_post_format-et-post-format-standard"],"_links":{"self":[{"href":"https:\/\/www.best-dentist-dentistry.com\/de\/wp-json\/wp\/v2\/posts\/7728","targetHints":{"allow":["GET"]}}],"collection":[{"href":"https:\/\/www.best-dentist-dentistry.com\/de\/wp-json\/wp\/v2\/posts"}],"about":[{"href":"https:\/\/www.best-dentist-dentistry.com\/de\/wp-json\/wp\/v2\/types\/post"}],"author":[{"embeddable":true,"href":"https:\/\/www.best-dentist-dentistry.com\/de\/wp-json\/wp\/v2\/users\/1"}],"replies":[{"embeddable":true,"href":"https:\/\/www.best-dentist-dentistry.com\/de\/wp-json\/wp\/v2\/comments?post=7728"}],"version-history":[{"count":0,"href":"https:\/\/www.best-dentist-dentistry.com\/de\/wp-json\/wp\/v2\/posts\/7728\/revisions"}],"wp:attachment":[{"href":"https:\/\/www.best-dentist-dentistry.com\/de\/wp-json\/wp\/v2\/media?parent=7728"}],"wp:term":[{"taxonomy":"category","embeddable":true,"href":"https:\/\/www.best-dentist-dentistry.com\/de\/wp-json\/wp\/v2\/categories?post=7728"},{"taxonomy":"post_tag","embeddable":true,"href":"https:\/\/www.best-dentist-dentistry.com\/de\/wp-json\/wp\/v2\/tags?post=7728"}],"curies":[{"name":"wp","href":"https:\/\/api.w.org\/{rel}","templated":true}]}}