{"id":7729,"date":"2012-06-10T02:20:30","date_gmt":"2012-06-10T02:20:30","guid":{"rendered":null},"modified":"-0001-11-30T00:00:00","modified_gmt":"-0001-11-30T00:00:00","slug":"history-of-fathers-day","status":"publish","type":"post","link":"https:\/\/www.best-dentist-dentistry.com\/de\/history-of-fathers-day\/7729","title":{"rendered":"history of fathers day"},"content":{"rendered":"<p class=\"first\"> <span>gibt es Termine in unserem Kalender, wir neigen dazu, leicht erinnern und feiern Sie mit besonderer Zuneigung. Vatertag ist einer von ihnen und auch einer der am meisten erwarteten des Jahres. Allerdings haben uns Sie wir gedacht wer auf die Idee kam? Und was bedeutet?<\/span><\/p>\n<p><span>Vater Tag oder das fest der St. Joseph (Vater von Jesus) entstand in USA 102 Jahren aus der Hand von <strong>Sonora Smart Dodd<\/strong>, eine Tochter stolz seines Vaters, der ihn mit Ehren wollte ein Tag in dem die Bedeutung des \u00fcbergeordneten erinnert. F\u00fcr sie, ihr Vater war als ein moderner Held, eine mutige, liebevolle und selbstlose Mann allerlei Opfer seiner Familie voranzubringen vorgenommen hatte.<\/span><\/p>\n<p><span class=\"yui-editorial-embed\"> <span class=\"yom-figure yom-fig-left\" style=\"width:610px;\"> <img decoding=\"async\" title=\"hijo\" alt=\"\" class=\"editorial\" src=\"http:\/\/www.best-dentist-dentistry.com\/best-dentist-images\/history-of-fathers-day.jpg\" width=\"610\"\/> <span class=\"legend\"> Sohn<\/span><\/span><\/span> <span class=\"yui-editorial-embed\"><\/span><\/p>\n<\/p>\n<p><span>Dodd dann begann eine Kampagne zur F\u00f6rderung der Idee der h\u00e4lt es auf den ersten Sonntag im Juni, dem Tag des Geburtstages seines Vaters. Zun\u00e4chst einige nahm ihn zum Lachen, aber seine Beharrlichkeit verwaltet seine Aufgabe. Schlie\u00dflich <strong>, der erste Vatertag wurde am 19. Juni 1910, in Spokane, Washington abgehalten.<\/strong><\/span><\/p>\n<p><span>Jahre sp\u00e4ter die Idee zu verbreiten, zu vielen St\u00e4dten und uns erreichen hei\u00dft <strong><\/strong> in 1924 <strong>Pr\u00e4sident Calvin Coolidge machte am Tag des Vaters in einem Nationalfeiertag<\/strong>.<\/span><\/p>\n","protected":false},"excerpt":{"rendered":"<p>gibt es Termine in unserem Kalender, wir neigen dazu, leicht erinnern und feiern Sie mit besonderer Zuneigung. Vatertag ist einer von ihnen und auch einer der am meisten erwarteten des Jahres. Allerdings haben uns Sie wir gedacht wer auf die Idee kam? Und was bedeutet? Vater Tag oder das fest der St. Joseph (Vater von [&hellip;]<\/p>\n","protected":false},"author":1,"featured_media":0,"comment_status":"close","ping_status":"open","sticky":false,"template":"","format":"standard","meta":{"footnotes":""},"categories":[3],"tags":[],"class_list":["post-7729","post","type-post","status-publish","format-standard","hentry","category-allgemeine","et-doesnt-have-format-content","et_post_format-et-post-format-standard"],"_links":{"self":[{"href":"https:\/\/www.best-dentist-dentistry.com\/de\/wp-json\/wp\/v2\/posts\/7729","targetHints":{"allow":["GET"]}}],"collection":[{"href":"https:\/\/www.best-dentist-dentistry.com\/de\/wp-json\/wp\/v2\/posts"}],"about":[{"href":"https:\/\/www.best-dentist-dentistry.com\/de\/wp-json\/wp\/v2\/types\/post"}],"author":[{"embeddable":true,"href":"https:\/\/www.best-dentist-dentistry.com\/de\/wp-json\/wp\/v2\/users\/1"}],"replies":[{"embeddable":true,"href":"https:\/\/www.best-dentist-dentistry.com\/de\/wp-json\/wp\/v2\/comments?post=7729"}],"version-history":[{"count":0,"href":"https:\/\/www.best-dentist-dentistry.com\/de\/wp-json\/wp\/v2\/posts\/7729\/revisions"}],"wp:attachment":[{"href":"https:\/\/www.best-dentist-dentistry.com\/de\/wp-json\/wp\/v2\/media?parent=7729"}],"wp:term":[{"taxonomy":"category","embeddable":true,"href":"https:\/\/www.best-dentist-dentistry.com\/de\/wp-json\/wp\/v2\/categories?post=7729"},{"taxonomy":"post_tag","embeddable":true,"href":"https:\/\/www.best-dentist-dentistry.com\/de\/wp-json\/wp\/v2\/tags?post=7729"}],"curies":[{"name":"wp","href":"https:\/\/api.w.org\/{rel}","templated":true}]}}