{"id":7874,"date":"2012-06-12T02:25:33","date_gmt":"2012-06-12T02:25:33","guid":{"rendered":null},"modified":"-0001-11-30T00:00:00","modified_gmt":"-0001-11-30T00:00:00","slug":"the-idis-relocate-to-ana-mato-after-easter-his-proposal-for-tax-relief-for-private-insurance","status":"publish","type":"post","link":"https:\/\/www.best-dentist-dentistry.com\/de\/the-idis-relocate-to-ana-mato-after-easter-his-proposal-for-tax-relief-for-private-insurance\/7874","title":{"rendered":"Die IDIS verlagern, Ana Mato &#8220;nach Ostern&#8221; seinen Vorschlag f\u00fcr Steuererleichterungen f\u00fcr private Versicherungen"},"content":{"rendered":"<p class=\"first\"> <span class=\"yshortcuts\" id=\"lw_1332942274_0\"> MADRID<\/span>, 28 (<span class=\"yshortcuts\" id=\"lw_1332942274_1\"> EUROPA PRESS<\/span>)<\/p>\n<p>Der <span class=\"yshortcuts\" id=\"lw_1332942274_2\"> Minister<\/span> f\u00fcr <span class=\"yshortcuts\" id=\"lw_1332942274_3\"> Gesundheit<\/span>, <span class=\"yshortcuts\" id=\"lw_1332942274_4\"> Soziales<\/span> und <span class=\"yshortcuts\" id=\"lw_1332942274_5\"> Gleichstellung<\/span>, <span class=\"yshortcuts\" id=\"lw_1332942274_6\"> Ana Mato<\/span>, wiedervereint &#8220;nach Heilige <span class=\"yshortcuts\"id=\"lw_1332942274_7\"> Woche<\/span>&#8221; mit den Verantwortlichen f\u00fcr das <span class=\"yshortcuts\" id=\"lw_1332942274_8\"> Institut<\/span> f\u00fcr die Entwicklung und Integration von Gesundheit (IDIS), die die Gelegenheit nutzen, seinen Vorschlag f\u00fcr eine Steuererleichterung f\u00fcr private Versicherung Spanien zu erh\u00f6hen.<\/p>\n<p>Dies hat angek\u00fcndigt, diesen Mittwoch den Generalsekret\u00e4r von der IDIS, Juan Abarca, w\u00e4hrend der Pr\u00e4sentation des Berichts &#39; private Gesundheit, Bereitstellung von Wert. Analyse der Situation 2012 &#39;, welche aktualisiert die Daten auf private Gesundheitsversorgung in Spanien, das zweite europ\u00e4ische Land, wo investiert mehr in private Gesundheit.<\/p>\n<p>Laut Abarca, &#8220;das private Gesundheitswesen tr\u00e4gt zum Download und die Einsparungen der \u00f6ffentlichen System,&#8221; weil &#8220;entlastet die \u00f6ffentliche Gesundheit durch die T\u00e4tigkeit von private Krankenh\u00e4user, die im Jahr 2009 aufgenommen um 1 % in den hohen, ein Anstieg von chirurgischen Eingriffen bei 2,5 % und die Notlage von 5,2 % \u00fcber 2008&#8221;, sagt.<\/p>\n<p>&#8220;<\/p>\n<p>Bedeutet auch, wie sie, Mato erkl\u00e4ren,&#8221; Einsparungen &#8220;f\u00fcr das \u00f6ffentliche spanische Gesundheitssystem kann da angesichts des Modells der Krankenversicherung private Spanien (doppelte Versicherung), die sieben Millionen von Versicherungsnehmern mit privaten Richtlinien verwendet, weniger oder gar keine der Public Health, was eine versteckte f\u00fcr die Gew\u00e4hrung \u00f6ffentlicher System betrachtet werden&#8221;, erkl\u00e4rt.<\/p>\n<p>, Sagte der Generalsekret\u00e4r von der IDIS jeder Benutzer \u00fcber eine private Krankenversicherung generiert j\u00e4hrliche Einsparungen in das \u00f6ffentliche System 1.500 Euro. Dieser Beitrag von Benutzern, die sehen k\u00f6nnen, wie eine Art &#8220;freiwillige Praxisgeb\u00fchr&#8221;, weist darauf hin, w\u00fcrde verst\u00e4rkt werden, wenn die Regierung der Steuerabzug auf die Gesundheitskosten f\u00fcr die Privatversicherungen implementieren w\u00fcrde.<\/p>\n<p>F\u00fcr Abarca, &#8220;Wenn diese Ma\u00dfnahme umgesetzt werden soll, die Anzahl der Versicherten konnte erh\u00f6ht bis zu 15 Prozent, entladen Anschluss an das \u00f6ffentliche System Ausgaben und Verwenden von Ressourcen ohne schneiden die Rechte der Patienten&#8221;.<\/p>\n<p>The IDIS gehofft, jedoch, dass die Zahl der Menschen, die private Krankenversicherung mieten steigen weiter, wie es bereits von 0,6 Prozent im dritten Quartal 2010 und die dritte in 2011, ab $ 8,78 Millionen 8,83 Millionen Versicherungsnehmer getan hat,.<\/p>\n<p>Einer der Gr\u00fcnde, so erwarten, um diese zu erh\u00f6hen Einstellung ist &#8220;Angst die Schnitte&#8221; voraussichtlich im \u00f6ffentlichen Gesundheitswesen, nach der Pr\u00e4sident von der IDIS, I\u00f1aki Muxika, der glaubt, dass gegen die m\u00f6gliche Beschr\u00e4nkung der \u00f6ffentlichen Gesundheit nutzen, wollen den B\u00fcrger um &#8220;die R\u00fccken zu decken&#8221;.<\/p>\n<p>In der Zwischenzeit geht die IDIS weiter mit der Kampagne, die f\u00fcr die Unterst\u00fctzung von Einzelpersonen, Institutionen und Firmen f\u00fcr seinen Vorschlag zur Umsetzung eines Steuerabzug an der privat Versicherten im Dezember 2011 gestartet. Bisher haben erreicht etwa 50.000 Unterschriften &#8211; 31.700 individuellen und kollektiven 20.000 &#8211; Web &#39; http:\/\/www.desgravacionfiscalsanitaria.org &#39;. <\/p>\n","protected":false},"excerpt":{"rendered":"<p>MADRID, 28 ( EUROPA PRESS) Der Minister f\u00fcr Gesundheit, Soziales und Gleichstellung, Ana Mato, wiedervereint &#8220;nach Heilige Woche&#8221; mit den Verantwortlichen f\u00fcr das Institut f\u00fcr die Entwicklung und Integration von Gesundheit (IDIS), die die Gelegenheit nutzen, seinen Vorschlag f\u00fcr eine Steuererleichterung f\u00fcr private Versicherung Spanien zu erh\u00f6hen. Dies hat angek\u00fcndigt, diesen Mittwoch den Generalsekret\u00e4r von [&hellip;]<\/p>\n","protected":false},"author":1,"featured_media":0,"comment_status":"close","ping_status":"open","sticky":false,"template":"","format":"standard","meta":{"footnotes":""},"categories":[3],"tags":[18497,18498],"class_list":["post-7874","post","type-post","status-publish","format-standard","hentry","category-allgemeine","tag-errtert","tag-steuererleichterungen","et-doesnt-have-format-content","et_post_format-et-post-format-standard"],"_links":{"self":[{"href":"https:\/\/www.best-dentist-dentistry.com\/de\/wp-json\/wp\/v2\/posts\/7874","targetHints":{"allow":["GET"]}}],"collection":[{"href":"https:\/\/www.best-dentist-dentistry.com\/de\/wp-json\/wp\/v2\/posts"}],"about":[{"href":"https:\/\/www.best-dentist-dentistry.com\/de\/wp-json\/wp\/v2\/types\/post"}],"author":[{"embeddable":true,"href":"https:\/\/www.best-dentist-dentistry.com\/de\/wp-json\/wp\/v2\/users\/1"}],"replies":[{"embeddable":true,"href":"https:\/\/www.best-dentist-dentistry.com\/de\/wp-json\/wp\/v2\/comments?post=7874"}],"version-history":[{"count":0,"href":"https:\/\/www.best-dentist-dentistry.com\/de\/wp-json\/wp\/v2\/posts\/7874\/revisions"}],"wp:attachment":[{"href":"https:\/\/www.best-dentist-dentistry.com\/de\/wp-json\/wp\/v2\/media?parent=7874"}],"wp:term":[{"taxonomy":"category","embeddable":true,"href":"https:\/\/www.best-dentist-dentistry.com\/de\/wp-json\/wp\/v2\/categories?post=7874"},{"taxonomy":"post_tag","embeddable":true,"href":"https:\/\/www.best-dentist-dentistry.com\/de\/wp-json\/wp\/v2\/tags?post=7874"}],"curies":[{"name":"wp","href":"https:\/\/api.w.org\/{rel}","templated":true}]}}