{"id":7916,"date":"2012-06-12T02:33:45","date_gmt":"2012-06-12T02:33:45","guid":{"rendered":null},"modified":"-0001-11-30T00:00:00","modified_gmt":"-0001-11-30T00:00:00","slug":"the-senator-who-asked-to-tell-the-truth-after-elections-says-it-was-wrong","status":"publish","type":"post","link":"https:\/\/www.best-dentist-dentistry.com\/de\/the-senator-who-asked-to-tell-the-truth-after-elections-says-it-was-wrong\/7916","title":{"rendered":"Der Senator, aufgefordert, die Wahrheit zu sagen, nach Wahlen sagt es, war falsch"},"content":{"rendered":"<p class=\"first\"> Madrid, 16 Apr (EFE).-<span class=\"yshortcuts\" id=\"lw_1334606214_3\"> der PP-Sprecher<\/span> im Ausschuss f\u00fcr <span class=\"yshortcuts\" id=\"lw_1334606214_2\"> Gesundheit des Senats<\/span>, <span class=\"yshortcuts\" id=\"lw_1334606214_0\"> Jes\u00fas Aguirre<\/span>, hat zugegeben, dass heute Morgen hat es &#8220;b\u00f6se&#8221; verweisen auf die Nachhaltigkeit des Gesundheitssystems Spanisch weil ich nie sagen w\u00fcrde, dass seine Partei im Wahlkampf liegt wenn &#8220;immer versuchen gegen\u00fcber&#8221;.<\/p>\n<p>Aguirre wurde heute Morgen der &#8220;Utopie&#8221; beschrieben die Grunds\u00e4tze des spanischen Gesundheitssystems der &#8220;Universalit\u00e4t, Eigenkapital, frei und Solidarit\u00e4t&#8221;, nach besagt, dass &#8220;jetzt sind wir nicht Wahlkampf es Zeit ist zu sagen, was sie wirklich denken&#8221;.<\/p>\n<p>The Senator diese Erkl\u00e4rungen in ein paar Tagen Debatte \u00fcber die M\u00e4ngel des Gesundheitssystems, die gesagt hat, dass &#8220;nach den Parlamentswahlen und die andalusischen Politiker \u00fcberwinden sollte sagen was sie wirklich wenn auch politisch unkorrekt denken&#8221;.<\/p>\n<p>Aguirre hat fasste heute Morgen all dies &#8220;in drei Worten: Es gibt kein Geld&#8221;, durch, die seiner Meinung nach, d.h. &#8220;lie&#8221; um zu sein, die h\u00f6chste Qualit\u00e4t zu &#8220;halten&#8221; Wann ist es notwendig, &#8220;weniger ausgeben&#8221;.<\/p>\n<p>Heute Nachmittag in Anweisungen zu Efe, Senator hat anerkannt, dass &#8220;b\u00f6se&#8221; erkl\u00e4rt, dass es auf, nachdem die Wahlkampagnen der General und der andalusischen verweisen wollte, &#8220;es war Zeit, um die Wahrheit von den Konten der autonomen Gemeinschaften mit dem geeigneten Ma\u00dfnahmen f\u00fcr die Nachhaltigkeit des Gesundheitssystems&#8221;.<\/p>\n<p>&#8220;Das Konzept war;&#8221; nicht das wir im Wahlkampf gelogen. &#8220;Was ich m\u00f6chte bitten, und ich sagte auch auch im Wahlkampf, ist, dass wir die Wahrheit \u00fcber die wirtschaftliche Realit\u00e4t in allen autonomen Gemeinschaften zur Umsetzung der Korrekturma\u00dfnahmen wissen m\u00fcssen&#8221;, hat das Senator betonte.<\/p>\n<p>Jes\u00fas Aguirre hat betont, dass die PP &#8220;nicht an der Bev\u00f6lkerung im Wahlkampf liegt&#8221; und daf\u00fcr, dass gesorgt hat wenn er gesagt hatte, dass &#8220;es politischer Selbstmord w\u00e4re&#8221;.<\/p>\n<p>&#8220;Vielleicht bin ich falsch, es zu sagen, vielleicht sie rollte mir die Sprache, aber in meinem schreiben, was ich meine ist, dass es vorbei an der Zeit, einmal die Wahlen, ist, dass die wirtschaftliche Realit\u00e4t, die wir wissen, dass um Korrekturma\u00dfnahmen mit Hinblick auf die Nachhaltigkeit des Gesundheitssystems zu setzen&#8221;, betroffen hat.<\/p>\n<p>Ist, dass, entsprechend der Senator, der Zweifel aus wirtschaftlicher Sicht, dass das Defizit der Gesundheit auf der Ebene der autonomen Gemeinschaften 15.000 ist oder 20.000 Millionen Euro und die Notwendigkeit zu wissen, wie ist gesagt worden, um geeignete Ma\u00dfnahmen ergreifen.<\/p>\n","protected":false},"excerpt":{"rendered":"<p>Madrid, 16 Apr (EFE).- der PP-Sprecher im Ausschuss f\u00fcr Gesundheit des Senats, Jes\u00fas Aguirre, hat zugegeben, dass heute Morgen hat es &#8220;b\u00f6se&#8221; verweisen auf die Nachhaltigkeit des Gesundheitssystems Spanisch weil ich nie sagen w\u00fcrde, dass seine Partei im Wahlkampf liegt wenn &#8220;immer versuchen gegen\u00fcber&#8221;. Aguirre wurde heute Morgen der &#8220;Utopie&#8221; beschrieben die Grunds\u00e4tze des spanischen [&hellip;]<\/p>\n","protected":false},"author":1,"featured_media":0,"comment_status":"close","ping_status":"open","sticky":false,"template":"","format":"standard","meta":{"footnotes":""},"categories":[3],"tags":[18529,18528],"class_list":["post-7916","post","type-post","status-publish","format-standard","hentry","category-allgemeine","tag-aufgefordert","tag-hunderte","et-doesnt-have-format-content","et_post_format-et-post-format-standard"],"_links":{"self":[{"href":"https:\/\/www.best-dentist-dentistry.com\/de\/wp-json\/wp\/v2\/posts\/7916","targetHints":{"allow":["GET"]}}],"collection":[{"href":"https:\/\/www.best-dentist-dentistry.com\/de\/wp-json\/wp\/v2\/posts"}],"about":[{"href":"https:\/\/www.best-dentist-dentistry.com\/de\/wp-json\/wp\/v2\/types\/post"}],"author":[{"embeddable":true,"href":"https:\/\/www.best-dentist-dentistry.com\/de\/wp-json\/wp\/v2\/users\/1"}],"replies":[{"embeddable":true,"href":"https:\/\/www.best-dentist-dentistry.com\/de\/wp-json\/wp\/v2\/comments?post=7916"}],"version-history":[{"count":0,"href":"https:\/\/www.best-dentist-dentistry.com\/de\/wp-json\/wp\/v2\/posts\/7916\/revisions"}],"wp:attachment":[{"href":"https:\/\/www.best-dentist-dentistry.com\/de\/wp-json\/wp\/v2\/media?parent=7916"}],"wp:term":[{"taxonomy":"category","embeddable":true,"href":"https:\/\/www.best-dentist-dentistry.com\/de\/wp-json\/wp\/v2\/categories?post=7916"},{"taxonomy":"post_tag","embeddable":true,"href":"https:\/\/www.best-dentist-dentistry.com\/de\/wp-json\/wp\/v2\/tags?post=7916"}],"curies":[{"name":"wp","href":"https:\/\/api.w.org\/{rel}","templated":true}]}}