{"id":7918,"date":"2012-06-12T02:34:02","date_gmt":"2012-06-12T02:34:02","guid":{"rendered":null},"modified":"-0001-11-30T00:00:00","modified_gmt":"-0001-11-30T00:00:00","slug":"the-conference-of-fao-in-baku-will-face-the-issue-of-obesity-in-europe","status":"publish","type":"post","link":"https:\/\/www.best-dentist-dentistry.com\/de\/the-conference-of-fao-in-baku-will-face-the-issue-of-obesity-in-europe\/7918","title":{"rendered":"Die Konferenz der FAO in Baku wird sich das Problem der Fettleibigkeit in Europa"},"content":{"rendered":"<p class=\"first\"> Rom, 17 Apr (EFE).-Ministern und hohen europ\u00e4ischen Beamten treffen sich am 28. regionale Konferenz der FAO f\u00fcr Europa die n\u00e4chsten 19 und 20. April in Baku (Aserbaidschan), zur Bew\u00e4ltigung der Probleme der Nahrung und in diesen L\u00e4ndern sind insbesondere im Zusammenhang mit Ern\u00e4hrung und Adipositas erh\u00f6hen.<\/p>\n<p>Bei der Konferenz der Organisation der Vereinten Nationen f\u00fcr Ern\u00e4hrung und Landwirtschaft (FAO) f\u00fcr Europa und Zentralasien, die alle zwei Jahre stattfindet, werden diskutierten Fragen der Ern\u00e4hrungssicherung, Landwirtschaft, Fischerei und W\u00e4lder, die Agentur heute berichtet.<\/p>\n<p>La FAO ist sehr aktiv gegen den Hunger in der Welt, aber in diesen L\u00e4ndern &#8220;\u00c4nderungen in der Produktion und Essgewohnheiten Unterern\u00e4hrung nicht beunruhigend machen&#8221; was das Thema sein wird, &#8220;die ern\u00e4hrungsbedingten Krankheiten erscheinen als ein Problem der \u00f6ffentlichen Gesundheit&#8221;, zeigt eine Notiz des Organismus an.<\/p>\n<p>&#8220;Zu Adresse andere Themen geh\u00f6ren die Art und Weise dr\u00e4ngen der Ertrag von Getreide in Osteuropa und die \u00f6kologische Nachhaltigkeit der Landwirtschaft-bezogenen,&#8221; f\u00fcgt FAO.<\/p>\n<p>Erkl\u00e4rte in einem der Dokumente der FAO werden analysiert, wie die Entwicklung in den kommenden Jahren in Europa die &#8220;Verringerung der Verbrauch an Getreide f\u00fcr einen h\u00f6heren Verbrauch von Fleisch und Milchprodukten&#8221; ist.<\/p>\n<p>&#8220;Diese \u00c4nderung der Nahrung, vereint mit dem bereits hohen Niveau der di\u00e4tetischen Energieversorgung, wachsen die Pr\u00e4valenz von \u00dcbergewicht und Adipositas und folglich die ern\u00e4hrungsbedingter Krankheiten&#8221;, f\u00fcgt das Dokument.<\/p>\n<p>Projektionen der Preise von Fettleibigkeit in 2030 und 2050, gem\u00e4\u00df dem Dokument &#8220;schlagen vor, da\u00df die Determinanten der Risiko erh\u00f6ht Preise der Sterblichkeit durch nicht \u00fcbertragbare Krankheiten in den \u00e4rmsten L\u00e4ndern auf ein Niveau noch nie gesehen heute in den L\u00e4ndern der Europ\u00e4ischen Union (EU) belaufen werden.<\/p>\n<p>&#8220;<\/p>\n<p>\u00d6ffnet die Konferenz mit der Intervention von dem Generaldirektor der FAO, Jos\u00e9 Graziano da Silva. EFE<\/p>\n","protected":false},"excerpt":{"rendered":"<p>Rom, 17 Apr (EFE).-Ministern und hohen europ\u00e4ischen Beamten treffen sich am 28. regionale Konferenz der FAO f\u00fcr Europa die n\u00e4chsten 19 und 20. April in Baku (Aserbaidschan), zur Bew\u00e4ltigung der Probleme der Nahrung und in diesen L\u00e4ndern sind insbesondere im Zusammenhang mit Ern\u00e4hrung und Adipositas erh\u00f6hen. Bei der Konferenz der Organisation der Vereinten Nationen f\u00fcr [&hellip;]<\/p>\n","protected":false},"author":1,"featured_media":0,"comment_status":"close","ping_status":"open","sticky":false,"template":"","format":"standard","meta":{"footnotes":""},"categories":[3],"tags":[18531,18530],"class_list":["post-7918","post","type-post","status-publish","format-standard","hentry","category-allgemeine","tag-baku","tag-finde","et-doesnt-have-format-content","et_post_format-et-post-format-standard"],"_links":{"self":[{"href":"https:\/\/www.best-dentist-dentistry.com\/de\/wp-json\/wp\/v2\/posts\/7918","targetHints":{"allow":["GET"]}}],"collection":[{"href":"https:\/\/www.best-dentist-dentistry.com\/de\/wp-json\/wp\/v2\/posts"}],"about":[{"href":"https:\/\/www.best-dentist-dentistry.com\/de\/wp-json\/wp\/v2\/types\/post"}],"author":[{"embeddable":true,"href":"https:\/\/www.best-dentist-dentistry.com\/de\/wp-json\/wp\/v2\/users\/1"}],"replies":[{"embeddable":true,"href":"https:\/\/www.best-dentist-dentistry.com\/de\/wp-json\/wp\/v2\/comments?post=7918"}],"version-history":[{"count":0,"href":"https:\/\/www.best-dentist-dentistry.com\/de\/wp-json\/wp\/v2\/posts\/7918\/revisions"}],"wp:attachment":[{"href":"https:\/\/www.best-dentist-dentistry.com\/de\/wp-json\/wp\/v2\/media?parent=7918"}],"wp:term":[{"taxonomy":"category","embeddable":true,"href":"https:\/\/www.best-dentist-dentistry.com\/de\/wp-json\/wp\/v2\/categories?post=7918"},{"taxonomy":"post_tag","embeddable":true,"href":"https:\/\/www.best-dentist-dentistry.com\/de\/wp-json\/wp\/v2\/tags?post=7918"}],"curies":[{"name":"wp","href":"https:\/\/api.w.org\/{rel}","templated":true}]}}