{"id":7930,"date":"2012-06-12T02:40:04","date_gmt":"2012-06-12T02:40:04","guid":{"rendered":null},"modified":"-0001-11-30T00:00:00","modified_gmt":"-0001-11-30T00:00:00","slug":"the-psoe-accuses-mato-desecrate-the-sns-with-their-cuts-and-return-to-the-franco-era","status":"publish","type":"post","link":"https:\/\/www.best-dentist-dentistry.com\/de\/the-psoe-accuses-mato-desecrate-the-sns-with-their-cuts-and-return-to-the-franco-era\/7930","title":{"rendered":"Die PSOE wirft Mato &#8220;Der SNS mit ihren Schnitten und R\u00fcckkehr in die&#8221;Franco \u00c4ra&#8221;entweihen&#8221;"},"content":{"rendered":"<p class=\"first\"> MADRID, 8 (EUROPA PRESS)<\/p>\n<p>Der Sozialistischen Fraktion im Senat hat am Dienstag im Haus eine Reihe von Fragen an den Minister f\u00fcr Gesundheit, Soziales und Gleichstellung, Ana Mato ver\u00f6ffentlicht, die Auswirkungen werden K\u00fcrzungen im Gesundheitswesen unter den B\u00fcrgern, beschuldigen sie, dass &#8220;entweiht&#8221; \u00f6ffentliche Gesundheit und nehmen sie zur\u00fcck zu &#8220;Franco mal&#8221;.<\/p>\n<p>So es der Senator Mar\u00eda Victoria Chivite zugesichert hat, die &#8220;R\u00fcckseite des Riesen&#8221; \u00c4nderung eines Systems katalogisiert hat auf der Grundlage von Universalit\u00e4t, ein Qualit\u00e4tssicherungssystem, das seiner Meinung nach ohne Gesundheitsversorgung zu einigen spanischen B\u00fcrger als junge Menschen aus \u00fcber 26 Jahre l\u00e4sst, die ihre erste Arbeitsstelle nicht zugestimmt haben oder Frauen, die nicht gearbeitet haben getrennt.<\/p>\n<p>&#8220;Sind diejenigen, die nicht zur Sozialversicherung, nicht beigetragen haben klar zu zeigen, haben keine Ressourcen, wenn es die Armen Feierlichkeit Karte in der Franco-\u00c4ra, sein wird, als ob Liebe es sein wird, werden sie au\u00dferhalb des Healthcare behandelt werden&#8221;, lambasting.<\/p>\n<p>Auch hat auch beschuldigte Mato &#8220;nehmen eine sehr schmutzige Debatte&#8221; in &#8220;die Schuld der Einwanderer aus das schlechte Funktionieren der \u00f6ffentlichen Dienste&#8221;, eingedenk dessen, dass universelle des nationalen Systems der Gesundheit (SNS) &#8220;beneidet&#8221; wurde die &#8220;wollen nun zu beenden&#8221;.<\/p>\n<p>Dieser Senator, sowie auch sozialistische Rachel Andrew, haben kritisiert, dass sie sind K\u00fcrzungen im Gesundheitswesen und in der gleichen Zeit, ank\u00fcndigte, dass er mit \u00f6ffentlichen Geldern zu einige finanziellen Unternehmen retten wird.<\/p>\n<p>Haben <\/p>\n<p>&#8220;Detra\u00eddo 7 Milliarden der \u00f6ffentlichen Gesundheit, um speichern?&#8221; &#8220;Nein, diese \u00dcbergabe an Bankia wo sie den Sprung von Finanzen gestern platziert hatten erschien bei Beine&#8221;, verpr\u00fcgelnd Andrew, den Besitzer der Gesundheit gebeten hat, die Schnitte &#8220;ohne Bewertung der wirtschaftlichen Auswirkungen, die darstellen k\u00f6nnen&#8221; gestartet hat.<\/p>\n<p>Dar\u00fcber hinaus diese Senator hat gewarnt Mato Ma\u00dfnahmen sind &#8220;vorzeigbar f\u00fcr jeder Politiker mit einem Minimum an Berufung des \u00f6ffentlichen Dienstes und noch mehr f\u00fcr alle katholischen Politiker, dessen Aktionen mit christlichen Werten impr\u00e4gniert werden sollte&#8221;.<\/p>\n<p>&#8220;Erinnert Sie der Hilfe f\u00fcr die schwachen und die Kranken zu heilen.&#8221; &#8220;Heilung, nicht geladen,&#8221; hat Espetado, beschuldigen die Regierung &#8220;entweihen das aktuelle Modell des Gesundheitssystems&#8221;.<\/p>\n<p>F\u00fcr seinen Teil, der Minister hat die Sozialisten von &#8220;Miss the Truth&#8221; angeklagt und hat darauf bestanden, dass &#8220;alle Personen, die eine hygienische Beschaffenheit, freie und \u00f6ffentliche Versorgung haben werden&#8221;.<\/p>\n<p>In diesem Zusammenhang hat die Mato bestand darauf, dass die mehr als 26 Jahren, die nicht auch funktionieren wird abgedeckt werden, &#8220;Was passiert, ist bevor sie Nutznie\u00dfer der Eltern waren und jetzt von ihr eigenes Recht auf Gesundheitsversorgung werden&#8221;.<\/p>\n<p>Auch verteidigt hat, die pharmazeutische Selbstbeteiligung und den Fortschritt, dass 89 Prozent der \u00e4lteren Menschen eine maximal 8 Euro pro Monat, w\u00e4hrend nur 3 Prozent mehr als 18 Euro bezahlen wird.<\/p>\n","protected":false},"excerpt":{"rendered":"<p>MADRID, 8 (EUROPA PRESS) Der Sozialistischen Fraktion im Senat hat am Dienstag im Haus eine Reihe von Fragen an den Minister f\u00fcr Gesundheit, Soziales und Gleichstellung, Ana Mato ver\u00f6ffentlicht, die Auswirkungen werden K\u00fcrzungen im Gesundheitswesen unter den B\u00fcrgern, beschuldigen sie, dass &#8220;entweiht&#8221; \u00f6ffentliche Gesundheit und nehmen sie zur\u00fcck zu &#8220;Franco mal&#8221;. So es der Senator [&hellip;]<\/p>\n","protected":false},"author":1,"featured_media":0,"comment_status":"close","ping_status":"open","sticky":false,"template":"","format":"standard","meta":{"footnotes":""},"categories":[3],"tags":[18548,18547],"class_list":["post-7930","post","type-post","status-publish","format-standard","hentry","category-allgemeine","tag-schnitten","tag-verzichtet","et-doesnt-have-format-content","et_post_format-et-post-format-standard"],"_links":{"self":[{"href":"https:\/\/www.best-dentist-dentistry.com\/de\/wp-json\/wp\/v2\/posts\/7930","targetHints":{"allow":["GET"]}}],"collection":[{"href":"https:\/\/www.best-dentist-dentistry.com\/de\/wp-json\/wp\/v2\/posts"}],"about":[{"href":"https:\/\/www.best-dentist-dentistry.com\/de\/wp-json\/wp\/v2\/types\/post"}],"author":[{"embeddable":true,"href":"https:\/\/www.best-dentist-dentistry.com\/de\/wp-json\/wp\/v2\/users\/1"}],"replies":[{"embeddable":true,"href":"https:\/\/www.best-dentist-dentistry.com\/de\/wp-json\/wp\/v2\/comments?post=7930"}],"version-history":[{"count":0,"href":"https:\/\/www.best-dentist-dentistry.com\/de\/wp-json\/wp\/v2\/posts\/7930\/revisions"}],"wp:attachment":[{"href":"https:\/\/www.best-dentist-dentistry.com\/de\/wp-json\/wp\/v2\/media?parent=7930"}],"wp:term":[{"taxonomy":"category","embeddable":true,"href":"https:\/\/www.best-dentist-dentistry.com\/de\/wp-json\/wp\/v2\/categories?post=7930"},{"taxonomy":"post_tag","embeddable":true,"href":"https:\/\/www.best-dentist-dentistry.com\/de\/wp-json\/wp\/v2\/tags?post=7930"}],"curies":[{"name":"wp","href":"https:\/\/api.w.org\/{rel}","templated":true}]}}