{"id":7942,"date":"2012-06-12T03:29:13","date_gmt":"2012-06-12T03:29:13","guid":{"rendered":null},"modified":"-0001-11-30T00:00:00","modified_gmt":"-0001-11-30T00:00:00","slug":"the-comlr-has-celebrated-the-day-of-medical-worker","status":"publish","type":"post","link":"https:\/\/www.best-dentist-dentistry.com\/de\/the-comlr-has-celebrated-the-day-of-medical-worker\/7942","title":{"rendered":"Die COMLR hat den Tag der medizinische Arbeiter gefeiert."},"content":{"rendered":"<p class=\"MsoNormal\" style=\"FONT-WEIGHT: bold\"> <font size=\"3\"> die COMLR feierte den Tag der medizinische Arbeiter<\/font><\/p>\n<p class=\"MsoNormal\">\n<p class=\"MsoNormal\"> <font size=\"2\"> <span style=\"FONT-WEIGHT: bold\"> Logro\u00f1o, 2012-Juni<\/span> die offizielle Gesellschaft der \u00c4rzte der Rioja hat organisiert die  Tag des medizinischen Arbeitnehmers &#8221;, ihre Arbeit zu ver\u00f6ffentlichen La Rioja \u00c4rzte au\u00dferhalb unseres Landes, wie auch ihre Projekte, durch eine Ausstellung der Programme, die die Gemeinschaft-\u00c4rzte in den verschiedenen o.n. durchgef\u00fchrt(G) f\u00fcr die Zusammenarbeit.<\/font><\/p>\n<p class=\"MsoNormal\"> <font   size=\"2\"> das Ereignis, von dem Pr\u00e4sidenten des COLMLR, DRA er\u00f6ffnet. Mar\u00eda Inmaculada Mart\u00ednez Tower und moderiert von Dr. Javier Pinilla Moraza, Mitglied des Board of Directors fand in das Geb\u00e4ude selbst, wo medizinische Arbeiter, geh\u00f6ren zum Netzwerk der Schulen \u00c4rzte Solidarios (www.fundacionrcoms.com), mit Auditorium Projekte durchgef\u00fchrt durch O.N.G gemeinsam, mit denen sie zusammenarbeiten. Jede optionale stellte die Arbeit der NRO, deren Zwecke sind direkt im Zusammenhang mit der Gesundheit und der Schutz der Gesundheit, Entwicklungszusammenarbeit, soziale Ma\u00dfnahmen und die F\u00f6rderung von Freiwilligenarbeit, mit dem festen Ziel der Verbesserung der Lebensbedingungen der Bev\u00f6lkerung der Entwicklungsl\u00e4nder, Projekte.<\/font><\/p>\n<p class=\"MsoNormal\"> <font   size=\"2\"> Angeh\u00f6rigen der Gesundheitsberufe, die inszeniert den Tag geh\u00f6ren verschiedene Spezialit\u00e4ten und in den verschiedenen L\u00e4ndern t\u00e4tigen NRO so erh\u00f6hen Probleme aller Art, zu das Gesetz umfassendere zugeschrieben werden.<\/font><\/p>\n<p class=\"MsoNormal\" style=\"FONT-WEIGHT: bold\"> <font   size=\"2\"> medizinische Solidarit\u00e4tsprogramm<\/font><\/p>\n<p class=\"MsoNormal\"> <font   size=\"2\"> in diesem Sinne die Veranstaltung vorgestellten Praktiker das Spezialgebiet der Augenheilkunde (DRA.) (Pfeiler Abarzuza, Dr. Manuel Benito und Dr. Enrique Rodr\u00edguez Rocandio), Gyn\u00e4kologie (DRA.) Roc\u00edo Benito), P\u00e4diatrie (DRA.) M\u00aa Carmen Kitts und DRA. Liebe Garijo), Allgemeine Chirurgie (DRA.) (White Squire), Krankenhaus-Notaufnahme (DRA.) Cristina Fla\u00f1o Bezunartea), Urologie (Dr. Daniel Pascual), Innere Medizin (Dr. Javier Pinilla), Allgemeinmedizin (DRA.) (Stella Quintana), Aparato Digestivo (Dr. Joaqu\u00edn Yang\u00fcela).<\/font><\/p>\n<p><span style=\"FONT-SIZE: 12pt;\"> <font size=\"2\"> <span>Dank das Zeugnis der oben genannten optional, der Tag der medizinische Arbeiter wurden vorgestellt, die Realit\u00e4ten der folgenden NRO: Ilumin\u00e1frica, rotes Kreuz, \u00c4rzte Mundi Anidan Lamu Kenia DOA (Denok Osasunaren Alde), Cohen Anacaona, Nicaragua-Stiftung, \u00c4rzte der Welt\/SF, vision Mundi.<\/span> <\/p>\n<p><\/font><\/span><\/p>\n","protected":false},"excerpt":{"rendered":"<p>die COMLR feierte den Tag der medizinische Arbeiter Logro\u00f1o, 2012-Juni die offizielle Gesellschaft der \u00c4rzte der Rioja hat organisiert die Tag des medizinischen Arbeitnehmers &#8221;, ihre Arbeit zu ver\u00f6ffentlichen La Rioja \u00c4rzte au\u00dferhalb unseres Landes, wie auch ihre Projekte, durch eine Ausstellung der Programme, die die Gemeinschaft-\u00c4rzte in den verschiedenen o.n. durchgef\u00fchrt(G) f\u00fcr die Zusammenarbeit. [&hellip;]<\/p>\n","protected":false},"author":1,"featured_media":0,"comment_status":"close","ping_status":"open","sticky":false,"template":"","format":"standard","meta":{"footnotes":""},"categories":[3],"tags":[18569,18568,18567],"class_list":["post-7942","post","type-post","status-publish","format-standard","hentry","category-allgemeine","tag-arbeiter","tag-comlr","tag-gesundheitszentrums","et-doesnt-have-format-content","et_post_format-et-post-format-standard"],"_links":{"self":[{"href":"https:\/\/www.best-dentist-dentistry.com\/de\/wp-json\/wp\/v2\/posts\/7942","targetHints":{"allow":["GET"]}}],"collection":[{"href":"https:\/\/www.best-dentist-dentistry.com\/de\/wp-json\/wp\/v2\/posts"}],"about":[{"href":"https:\/\/www.best-dentist-dentistry.com\/de\/wp-json\/wp\/v2\/types\/post"}],"author":[{"embeddable":true,"href":"https:\/\/www.best-dentist-dentistry.com\/de\/wp-json\/wp\/v2\/users\/1"}],"replies":[{"embeddable":true,"href":"https:\/\/www.best-dentist-dentistry.com\/de\/wp-json\/wp\/v2\/comments?post=7942"}],"version-history":[{"count":0,"href":"https:\/\/www.best-dentist-dentistry.com\/de\/wp-json\/wp\/v2\/posts\/7942\/revisions"}],"wp:attachment":[{"href":"https:\/\/www.best-dentist-dentistry.com\/de\/wp-json\/wp\/v2\/media?parent=7942"}],"wp:term":[{"taxonomy":"category","embeddable":true,"href":"https:\/\/www.best-dentist-dentistry.com\/de\/wp-json\/wp\/v2\/categories?post=7942"},{"taxonomy":"post_tag","embeddable":true,"href":"https:\/\/www.best-dentist-dentistry.com\/de\/wp-json\/wp\/v2\/tags?post=7942"}],"curies":[{"name":"wp","href":"https:\/\/api.w.org\/{rel}","templated":true}]}}