{"id":8011,"date":"2012-06-14T02:29:50","date_gmt":"2012-06-14T02:29:50","guid":{"rendered":null},"modified":"-0001-11-30T00:00:00","modified_gmt":"-0001-11-30T00:00:00","slug":"sanz-stresses-that-that-there-will-be-no-health-care-co-payment-in-and-said-to-be-satisfied-with-investment-of-the-gea","status":"publish","type":"post","link":"https:\/\/www.best-dentist-dentistry.com\/de\/sanz-stresses-that-that-there-will-be-no-health-care-co-payment-in-and-said-to-be-satisfied-with-investment-of-the-gea\/8011","title":{"rendered":"Sanz betont, dass keine &#8220;health care&#8221;Selbstbeteiligung es wird in und gesagt, dass &#8220;zufrieden&#8221; mit Investitionen der GEA"},"content":{"rendered":"<p class=\"first\"> LOGRO\u00d1O, 12 (EUROPA PRESS)<\/p>\n<p>Der Pr\u00e4sident der Regierung von La Rioja, Pedro Sanz, hat heute Nachmittag, voll von La Rioja Parlament darauf bestanden, wo in La Rioja es wird keine &#8220;health care Selbstbeteiligung&#8221;. Auch mit den allgemeinen Budgets des Staates 2012 f\u00fcr die Region &#8220;erf\u00fcllt&#8221;, sagte, weil &#8220;bleiben Investitionsprojekte und generieren neue Projekte Qualit\u00e4t&#8221;.<\/p>\n<p>Die Spitze der Exekutive aus reagierte auf diese Weise zwei Fragen, die von der Sozialistischen Fraktion. Die erste von ihnen, der Stellvertreter der PSOE, Jos\u00e9 \u00c1ngel Lacalzada, soll die Beurteilung zu treffen, die die Regierung von der Staatshaushalt auf der Ebene der Autonomen Gemeinschaft La Rioja Rioja gemacht; und die zweite, ausgel\u00f6st durch die parlamentarischen Pablo Rubio, wollte die Auswirkungen kennen, die in &#8220;Reformpaket&#8221; angek\u00fcndigt, von der Regierung der Nation in der Bildung und des Gesundheitsschutzes der Autonomen Gemeinschaft La Rioja La Rioja h\u00e4tte.<\/p>\n<p>Im letzteren Fall, Sanz hat sichergestellt, dass &#8220;Ma\u00dfnahmen nicht den Verlust der Dienstleistungen von Qualit\u00e4t in La Rioja auswirkt&#8221;, wobei in ihrer Weigerung, &#8220;health care Selbstbeteiligung&#8221;, sowie, dass &#8220;Es wird keinen R\u00fcckgang in der p\u00e4dagogischen Qualit\u00e4t haben&#8221;.<\/p>\n","protected":false},"excerpt":{"rendered":"<p>LOGRO\u00d1O, 12 (EUROPA PRESS) Der Pr\u00e4sident der Regierung von La Rioja, Pedro Sanz, hat heute Nachmittag, voll von La Rioja Parlament darauf bestanden, wo in La Rioja es wird keine &#8220;health care Selbstbeteiligung&#8221;. Auch mit den allgemeinen Budgets des Staates 2012 f\u00fcr die Region &#8220;erf\u00fcllt&#8221;, sagte, weil &#8220;bleiben Investitionsprojekte und generieren neue Projekte Qualit\u00e4t&#8221;. Die [&hellip;]<\/p>\n","protected":false},"author":1,"featured_media":0,"comment_status":"close","ping_status":"open","sticky":false,"template":"","format":"standard","meta":{"footnotes":""},"categories":[3],"tags":[18656,18657,18655],"class_list":["post-8011","post","type-post","status-publish","format-standard","hentry","category-allgemeine","tag-careselbstbeteiligung","tag-gea","tag-revision","et-doesnt-have-format-content","et_post_format-et-post-format-standard"],"_links":{"self":[{"href":"https:\/\/www.best-dentist-dentistry.com\/de\/wp-json\/wp\/v2\/posts\/8011","targetHints":{"allow":["GET"]}}],"collection":[{"href":"https:\/\/www.best-dentist-dentistry.com\/de\/wp-json\/wp\/v2\/posts"}],"about":[{"href":"https:\/\/www.best-dentist-dentistry.com\/de\/wp-json\/wp\/v2\/types\/post"}],"author":[{"embeddable":true,"href":"https:\/\/www.best-dentist-dentistry.com\/de\/wp-json\/wp\/v2\/users\/1"}],"replies":[{"embeddable":true,"href":"https:\/\/www.best-dentist-dentistry.com\/de\/wp-json\/wp\/v2\/comments?post=8011"}],"version-history":[{"count":0,"href":"https:\/\/www.best-dentist-dentistry.com\/de\/wp-json\/wp\/v2\/posts\/8011\/revisions"}],"wp:attachment":[{"href":"https:\/\/www.best-dentist-dentistry.com\/de\/wp-json\/wp\/v2\/media?parent=8011"}],"wp:term":[{"taxonomy":"category","embeddable":true,"href":"https:\/\/www.best-dentist-dentistry.com\/de\/wp-json\/wp\/v2\/categories?post=8011"},{"taxonomy":"post_tag","embeddable":true,"href":"https:\/\/www.best-dentist-dentistry.com\/de\/wp-json\/wp\/v2\/tags?post=8011"}],"curies":[{"name":"wp","href":"https:\/\/api.w.org\/{rel}","templated":true}]}}