{"id":8038,"date":"2012-06-14T02:32:23","date_gmt":"2012-06-14T02:32:23","guid":{"rendered":null},"modified":"-0001-11-30T00:00:00","modified_gmt":"-0001-11-30T00:00:00","slug":"lula-returned-to-political-activity-after-cancer-treatment","status":"publish","type":"post","link":"https:\/\/www.best-dentist-dentistry.com\/de\/lula-returned-to-political-activity-after-cancer-treatment\/8038","title":{"rendered":"Lula kehrte nach politischen Aktivit\u00e4ten nach Krebsbehandlung"},"content":{"rendered":"<p class=\"first\"> Sao Paulo, 14 Apr (EFE).-der ehemalige brasilianische Pr\u00e4sident Luiz In\u00e1cio Lula da Silva heute wieder mehr politische T\u00e4tigkeit nach Abschluss des letzten Monat eine Behandlung gegen Krebs des Kehlkopfes und erschien \u00f6ffentlich w\u00e4hrend der Einweihung einer technischen Schule in Sao Bernardo Campo, seine politischen Fort\u00edn.<\/p>\n<p>Lula wurde w\u00e4hrend der Veranstaltung f\u00fcr Hunderte von Menschen, die an der Einweihung der Schule, nahm den Namen Regina Rocco, eine Hommage an die Mutter von der Exmandatario dauert jubelten.<\/p>\n<p>Bei der Einweihung teilgenommen, unter anderem, den Minister f\u00fcr Kultur, Ana Holland; Exministra des Tourismus und Senator Marta Suplicy; ehemaliger Minister f\u00fcr Arbeit und B\u00fcrgermeister von Sao Bernardo Do Campo, Luiz Marinho, und ehemaliger Minister f\u00fcr Bildung und Kandidaten f\u00fcr die B\u00fcrgermeister von Sao Paulo, Fernando Hadad, von Lula unterst\u00fctzt.<\/p>\n<p>Sao Bernardo Campo, einer industriellen Gemeinde im Gro\u00dfraum Sao Paulo, wurde die Gewerkschaft und politische Wiege von Lula am Ende der siebziger Jahre und der ehemalige Pr\u00e4sident und seine Familie wohnen in der Stadt.<\/p>\n<p>Exgobernante, 66 Jahre, hatte seine \u00f6ffentlichen Lebens unterziehen Behandlung mit Chemotherapie und Bestrahlung Therapie gegen Krebs, die im Oktober letzten Jahres diagnostiziert wurde unterbrochen.<\/p>\n<p>Am 28. M\u00e4rz, die Sao Paulo syrisch-libanesischen Krankenhaus \u00c4rzte angek\u00fcndigt war insgesamt drei Zentimeter Tumor verschwunden.<\/p>\n","protected":false},"excerpt":{"rendered":"<p>Sao Paulo, 14 Apr (EFE).-der ehemalige brasilianische Pr\u00e4sident Luiz In\u00e1cio Lula da Silva heute wieder mehr politische T\u00e4tigkeit nach Abschluss des letzten Monat eine Behandlung gegen Krebs des Kehlkopfes und erschien \u00f6ffentlich w\u00e4hrend der Einweihung einer technischen Schule in Sao Bernardo Campo, seine politischen Fort\u00edn. Lula wurde w\u00e4hrend der Veranstaltung f\u00fcr Hunderte von Menschen, die [&hellip;]<\/p>\n","protected":false},"author":1,"featured_media":0,"comment_status":"close","ping_status":"open","sticky":false,"template":"","format":"standard","meta":{"footnotes":""},"categories":[3],"tags":[18697,18696],"class_list":["post-8038","post","type-post","status-publish","format-standard","hentry","category-allgemeine","tag-krebsbehandlung","tag-vorauszusagen","et-doesnt-have-format-content","et_post_format-et-post-format-standard"],"_links":{"self":[{"href":"https:\/\/www.best-dentist-dentistry.com\/de\/wp-json\/wp\/v2\/posts\/8038","targetHints":{"allow":["GET"]}}],"collection":[{"href":"https:\/\/www.best-dentist-dentistry.com\/de\/wp-json\/wp\/v2\/posts"}],"about":[{"href":"https:\/\/www.best-dentist-dentistry.com\/de\/wp-json\/wp\/v2\/types\/post"}],"author":[{"embeddable":true,"href":"https:\/\/www.best-dentist-dentistry.com\/de\/wp-json\/wp\/v2\/users\/1"}],"replies":[{"embeddable":true,"href":"https:\/\/www.best-dentist-dentistry.com\/de\/wp-json\/wp\/v2\/comments?post=8038"}],"version-history":[{"count":0,"href":"https:\/\/www.best-dentist-dentistry.com\/de\/wp-json\/wp\/v2\/posts\/8038\/revisions"}],"wp:attachment":[{"href":"https:\/\/www.best-dentist-dentistry.com\/de\/wp-json\/wp\/v2\/media?parent=8038"}],"wp:term":[{"taxonomy":"category","embeddable":true,"href":"https:\/\/www.best-dentist-dentistry.com\/de\/wp-json\/wp\/v2\/categories?post=8038"},{"taxonomy":"post_tag","embeddable":true,"href":"https:\/\/www.best-dentist-dentistry.com\/de\/wp-json\/wp\/v2\/tags?post=8038"}],"curies":[{"name":"wp","href":"https:\/\/api.w.org\/{rel}","templated":true}]}}