{"id":8186,"date":"2012-06-16T02:23:18","date_gmt":"2012-06-16T02:23:18","guid":{"rendered":null},"modified":"-0001-11-30T00:00:00","modified_gmt":"-0001-11-30T00:00:00","slug":"the-pope-supports-it-guarantee-for-all-adequate-access-to-water","status":"publish","type":"post","link":"https:\/\/www.best-dentist-dentistry.com\/de\/the-pope-supports-it-guarantee-for-all-adequate-access-to-water\/8186","title":{"rendered":"the pope supports it guarantee for all adequate access to water"},"content":{"rendered":"<p class=\"first\"> <span class=\"yshortcuts\" id=\"lw_1332076576_0\"> Vatikanstadt<\/span>, 18 M\u00e4r (<span class=\"yshortcuts\" id=\"lw_1332076576_1\"> EFE<\/span>).-<span class=\"yshortcuts\" id=\"lw_1332076576_2\"> Papst Benedikt XVI<\/span> verteidigt die Notwendigkeit, &#8220;f\u00fcr alle&#8221; garantieren eine &#8220;gerechte, sichere und angemessene <span class=\"yshortcuts\"id=\"lw_1332076576_3\"> Wasser&#8221;<\/span> Zugang vor Tausende von Gl\u00e4ubigen str\u00f6mten zu <span class=\"yshortcuts\" id=\"lw_1332076576_4\"> St. Peter&rsquo;s<\/span> Square f\u00fcr den Sonntag Angelus-Gebet.<\/p>\n<p>Der Papst erinnerte daran, dass Samstag in Marseille (<span class=\"yshortcuts\" id=\"lw_1332076576_5\"> Frankreich<\/span>), VI <span class=\"yshortcuts\" id=\"lw_1332076576_6\"> World Forum<\/span> on <span class=\"yshortcuts\" id=\"lw_1332076576_7\"> Wasser<\/span> geschlossen und am kommenden Donnerstag den <span class=\"yshortcuts\" id=\"lw_1332076576_8\"> Welttag<\/span> des Wassers, dass dieses Jahr stattfinden wird setzt den Akzent auf die Beziehung dieser &#8220;wertvolle und begrenzte Ressource mit Ern\u00e4hrungssicherung&#8221;.<\/p>\n<p>Benedikt XVI. \u00e4u\u00dferte die Hoffnung, die diese Initiativen helfen, &#8220;f\u00fcr alle&#8221; gew\u00e4hrleisten eine &#8220;gleich&#8221; Zugang zu Wasser, und dadurch F\u00f6rderung &#8220;der Rechte auf Leben und die Ern\u00e4hrung der Menschen und einer verantwortlich und solidarischen Nutzung aller G\u00fcter der Erde f\u00fcr heutige und zuk\u00fcnftige Generationen&#8221;.<\/p>\n<p>Der Papst auch darauf hingewiesen, dass morgen feierten das Fest des St. Joseph und dankte &#8220;von Herzen&#8221; alle diejenigen, die eine Erinnerung f\u00fcr ihn in ihren gebeten, am Tag seiner Onomastik haben werden.<\/p>\n<p>Auch bat den Gl\u00e4ubigen, da\u00df sie beten f\u00fcr seine Apostolische Reise nach Mexiko und Kuba, die dauert zwischen 23 und 28 March.<\/p>\n<p>Auf der anderen Seite, der Theologe Papst, der daran erinnert, dass heute ist am vierten Sonntag der Fastenzeit, betont, dass jede S\u00fcnden selbst mu\u00df gestehen, so dass die Vergebung Gottes &#8220;in ihrem Herzen und in ihrem Leben&#8221; auswirken kann.<\/p>\n<p>&#8220;Manchmal Mann liebt mehr Dunkelheit als Licht, weil es ihre S\u00fcnden beigemessen wird, aber nur, wenn es zum Licht \u00f6ffnet und gesteht aufrichtig diesen Culpas Sie Gott, ist der wahre Friede und wahre Freude&#8221;, behauptet er. EFE<\/p>\n","protected":false},"excerpt":{"rendered":"<p>Vatikanstadt, 18 M\u00e4r ( EFE).- Papst Benedikt XVI verteidigt die Notwendigkeit, &#8220;f\u00fcr alle&#8221; garantieren eine &#8220;gerechte, sichere und angemessene Wasser&#8221; Zugang vor Tausende von Gl\u00e4ubigen str\u00f6mten zu St. Peter&rsquo;s Square f\u00fcr den Sonntag Angelus-Gebet. Der Papst erinnerte daran, dass Samstag in Marseille ( Frankreich), VI World Forum on Wasser geschlossen und am kommenden Donnerstag den [&hellip;]<\/p>\n","protected":false},"author":1,"featured_media":0,"comment_status":"close","ping_status":"open","sticky":false,"template":"","format":"standard","meta":{"footnotes":""},"categories":[3],"tags":[],"class_list":["post-8186","post","type-post","status-publish","format-standard","hentry","category-allgemeine","et-doesnt-have-format-content","et_post_format-et-post-format-standard"],"_links":{"self":[{"href":"https:\/\/www.best-dentist-dentistry.com\/de\/wp-json\/wp\/v2\/posts\/8186","targetHints":{"allow":["GET"]}}],"collection":[{"href":"https:\/\/www.best-dentist-dentistry.com\/de\/wp-json\/wp\/v2\/posts"}],"about":[{"href":"https:\/\/www.best-dentist-dentistry.com\/de\/wp-json\/wp\/v2\/types\/post"}],"author":[{"embeddable":true,"href":"https:\/\/www.best-dentist-dentistry.com\/de\/wp-json\/wp\/v2\/users\/1"}],"replies":[{"embeddable":true,"href":"https:\/\/www.best-dentist-dentistry.com\/de\/wp-json\/wp\/v2\/comments?post=8186"}],"version-history":[{"count":0,"href":"https:\/\/www.best-dentist-dentistry.com\/de\/wp-json\/wp\/v2\/posts\/8186\/revisions"}],"wp:attachment":[{"href":"https:\/\/www.best-dentist-dentistry.com\/de\/wp-json\/wp\/v2\/media?parent=8186"}],"wp:term":[{"taxonomy":"category","embeddable":true,"href":"https:\/\/www.best-dentist-dentistry.com\/de\/wp-json\/wp\/v2\/categories?post=8186"},{"taxonomy":"post_tag","embeddable":true,"href":"https:\/\/www.best-dentist-dentistry.com\/de\/wp-json\/wp\/v2\/tags?post=8186"}],"curies":[{"name":"wp","href":"https:\/\/api.w.org\/{rel}","templated":true}]}}