{"id":824,"date":"2012-09-22T11:10:44","date_gmt":"2012-09-22T11:10:44","guid":{"rendered":null},"modified":"2012-09-22T11:10:44","modified_gmt":"2012-09-22T11:10:44","slug":"the-basque-government-published-the-innovative-book-la-care-gerontologica-centered-on-the-person-author-teresa-martanez-rodraguez","status":"publish","type":"post","link":"https:\/\/www.best-dentist-dentistry.com\/de\/the-basque-government-published-the-innovative-book-la-care-gerontologica-centered-on-the-person-author-teresa-martanez-rodraguez\/824","title":{"rendered":"Die baskische Regierung hat das innovative Buch ver\u00f6ffentlicht: La Pflege Gerontologica konzentrierte sich auf die Person (Autor, Teresa Mart\u00ednez Rodr\u00edguez)"},"content":{"rendered":"<p><strong>Innovative Buch ist von der baskischen Regierung ver\u00f6ffentlicht: die Aufmerksamkeit konzentrierte sich auf die Person (Autor, Teresa Mart\u00ednez Rodr\u00edguez) Gerontologica<\/strong> <\/p>\n<p><font size=\"2\"> <strong>eine Anleitung f\u00fcr zust\u00e4ndigen institutionellen, Unternehmer aus dem Sektor, Verb\u00e4nden und Fachleute aus Zentren und Pflege f\u00fcr \u00e4ltere Menschen. <br \/><\/strong> <br \/><strong>Spanien, 2011-September<\/strong> Die Fakult\u00e4t f\u00fcr Besch\u00e4ftigung und soziale Angelegenheiten der baskischen Regierung &#8211; in Zusammenarbeit mit der Gruppe-Mat\u00eda &#8211; wurde in der Auflistung Gizartea Hobetuz, Sozialf\u00fcrsorge, die Arbeit-Dokumente bearbeitet &#8220;Gerontologie Person-zentrierten Pflege: Leitfaden f\u00fcr professionelle Intervention in Schulen und Pflege Dienstleistungen f\u00fcr \u00e4ltere Menschen in Situationen der Fragilit\u00e4t oder Einheit&#8221;, der anerkannte Experte in sozialen Gerontologie, Teresa Mart\u00ednez Rodr\u00edguez Psychologe <\/p>\n<p> entscheiden sich f\u00fcr ein Modell der Versorgung &#8211; eindeutiges Bekenntnis der baskischen Regierung &#8211; zentriert bedeutet, eine Hauptrolle in der Selbstbestimmung des Volkes Benutzern zu geben. Von diesem Modell ist das Zentrum der Aufmerksamkeit, und damit die Prozesse Organisation und Unterst\u00fctzung jeder Person und ihre Life-Projekte. <\/p>\n<p>Die Achtung der w\u00fcrde des Menschen als Wesen einzigartig, ihre Rechte, Vorlieben und die Aus\u00fcbung der pers\u00f6nlichen Wohlbefinden unverzichtbar in der \u00f6stlichen Werte-Modell der Versorgung, auch in F\u00e4llen, wo es ein betr\u00e4chtliches Ma\u00df an kognitive Beeintr\u00e4chtigung. Jedoch die Umsetzung dieser Grunds\u00e4tze in den Tag zu Tag Dienste und Zentren, zahlreiche Unternehmensstandards, Arbeitsbedingungen und Gesundheitswesen Routinen gelegentlich in der Regel bleiben ausstehende oder erhebliche Schwierigkeiten auftreten. Dies erfordert, Sensibilisierung und Ausbildung, sowie entwickeln neue professionelle Rollen, einige Organisationssysteme und entwerfen Interventionen gem\u00e4\u00df dieser neuen Look. <\/p>\n<p>Dies ist der Grund, an der Fakult\u00e4t f\u00fcr Besch\u00e4ftigung und soziale Angelegenheiten der baskischen Regierung &#8211; in Zusammenarbeit mit der Gruppe Mat\u00eda bearbeiten die-das Handbuch mit dem Titel der Aufmerksamkeit konzentrierte sich auf die Person Gerontologica: die Notwendigkeit, dieses Modell zu konzipieren sowie die methodische Grundlage seiner Anwendung in Wohlbefinden und Pflegedienste f\u00fcr \u00e4ltere Menschen in Situationen der Fragilit\u00e4t oder Einheit. <\/p>\n<p>Sein Autor, Teresa Mart\u00ednez Rodr\u00edguez, ist ein anerkannter Experte in sozialen Gerontologie, die kombiniert Berufserfahrung in Intervention und bei der Planung der Sozialpolitik, Lehr- und Erstellen von Publikationen mit Bezug auf die angewandte Gerontologie. <\/p>\n<p>(En_esta_gu\u00eda, _se_exponen_cinco_asuntos_importantes_para_el_desarrollo_de_este_modelo_en_los_centros_y_servicios_de_atenci\u00f3n_a_personas_mayores:_A) personalisierte Aufmerksamkeit von der F\u00f6rderung der Selbstbestimmung und Unabh\u00e4ngigkeit, b) intime, Privat und vertraulich; (c) Ja, Cotidiano, bedeutende; ((d) Familien und und) die organisatorischen und professionellen. F\u00fcr jede dieser Fragen werden sowohl die Ideen und Schl\u00fcsselwerte und Strategien der Intervention und Instrumente zu deren Umsetzung vorgestellt. Dar\u00fcber hinaus behandelt die wichtigsten Risiken, die aus der Routine des Tages zu Tag, die Gruppen des Modells f\u00fchren kann. <\/p>\n<p>Sollte es die Bildungs- und angewandte Natur dieses Dokuments festgestellt. Eine neuartige und n\u00fctzliches Werkzeug, mit dem Profis, Manager und F\u00fchrungskr\u00e4fte im Bereich der \u00f6ffentlichen Gesundheit (H\u00e4user, Tagesst\u00e4tten, Unterst\u00fctzung Dienstleistungen), kann die Fortschritte bei der Umsetzung eines Pflege-Modells konzentrierte sich auf Personen in allt\u00e4glichen Kontexten der Intervention. <\/p>\n<p>Zitieren Worte der Pr\u00e4sentation des Titels der Emma Zabaleta Areta, Minister f\u00fcr Besch\u00e4ftigung und soziale Angelegenheiten der baskischen Regierung. &#8220;Ich bin sicher, dass der Leitfaden ein gro\u00dfes Dienstprogramm auf diesem Weg voranzukommen.&#8221; Es ist nicht leicht mit Tools kommen, die die Realisierung der Modelle der Pflege in jeden Tag zu erleichtern. Und noch weniger, so dass diese nicht als blo\u00dfe &#8220;Kochen&#8221; geraten. Ich glaube, dass dieses Dokument im enthalten ist. Da Tempo der in einer klaren und synthetische Basen und wichtigsten Ideen des Modells der Gerontologie Person-zentrierten Pflege, Displays und vorgeschlagenen methodische Elemente von gro\u00dfem Wert, seine Umsetzung zu erleichtern. &#8220;Da, dar\u00fcber hinaus, sich als ein offener Prozess, l\u00e4dt das Engagement und die Einbindung der technischen Teams und F\u00fchrer der Dienste&#8221;. <\/p>\n<p>Weiterhin der Berater in Ihrer Pr\u00e4sentation. &#8220;bleibt nur f\u00fcr mich zu ermutigen, institutionellen Entscheidungstr\u00e4ger, Unternehmer, assoziative und professionelle Bewegung, die Tag f\u00fcr Tag unterst\u00fctzen und verbessern die Lebensqualit\u00e4t \u00e4lterer Menschen, um ihre eigenen was diese Arbeit&#8221;. <\/p>\n<p>Er schlie\u00dft die Einf\u00fchrung von Besch\u00e4ftigung und Soziales der baskischen Executive Stadtrat. &#8220;Dies ist ein Handbuch, Spiegelung, generieren soll f\u00fchren und die Lebensqualit\u00e4t der Pflege-Prozesse, das Verst\u00e4ndnis dieses von der Verbesserung der Lebensqualit\u00e4t der Menschen Benutzer.&#8221; &#8220;Wenn diese Ziele erf\u00fcllt sind, wird es Wert sein&#8221;. <\/p>\n<p><strong>Informationen \u00fcber Publikation: <br \/><\/strong> <br \/>Autor: Mart\u00ednez Rodr\u00edguez, Teresa <br \/> ISBN: 978-84-457-3157-4 <\/p>\n<p> zur Verf\u00fcgung hier. <\/p>\n<p> <strong>kurze Zusammenfassung des Autors<\/strong> <\/p>\n<p> wurde in Huesca geboren und lebt in Oviedo. Studium der Psychologie an der Complutenses Universit\u00e4t in Madrid und Diplom in Gerontologie Social von der SEGG. Es ist Teil des wissenschaftlichen Beirats f\u00fcr GIIG (Gruppe iberoamerikanischen interdisziplin\u00e4re Gerontologie). Er hat 23 Jahre im Sektor und umfassende Touristiker. Er arbeitete 12 Jahre direkte Betreuung in geriatrischen und weitere zehn Jahre hat er Positionen im Ministerium f\u00fcr Soziales der Regierung von Asturien: Chief Planung von \u00e4lteren Menschen und Behinderung; Generaldirektor der Planung und Qualit\u00e4t. Referent bei nationalen und internationalen Kongressen. Professor, Master und Aufbaustudium an verschiedenen spanischen Universit\u00e4ten. Er arbeitete auch als Lehrer und Berater in Lateinamerika mit den IMSERSO, der Autonomen Universit\u00e4t von Madrid, mit der AECI (spanischen Agentur der Zusammenarbeit mit Lateinamerika f\u00fcr Entwicklung) und mit der CEPAL (Vereinte Nationen). Sie ist Autorin von Publikationen, technische Dokumente und Artikel. Seine letzten Ver\u00f6ffentlichungen im Bereich der angewandten Gerontologie, finden Sie unter Bew\u00e4hrte Methoden in der Pflege f\u00fcr die Einheit; Entwicklung von Diensten in l\u00e4ndlichen Gebieten; Kindertagesst\u00e4tten; Speicher und Erinnerung; Person-zentrierten Gerontologie Pflege Anleitung. Alle von ihnen gelten als n\u00fctzlich, um dienen als Referenz bei der Verbesserung der Qualit\u00e4t der Pflege f\u00fcr \u00e4ltere Menschen in Spanien und Lateinamerika. <\/p>\n<p>Derzeit arbeitet er in den Dienst der Qualit\u00e4t und der Inspektion des Ministeriums f\u00fcr Soziales und Gleichstellung von Asturien. <\/p>\n<p><\/font><\/p>\n","protected":false},"excerpt":{"rendered":"<p>Innovative Buch ist von der baskischen Regierung ver\u00f6ffentlicht: die Aufmerksamkeit konzentrierte sich auf die Person (Autor, Teresa Mart\u00ednez Rodr\u00edguez) Gerontologica eine Anleitung f\u00fcr zust\u00e4ndigen institutionellen, Unternehmer aus dem Sektor, Verb\u00e4nden und Fachleute aus Zentren und Pflege f\u00fcr \u00e4ltere Menschen. Spanien, 2011-September Die Fakult\u00e4t f\u00fcr Besch\u00e4ftigung und soziale Angelegenheiten der baskischen Regierung &#8211; in Zusammenarbeit mit [&hellip;]<\/p>\n","protected":false},"author":1,"featured_media":0,"comment_status":"close","ping_status":"open","sticky":false,"template":"","format":"standard","meta":{"footnotes":""},"categories":[3],"tags":[4075,4072,4073,4074,4076],"class_list":["post-824","post","type-post","status-publish","format-standard","hentry","category-allgemeine","tag-autor","tag-beckenboden","tag-gerontologica","tag-konzentrierte","tag-rodrguez","et-doesnt-have-format-content","et_post_format-et-post-format-standard"],"_links":{"self":[{"href":"https:\/\/www.best-dentist-dentistry.com\/de\/wp-json\/wp\/v2\/posts\/824","targetHints":{"allow":["GET"]}}],"collection":[{"href":"https:\/\/www.best-dentist-dentistry.com\/de\/wp-json\/wp\/v2\/posts"}],"about":[{"href":"https:\/\/www.best-dentist-dentistry.com\/de\/wp-json\/wp\/v2\/types\/post"}],"author":[{"embeddable":true,"href":"https:\/\/www.best-dentist-dentistry.com\/de\/wp-json\/wp\/v2\/users\/1"}],"replies":[{"embeddable":true,"href":"https:\/\/www.best-dentist-dentistry.com\/de\/wp-json\/wp\/v2\/comments?post=824"}],"version-history":[{"count":0,"href":"https:\/\/www.best-dentist-dentistry.com\/de\/wp-json\/wp\/v2\/posts\/824\/revisions"}],"wp:attachment":[{"href":"https:\/\/www.best-dentist-dentistry.com\/de\/wp-json\/wp\/v2\/media?parent=824"}],"wp:term":[{"taxonomy":"category","embeddable":true,"href":"https:\/\/www.best-dentist-dentistry.com\/de\/wp-json\/wp\/v2\/categories?post=824"},{"taxonomy":"post_tag","embeddable":true,"href":"https:\/\/www.best-dentist-dentistry.com\/de\/wp-json\/wp\/v2\/tags?post=824"}],"curies":[{"name":"wp","href":"https:\/\/api.w.org\/{rel}","templated":true}]}}