{"id":828,"date":"2012-11-22T11:08:05","date_gmt":"2012-11-22T11:08:05","guid":{"rendered":null},"modified":"2012-11-22T11:08:05","modified_gmt":"2012-11-22T11:08:05","slug":"more-than-150-professionals-of-all-spain-will-meet-the-iii-conference-on-schizophrenia","status":"publish","type":"post","link":"https:\/\/www.best-dentist-dentistry.com\/de\/more-than-150-professionals-of-all-spain-will-meet-the-iii-conference-on-schizophrenia\/828","title":{"rendered":"Mehr als 150 wird alle Spanien der III Konferenz \u00fcber Schizophrenie entsprechen."},"content":{"rendered":"<p><strong>Mehr als 150 Fachleute der III-Konferenz \u00fcber Schizophrenie. erf\u00fcllt alle Spanien <\/p>\n<p><font size=\"2\"> findet 21. Oktober auf dem Centre Hospitalier Benito Menni de Valladolid.<\/strong><font size=\"2\"> <\/p>\n<p>-Unter dem Thema der  Aspekte psychosoziale &#8221; Schizophrenie, werden gemeinsam Probleme und Fortschritte in der Forschung in eine Krankheit, die fast eine halbe million Menschen in Spanien betrifft <\/p>\n<p>-m\u00fcssen als Projekt IDEFIX, Therapie mit Hunden als wesentliche Rolle neue Therapien, der wie Pionier, wird in der San-Luis-Krankenhaus-Komplex von Palencia entwickelt <\/p>\n<p>-ist best\u00e4tigt dem Vorhandensein der wichtigsten Forscher auf Fragen der Schizophrenie und die Genesung der Patienten f\u00fcr ein Leben in der Gesellschaft wie m\u00f6glich standardisiert <\/p>\n<p>-Schwestern-Krankenhaus ist eine gemeinn\u00fctzige, die derzeit drei Zentren in Kastilien -Le\u00f3n, Spanien: CH San Luis Palencia, CH Benito Menni von Valladolid und CA Nuestra Se\u00f1ora de Las Mercedes in Burgos <\/p>\n<p> <strong>Valladolid, September 2011 &#8211;<\/strong> Krankenhaus Benito Menni Valladolid Zentrum Gastgeber der III National Conference on Schizophrenie am 21. Mehr als 150 Fachleute aus ganz Spanien, f\u00fcr verschiedene Aspekte der Geisteskrankheit, als auch Fortschritte treffen sich in Behandlung. <\/p>\n<p>  Mit diesen Tagen wieder die gro\u00dfe Herausforderung die gesellschaftliche Akzeptanz der betroffenen der Schizophrenie, die ihre pers\u00f6nliche Entwicklung besitzen, mit dem Ziel der Beseitigung der sozialen Stigmatisierung zu verbessern. In diesen Tagen, untersuchen die neuesten Fortschritte in der Behandlung von Schizophrenie, eine Krankheit betrifft, die bereits 460.000 Menschen in Spanien und die Wissenschaft kennt noch nicht in die Tiefe &#8221; betont Rub\u00e9n De La Fuente, Gesch\u00e4ftsf\u00fchrer der Zentren der Krankenhaus-Schwestern in Castilla y Le\u00f3n in den Tagen, wird sein besonderes Augenmerk auf die Fortschritte in der Forschung sowie die Ergebnisse der innovative Behandlungen wie Pionierprojekt IDEFIX, Therapie-Hunde, die komplexe de San Lu\u00eds de Palencia entwickelt. <\/p>\n<p>Diese Sitzungen werden von der Fundaci\u00f3n Mar\u00eda Josefa Recio, Non-Profit Institution gesponsert deren Ziel es ist, zu helfen, die Interessen von Menschen mit geistigen Behinderungen oder psychischen Erkrankungen durch den Schutz von Menschen mit Behinderungen und die Entwicklung der Projekte in Forschung und Lehre. <\/p>\n<p><strong>Profil anzeigen: die Krankenhaus-Schwestern<\/strong> <\/p>\n<p>Die Kongregation der Schwestern Krankenhaus behandelte mehr als 16.000 Menschen in Kastilien -Le\u00f3n, Spanien seit 1989, abh\u00e4ngiger von F\u00e4llen in allen Bereichen der Geisteskrankheit, Demenz, \u00e4ltere Menschen, geistiger Behinderung und Rehabilitation. <\/p>\n<p>In unserem Land, die Krankenhaus-Schwestern haben 28 Zentren verteilt in elf autonomen Regionen: Galicien, Asturien, Cantabria, Baskenland, Kastilien und Le\u00f3n, Madrid, Aragon, Katalonien, Valencia, Andalusien und Kanarische Inseln. <\/p>\n<p>W\u00e4hrend seiner Existenz Jahrhunderten haben die Krankenhaus-Schwestern auf 27 L\u00e4nder in Europa, Amerika, Afrika und Asien, erweitert bietet mehr als 20.000 Pl\u00e4tze f\u00fcr die Betreuung von Menschen mit psychischen Erkrankungen und\/oder Pathologie. <\/p>\n<p><strong>Schizophrenie-Tag<\/strong> <\/p>\n<p>(Centre Hospitalier Benito Menni, p \u00ba Juan Carlos I, n \u00ba 10 &#8211; Valladolid) <br \/>Programm <br \/> 09:00 bis 09:30 Empfang Teilnehmer, Akkreditierung und Lieferung Dokumentation. <br \/>09:30 bis 10:00 \u00d6ffnung. <br \/>10:00 bis 11:00 Keynote: &#8220;Behandlungen psychosoziale: etwas mehr als eine Hoffnung &#8221; <br \/> Dr. Fermin Mayoral Cleries <br \/> 11:00 bis 11:30 Runden Tisch:  Sanierung interdisziplin\u00e4re in Schizophrenie psychosoziale &#8221; <br \/>&#8221; Nutzen neuer Technologien und Verfahren in der Rehabilitation und <br \/> Wiederherstellung der Person mit Enf. &#8220;&#8221; Geistige &#8221; &#8220;<br \/> Dr. Manuel A. Franco Mart\u00edn <br \/>  Rehabilitation bei Patienten mit feuerfesten Schizophrenie psychosoziale &#8221; <br \/> MS Amaya Ortiz de Zarate Augustine <br \/> 11:30 bis 13:30&#8243;Psychologischen Techniken f\u00fcr Schizophrenie psychosocial Rehabilitation&#8221;<br \/> D. Alejandro Florit Robles <br \/> 16:30, 18:10-Podiumsdiskussion:&#8221;Neue Trends in der Schizophrenie psychosozialer Intervention&#8221;<br \/> 16:30, 16:40  Einsch\u00e4tzung der funktionellen Erholung bei Patienten mit Schizophrenie &#8221; <br \/> Dr.&#8221; Jesus j. Martin G\u00e1ndara <br \/> 16:40-16:50  Hyperprolaktin\u00e4mie von Antipsychotika: ist klinisch relevant? &#8221; <br \/> Dr. \u00c1ngel Luis Montejo Gonz\u00e1lez <br \/> 16:50, 17:00  Therapie der Schizophrenie-Personal &#8221; <br \/> Dr. Francisco des Elm Romero-Nieva <br \/> 17:00, 17:10  Wirkungen eines kognitiven Rehabilitation-Programms: neurokognitiven Studie &#8221; <br \/> Dr. Jesus j. Gomar So\u00f1es <br \/> 17:10-17:20 &#8220;Icaro-Studie bei Patienten mit Neuroleptika behandelt, zum ersten Mal: Eigenschaften <br \/> und Perspektiven &#8221; <br \/> DRA.&#8221; Natalia Jimeno Bulnes <br \/> 17:20, 17:30  industriellen Aspekten in die Sanierung von Psychosen &#8221; <br \/> Dr. Ricardo Martinez Gallardo <br \/> 17:30, 17:40  Intervention im Grab psychischen St\u00f6rung Perspektive Contextual &#8211; <br \/> funktionalen &#8221; <br \/> D. Carlos Francisco Salgado Pascual <br \/> 17:40-17:50 Projekt IDEFIX. Therapie unterst\u00fctzt von Hunden <br \/> d schwarz Emilio Gonz\u00e1lez <br \/> 17:50-18:00  Bewertung des Ausma\u00dfes der Abh\u00e4ngigkeit aufgrund der psychischen Krankheit &#8221; <br \/> Frau Teresa Orihuela Villameriel <br \/> 18:00, 18:10  Anwendung der neuen Technologien &#8221; <br \/> D. Jaime G\u00f3mez Garc\u00eda-Bermejo <br \/> 18:30 bis 19:30 Abschlusskonferenz:  Untersuchung auf Schizophrenie in Spanien &#8221; <br \/> Dr. Benedikt Crespo-Facorro <br \/> 19:30-19:50 Schlussfolgerungen und schlie\u00dfen <\/p>\n<p><\/font><\/font><\/p>\n","protected":false},"excerpt":{"rendered":"<p>Mehr als 150 Fachleute der III-Konferenz \u00fcber Schizophrenie. erf\u00fcllt alle Spanien findet 21. Oktober auf dem Centre Hospitalier Benito Menni de Valladolid. -Unter dem Thema der Aspekte psychosoziale &#8221; Schizophrenie, werden gemeinsam Probleme und Fortschritte in der Forschung in eine Krankheit, die fast eine halbe million Menschen in Spanien betrifft -m\u00fcssen als Projekt IDEFIX, Therapie [&hellip;]<\/p>\n","protected":false},"author":1,"featured_media":0,"comment_status":"close","ping_status":"open","sticky":false,"template":"","format":"standard","meta":{"footnotes":""},"categories":[3],"tags":[4102,4100,4097,4094,4098,4101,4095,4103,4096,4099,4104],"class_list":{"0":"post-828","1":"post","2":"type-post","3":"status-publish","4":"format-standard","5":"hentry","6":"category-allgemeine","7":"tag-benito","8":"tag-centre","9":"tag-entsprechen","10":"tag-erwachsenen","11":"tag-ganz","12":"tag-hospitalier","13":"tag-iii-konferenz","14":"tag-menni","15":"tag-schizophrenie","17":"tag-stattfinden","18":"et-doesnt-have-format-content","19":"et_post_format-et-post-format-standard"},"_links":{"self":[{"href":"https:\/\/www.best-dentist-dentistry.com\/de\/wp-json\/wp\/v2\/posts\/828","targetHints":{"allow":["GET"]}}],"collection":[{"href":"https:\/\/www.best-dentist-dentistry.com\/de\/wp-json\/wp\/v2\/posts"}],"about":[{"href":"https:\/\/www.best-dentist-dentistry.com\/de\/wp-json\/wp\/v2\/types\/post"}],"author":[{"embeddable":true,"href":"https:\/\/www.best-dentist-dentistry.com\/de\/wp-json\/wp\/v2\/users\/1"}],"replies":[{"embeddable":true,"href":"https:\/\/www.best-dentist-dentistry.com\/de\/wp-json\/wp\/v2\/comments?post=828"}],"version-history":[{"count":0,"href":"https:\/\/www.best-dentist-dentistry.com\/de\/wp-json\/wp\/v2\/posts\/828\/revisions"}],"wp:attachment":[{"href":"https:\/\/www.best-dentist-dentistry.com\/de\/wp-json\/wp\/v2\/media?parent=828"}],"wp:term":[{"taxonomy":"category","embeddable":true,"href":"https:\/\/www.best-dentist-dentistry.com\/de\/wp-json\/wp\/v2\/categories?post=828"},{"taxonomy":"post_tag","embeddable":true,"href":"https:\/\/www.best-dentist-dentistry.com\/de\/wp-json\/wp\/v2\/tags?post=828"}],"curies":[{"name":"wp","href":"https:\/\/api.w.org\/{rel}","templated":true}]}}