{"id":8294,"date":"2012-06-20T02:39:23","date_gmt":"2012-06-20T02:39:23","guid":{"rendered":null},"modified":"-0001-11-30T00:00:00","modified_gmt":"-0001-11-30T00:00:00","slug":"venezuelan-chavez-shown-in-public-for-the-first-since-april","status":"publish","type":"post","link":"https:\/\/www.best-dentist-dentistry.com\/de\/venezuelan-chavez-shown-in-public-for-the-first-since-april\/8294","title":{"rendered":"Venezolanische Chavez gezeigt in der \u00d6ffentlichkeit erstmals seit April"},"content":{"rendered":"<p class=\"first\"> <span class=\"yshortcuts\" id=\"lw_1338662049_1\"> CARACAS<\/span> (Reuters) &#8211; <span class=\"yshortcuts\" id=\"lw_1338662049_5\"> Venezolanischen Pr\u00e4sidenten<\/span> <span class=\"yshortcuts\" id=\"lw_1338662049_0\"> Hugo Ch\u00e1vez<\/span>, die gegen Krebs behandelt wird, zeigte in der \u00d6ffentlichkeit Samstag zum ersten Mal seit April nach einem Treffen mit einer Delegation der belarussischen Regierung.<\/p>\n<p>Chavez hatte Auftritte im Fernsehen die Tagungen der Minister lief sitzen, aber die Presse hatte keinen Zugang.<\/p>\n<p>Abwesenheiten von \u00f6ffentlichen von Ch\u00e1vez, wer die Informationen \u00fcber seine Krankheit geheim gehalten hat neigen dazu, alle Arten von Spekulationen in Venezuela aufwachen<\/p>\n<p>In the Act trug d\u00fcnne, unterrichteten Fernglas, das gab ihm die Wei\u00dfrussen und verk\u00fcndete Pl\u00e4ne, die im Gange sind.<\/p>\n<p>Der Vertreter der 57 Jahre, hatte erwartet, dass es ihre Erscheinungen zu erholen, seine Gesundheit und die Kampagne f\u00fcr den 7. Oktober-Wahlen, die Wiederwahl wird, abnehmen wird<\/p>\n<p>(Bericht von Deisy Buitrago, geschrieben von Mario Naranjo)<\/p>\n","protected":false},"excerpt":{"rendered":"<p>CARACAS (Reuters) &#8211; Venezolanischen Pr\u00e4sidenten Hugo Ch\u00e1vez, die gegen Krebs behandelt wird, zeigte in der \u00d6ffentlichkeit Samstag zum ersten Mal seit April nach einem Treffen mit einer Delegation der belarussischen Regierung. Chavez hatte Auftritte im Fernsehen die Tagungen der Minister lief sitzen, aber die Presse hatte keinen Zugang. Abwesenheiten von \u00f6ffentlichen von Ch\u00e1vez, wer die [&hellip;]<\/p>\n","protected":false},"author":1,"featured_media":0,"comment_status":"close","ping_status":"open","sticky":false,"template":"","format":"standard","meta":{"footnotes":""},"categories":[3],"tags":[18936,18935],"class_list":["post-8294","post","type-post","status-publish","format-standard","hentry","category-allgemeine","tag-erstmals","tag-voladores","et-doesnt-have-format-content","et_post_format-et-post-format-standard"],"_links":{"self":[{"href":"https:\/\/www.best-dentist-dentistry.com\/de\/wp-json\/wp\/v2\/posts\/8294","targetHints":{"allow":["GET"]}}],"collection":[{"href":"https:\/\/www.best-dentist-dentistry.com\/de\/wp-json\/wp\/v2\/posts"}],"about":[{"href":"https:\/\/www.best-dentist-dentistry.com\/de\/wp-json\/wp\/v2\/types\/post"}],"author":[{"embeddable":true,"href":"https:\/\/www.best-dentist-dentistry.com\/de\/wp-json\/wp\/v2\/users\/1"}],"replies":[{"embeddable":true,"href":"https:\/\/www.best-dentist-dentistry.com\/de\/wp-json\/wp\/v2\/comments?post=8294"}],"version-history":[{"count":0,"href":"https:\/\/www.best-dentist-dentistry.com\/de\/wp-json\/wp\/v2\/posts\/8294\/revisions"}],"wp:attachment":[{"href":"https:\/\/www.best-dentist-dentistry.com\/de\/wp-json\/wp\/v2\/media?parent=8294"}],"wp:term":[{"taxonomy":"category","embeddable":true,"href":"https:\/\/www.best-dentist-dentistry.com\/de\/wp-json\/wp\/v2\/categories?post=8294"},{"taxonomy":"post_tag","embeddable":true,"href":"https:\/\/www.best-dentist-dentistry.com\/de\/wp-json\/wp\/v2\/tags?post=8294"}],"curies":[{"name":"wp","href":"https:\/\/api.w.org\/{rel}","templated":true}]}}